{"id":143320,"date":"2025-10-14T09:15:00","date_gmt":"2025-10-14T14:15:00","guid":{"rendered":"https:\/\/www.villaeducativa.edu.mx\/newspaper\/?p=143320"},"modified":"2025-10-14T11:43:50","modified_gmt":"2025-10-14T16:43:50","slug":"individual-meetings-in-nursery-are-coming-up","status":"publish","type":"post","link":"https:\/\/www.villaeducativa.edu.mx\/newspaper\/?p=143320","title":{"rendered":"Individual Meetings in Nursery Are Coming Up!"},"content":{"rendered":"\n<p><em>\u00a0A special time to talk about your child\u2019s adaptation process.<\/em><\/p>\n\n\n\n<p>Dear Nursery Families,<\/p>\n\n\n\n<p>We would like to inform you that our individual meetings with each family will be taking place in the coming days. These meetings are a valuable opportunity to talk about how your child has been adjusting during these first weeks in Nursery.<\/p>\n\n\n\n<p>We will share with you our observations regarding how your little one has felt in this new stage, their progress, interests, challenges, and everything we\u2019ve been learning about them during this important period of adaptation.<\/p>\n\n\n\n<p>The meetings will be held virtually, and all the necessary information (date, time, and meeting link) will be sent via your child\u2019s institutional email account. Please make sure to check your inbox so you can confirm your attendance.<\/p>\n\n\n\n<p>We truly appreciate your continued support and involvement as we work together for the well-being and development of your child.<\/p>\n\n\n\n<hr class=\"wp-block-separator\"\/>\n\n\n\n<p><strong>\u00a1Se acercan las juntas individuales en Nursery!<\/strong><br><em>&nbsp;Un espacio para hablar sobre el proceso de adaptaci\u00f3n de sus hijos e hijas.<\/em><\/p>\n\n\n\n<p><em>Estimadas familias de Nursery:<\/em><\/p>\n\n\n\n<p><em>Les informamos que en los pr\u00f3ximos d\u00edas daremos inicio a las juntas individuales, un valioso espacio en el que podremos conversar con cada familia sobre el proceso de adaptaci\u00f3n que hemos observado en sus hijos e hijas durante estas primeras semanas en Happy Nursery.<\/em><\/p>\n\n\n\n<p><em>Estas reuniones nos permitir\u00e1n compartir con ustedes c\u00f3mo se han sentido los ni\u00f1os y ni\u00f1as en esta nueva etapa, sus avances, intereses, desaf\u00edos y todo lo que hemos ido descubriendo en este tiempo de in<\/em>icio.<\/p>\n\n\n\n<p><em>Las juntas se realizar\u00e1n de forma virtual, y toda la informaci\u00f3n necesaria (fecha, hora y enlace de conexi\u00f3n) ser\u00e1 enviada por correo electr\u00f3nico, a trav\u00e9s del correo institucional de sus hijos\/as. Les pedimos estar atentos a su bandeja de entrada para poder confirmar su participaci\u00f3<\/em>n.<\/p>\n\n\n\n<p><em>Agradecemos desde ya su acompa\u00f1amiento y compromiso en este camino conjunto por el bienestar y desarrollo de sus peque\u00f1os.<\/em><\/p>\n\n\n\n<p><span class=\"has-inline-color has-vivid-cyan-blue-color\"><strong>Yustine Sandoval<\/strong><br><em>Happy Nursery Coordinator<\/em><\/span><\/p>\n","protected":false},"excerpt":{"rendered":"<p>\u00a0A special time to talk about your child\u2019s adaptation process. Dear Nursery Families, We would like to inform you that our individual meetings with each family will be taking place in the coming days. These meetings are a valuable opportunity to talk about how your child has been adjusting during&hellip; <\/p>\n","protected":false},"author":2,"featured_media":143321,"comment_status":"closed","ping_status":"closed","sticky":false,"template":"","format":"standard","meta":{"ngg_post_thumbnail":0},"categories":[71],"tags":[],"_links":{"self":[{"href":"https:\/\/www.villaeducativa.edu.mx\/newspaper\/index.php?rest_route=\/wp\/v2\/posts\/143320"}],"collection":[{"href":"https:\/\/www.villaeducativa.edu.mx\/newspaper\/index.php?rest_route=\/wp\/v2\/posts"}],"about":[{"href":"https:\/\/www.villaeducativa.edu.mx\/newspaper\/index.php?rest_route=\/wp\/v2\/types\/post"}],"author":[{"embeddable":true,"href":"https:\/\/www.villaeducativa.edu.mx\/newspaper\/index.php?rest_route=\/wp\/v2\/users\/2"}],"replies":[{"embeddable":true,"href":"https:\/\/www.villaeducativa.edu.mx\/newspaper\/index.php?rest_route=%2Fwp%2Fv2%2Fcomments&post=143320"}],"version-history":[{"count":1,"href":"https:\/\/www.villaeducativa.edu.mx\/newspaper\/index.php?rest_route=\/wp\/v2\/posts\/143320\/revisions"}],"predecessor-version":[{"id":143322,"href":"https:\/\/www.villaeducativa.edu.mx\/newspaper\/index.php?rest_route=\/wp\/v2\/posts\/143320\/revisions\/143322"}],"wp:featuredmedia":[{"embeddable":true,"href":"https:\/\/www.villaeducativa.edu.mx\/newspaper\/index.php?rest_route=\/wp\/v2\/media\/143321"}],"wp:attachment":[{"href":"https:\/\/www.villaeducativa.edu.mx\/newspaper\/index.php?rest_route=%2Fwp%2Fv2%2Fmedia&parent=143320"}],"wp:term":[{"taxonomy":"category","embeddable":true,"href":"https:\/\/www.villaeducativa.edu.mx\/newspaper\/index.php?rest_route=%2Fwp%2Fv2%2Fcategories&post=143320"},{"taxonomy":"post_tag","embeddable":true,"href":"https:\/\/www.villaeducativa.edu.mx\/newspaper\/index.php?rest_route=%2Fwp%2Fv2%2Ftags&post=143320"}],"curies":[{"name":"wp","href":"https:\/\/api.w.org\/{rel}","templated":true}]}}