{"id":142721,"date":"2025-10-07T09:05:14","date_gmt":"2025-10-07T14:05:14","guid":{"rendered":"https:\/\/www.villaeducativa.edu.mx\/newspaper\/?p=142721"},"modified":"2025-11-13T08:56:01","modified_gmt":"2025-11-13T14:56:01","slug":"lets-sing-together","status":"publish","type":"post","link":"https:\/\/www.villaeducativa.edu.mx\/newspaper\/?p=142721","title":{"rendered":"Let\u2019s Sing Together!"},"content":{"rendered":"\n<p><strong>A special invitation to our First Sing-Along of the school year<\/strong>.<\/p>\n\n\n\n<p>Every morning, our children start the day with joy, rhythm, and songs that fill the Nursery with energy. Singing not only sparks creativity but also helps build confidence, language skills, and a strong sense of community.<\/p>\n\n\n\n<p>We would love for you to be part of this beautiful routine, so we\u2019re inviting you to join us for our<strong> First Sing-Along<\/strong> of the year. <\/p>\n\n\n\n<p>It will be a special moment to share, laugh, sing (and maybe even dance!) alongside your children and our teaching team.<\/p>\n\n\n\n<p><strong>Date:<\/strong> Monday, October 27<br><strong>Times:<\/strong><em>1:35 p.m. and 2:55 p.m.<\/em> <em>(The time will depend on your program\u2019s time)<\/em><br><strong>Estimated duration:<\/strong> 10 minutes<\/p>\n\n\n\n<p>Don\u2019t miss it! Your presence will make this experience even more meaningful for the kids.<br>We\u2019re looking forward to seeing you there!<\/p>\n\n\n\n<hr class=\"wp-block-separator\"\/>\n\n\n\n<p><em><strong>\u00a1A cantar en familia! <br>Invitaci\u00f3n especial al primer Sing-Along del ciclo escolar<\/strong><br>Cada ma\u00f1ana, nuestros ni\u00f1os comienzan el d\u00eda con alegr\u00eda, ritmo y canciones que llenan de energ\u00eda los pasillos de la escuela. El canto no solo despierta la creatividad, sino que tambi\u00e9n fortalece la confianza, el lenguaje y el sentido de comunidad.<\/em><\/p>\n\n\n\n<p><em>Queremos compartir con ustedes esta hermosa rutina, por eso los invitamos a acompa\u00f1arnos en nuestro primer<strong> Sing-Along <\/strong>del a\u00f1o.<\/em><\/p>\n\n\n\n<p><em>Ser\u00e1 un momento especial para compartir, re\u00edr, cantar (\u00a1y por qu\u00e9 no, bailar!) junto a sus hijos y con el equipo docente<\/em>.<\/p>\n\n\n\n<p><em><strong>D\u00eda:<\/strong> Lunes 27 de octubre<br><strong>Horarios: <\/strong>1:35 p.m. y 2:55 p.m. (el horario depender\u00e1 de la hora de salida de tu programa).<br><strong>Tiempo estimado de la actividad: <\/strong>10 min<\/em><\/p>\n\n\n\n<p><strong><em>\u00a1No se lo pierdan! Su presencia har\u00e1 esta experiencia a\u00fan m\u00e1s significativa para los ni\u00f1os. \u00a1Los esperamos con mucho entusiasmo!<\/em><\/strong><\/p>\n\n\n\n<p><strong><span class=\"has-inline-color has-vivid-cyan-blue-color\">Yustine Sandoval<br><\/span><\/strong><span class=\"has-inline-color has-vivid-cyan-blue-color\"><em>Happy Nursery Coordinator<\/em><\/span><\/p>\n","protected":false},"excerpt":{"rendered":"<p>A special invitation to our First Sing-Along of the school year. Every morning, our children start the day with joy, rhythm, and songs that fill the Nursery with energy. Singing not only sparks creativity but also helps build confidence, language skills, and a strong sense of community. We would love&hellip; <\/p>\n","protected":false},"author":2,"featured_media":147344,"comment_status":"closed","ping_status":"closed","sticky":false,"template":"","format":"standard","meta":{"ngg_post_thumbnail":0},"categories":[71],"tags":[],"_links":{"self":[{"href":"https:\/\/www.villaeducativa.edu.mx\/newspaper\/index.php?rest_route=\/wp\/v2\/posts\/142721"}],"collection":[{"href":"https:\/\/www.villaeducativa.edu.mx\/newspaper\/index.php?rest_route=\/wp\/v2\/posts"}],"about":[{"href":"https:\/\/www.villaeducativa.edu.mx\/newspaper\/index.php?rest_route=\/wp\/v2\/types\/post"}],"author":[{"embeddable":true,"href":"https:\/\/www.villaeducativa.edu.mx\/newspaper\/index.php?rest_route=\/wp\/v2\/users\/2"}],"replies":[{"embeddable":true,"href":"https:\/\/www.villaeducativa.edu.mx\/newspaper\/index.php?rest_route=%2Fwp%2Fv2%2Fcomments&post=142721"}],"version-history":[{"count":1,"href":"https:\/\/www.villaeducativa.edu.mx\/newspaper\/index.php?rest_route=\/wp\/v2\/posts\/142721\/revisions"}],"predecessor-version":[{"id":142722,"href":"https:\/\/www.villaeducativa.edu.mx\/newspaper\/index.php?rest_route=\/wp\/v2\/posts\/142721\/revisions\/142722"}],"wp:featuredmedia":[{"embeddable":true,"href":"https:\/\/www.villaeducativa.edu.mx\/newspaper\/index.php?rest_route=\/wp\/v2\/media\/147344"}],"wp:attachment":[{"href":"https:\/\/www.villaeducativa.edu.mx\/newspaper\/index.php?rest_route=%2Fwp%2Fv2%2Fmedia&parent=142721"}],"wp:term":[{"taxonomy":"category","embeddable":true,"href":"https:\/\/www.villaeducativa.edu.mx\/newspaper\/index.php?rest_route=%2Fwp%2Fv2%2Fcategories&post=142721"},{"taxonomy":"post_tag","embeddable":true,"href":"https:\/\/www.villaeducativa.edu.mx\/newspaper\/index.php?rest_route=%2Fwp%2Fv2%2Ftags&post=142721"}],"curies":[{"name":"wp","href":"https:\/\/api.w.org\/{rel}","templated":true}]}}