{"id":141575,"date":"2025-09-23T09:21:43","date_gmt":"2025-09-23T14:21:43","guid":{"rendered":"https:\/\/www.villaeducativa.edu.mx\/newspaper\/?p=141575"},"modified":"2025-09-23T14:23:03","modified_gmt":"2025-09-23T19:23:03","slug":"recomendacion-cultural","status":"publish","type":"post","link":"https:\/\/www.villaeducativa.edu.mx\/newspaper\/?p=141575","title":{"rendered":"Recomendaci\u00f3n cultural"},"content":{"rendered":"\n<h5><strong>La corte musical de los cuentos<\/strong><\/h5>\n\n\n\n<p>Les recomendamos este maravilloso show en donde los personajes de nuestros cuentos favoritos\u00a0 suben al estrado y los visitantes, es decir, los ni\u00f1os, son el jurado, todo rodeado de un ambiente musical incre\u00edble.<\/p>\n\n\n\n<p>\ud83d\udccd <strong>Teatro Rodolfo Usigli \u2013 Coyoac\u00e1n<\/strong><strong><br><\/strong>\ud83d\udcc5 Domingos de octubre, 12:00 hrs<br>\ud83d\ude97 Cuenta con estacionamiento<br>\ud83c\udf7f Habr\u00e1 cafeter\u00eda y snacks<br>\ud83d\udd57 Llega 30 min antes para ubicar tu lugar con calma<\/p>\n\n\n\n<p>\u00a1Vive la experiencia donde la fantas\u00eda cobra vida y el p\u00fablico tiene la \u00faltima palabra!&nbsp;<\/p>\n\n\n\n<p>Les dejamos el link para mayor informaci\u00f3n: <a href=\"https:\/\/boletopolis.com\/es\/evento\/36682\/funcion\/243654\"><span class=\"has-inline-color has-vivid-cyan-blue-color\">https:\/\/boletopolis.com\/es\/evento\/36682\/funcion\/243654<\/span><\/a><\/p>\n\n\n\n<div class=\"wp-block-image\"><figure class=\"aligncenter size-large is-resized\"><img loading=\"lazy\" src=\"https:\/\/www.villaeducativa.edu.mx\/newspaper\/wp-content\/uploads\/2025\/09\/recomenda2.jpg\" alt=\"\" class=\"wp-image-141576\" width=\"600\" height=\"262\" srcset=\"https:\/\/www.villaeducativa.edu.mx\/newspaper\/wp-content\/uploads\/2025\/09\/recomenda2.jpg 800w, https:\/\/www.villaeducativa.edu.mx\/newspaper\/wp-content\/uploads\/2025\/09\/recomenda2-300x131.jpg 300w, https:\/\/www.villaeducativa.edu.mx\/newspaper\/wp-content\/uploads\/2025\/09\/recomenda2-768x335.jpg 768w, https:\/\/www.villaeducativa.edu.mx\/newspaper\/wp-content\/uploads\/2025\/09\/recomenda2-600x262.jpg 600w\" sizes=\"(max-width: 600px) 100vw, 600px\" \/><\/figure><\/div>\n\n\n\n<hr class=\"wp-block-separator\"\/>\n\n\n\n<h5><br><strong>Celebremos la m\u00fasica de John Williams<\/strong><\/h5>\n\n\n\n<p>Ven a disfrutar las mejores canciones de tus pel\u00edculas favoritas como Harry Potter, E.T., Jurassic Park, Star Wars, Superman e Indiana Jones, entre otras, en un maravilloso concierto con La Sinf\u00f3nica de Miner\u00eda Pops y la m\u00fasica de John Williams.<\/p>\n\n\n\n<p>\ud83d\udccd <strong>Sala Nezahualc\u00f3yotl<\/strong><br>\ud83d\udcc5 12 y 13 de noviembre, 20:00 hrs<br>\ud83c\udf7f Boletos en <a href=\"http:\/\/mineria.org.mx\">m<span class=\"has-inline-color has-vivid-cyan-blue-color\">ineria.org.mx<\/span><\/a> y en la taquilla de la sala<\/p>\n\n\n\n<div class=\"wp-block-image\"><figure class=\"aligncenter size-large is-resized\"><a href=\"https:\/\/www.villaeducativa.edu.mx\/newspaper\/wp-content\/uploads\/2025\/09\/misica-recomenda.jpg\"><img loading=\"lazy\" src=\"http:\/\/www.villaeducativa.edu.mx\/newspaper\/wp-content\/uploads\/2025\/09\/misica-recomenda-671x1024.jpg\" alt=\"\" class=\"wp-image-141571\" width=\"336\" height=\"512\" srcset=\"https:\/\/www.villaeducativa.edu.mx\/newspaper\/wp-content\/uploads\/2025\/09\/misica-recomenda-671x1024.jpg 671w, https:\/\/www.villaeducativa.edu.mx\/newspaper\/wp-content\/uploads\/2025\/09\/misica-recomenda-197x300.jpg 197w, https:\/\/www.villaeducativa.edu.mx\/newspaper\/wp-content\/uploads\/2025\/09\/misica-recomenda-768x1173.jpg 768w, https:\/\/www.villaeducativa.edu.mx\/newspaper\/wp-content\/uploads\/2025\/09\/misica-recomenda-600x916.jpg 600w, https:\/\/www.villaeducativa.edu.mx\/newspaper\/wp-content\/uploads\/2025\/09\/misica-recomenda.jpg 786w\" sizes=\"(max-width: 336px) 100vw, 336px\" \/><\/a><\/figure><\/div>\n\n\n\n<p><strong><span class=\"has-inline-color has-vivid-cyan-blue-color\">Lorena Esparza<br><\/span><\/strong><span class=\"has-inline-color has-vivid-cyan-blue-color\"><em>Directora General<\/em><\/span><\/p>\n","protected":false},"excerpt":{"rendered":"<p>La corte musical de los cuentos Les recomendamos este maravilloso show en donde los personajes de nuestros cuentos favoritos\u00a0 suben al estrado y los visitantes, es decir, los ni\u00f1os, son el jurado, todo rodeado de un ambiente musical incre\u00edble. \ud83d\udccd Teatro Rodolfo Usigli \u2013 Coyoac\u00e1n\ud83d\udcc5 Domingos de octubre, 12:00 hrs\ud83d\ude97&hellip; <\/p>\n","protected":false},"author":2,"featured_media":141577,"comment_status":"closed","ping_status":"closed","sticky":false,"template":"","format":"standard","meta":{"ngg_post_thumbnail":0},"categories":[17],"tags":[],"_links":{"self":[{"href":"https:\/\/www.villaeducativa.edu.mx\/newspaper\/index.php?rest_route=\/wp\/v2\/posts\/141575"}],"collection":[{"href":"https:\/\/www.villaeducativa.edu.mx\/newspaper\/index.php?rest_route=\/wp\/v2\/posts"}],"about":[{"href":"https:\/\/www.villaeducativa.edu.mx\/newspaper\/index.php?rest_route=\/wp\/v2\/types\/post"}],"author":[{"embeddable":true,"href":"https:\/\/www.villaeducativa.edu.mx\/newspaper\/index.php?rest_route=\/wp\/v2\/users\/2"}],"replies":[{"embeddable":true,"href":"https:\/\/www.villaeducativa.edu.mx\/newspaper\/index.php?rest_route=%2Fwp%2Fv2%2Fcomments&post=141575"}],"version-history":[{"count":4,"href":"https:\/\/www.villaeducativa.edu.mx\/newspaper\/index.php?rest_route=\/wp\/v2\/posts\/141575\/revisions"}],"predecessor-version":[{"id":141588,"href":"https:\/\/www.villaeducativa.edu.mx\/newspaper\/index.php?rest_route=\/wp\/v2\/posts\/141575\/revisions\/141588"}],"wp:featuredmedia":[{"embeddable":true,"href":"https:\/\/www.villaeducativa.edu.mx\/newspaper\/index.php?rest_route=\/wp\/v2\/media\/141577"}],"wp:attachment":[{"href":"https:\/\/www.villaeducativa.edu.mx\/newspaper\/index.php?rest_route=%2Fwp%2Fv2%2Fmedia&parent=141575"}],"wp:term":[{"taxonomy":"category","embeddable":true,"href":"https:\/\/www.villaeducativa.edu.mx\/newspaper\/index.php?rest_route=%2Fwp%2Fv2%2Fcategories&post=141575"},{"taxonomy":"post_tag","embeddable":true,"href":"https:\/\/www.villaeducativa.edu.mx\/newspaper\/index.php?rest_route=%2Fwp%2Fv2%2Ftags&post=141575"}],"curies":[{"name":"wp","href":"https:\/\/api.w.org\/{rel}","templated":true}]}}