{"id":141220,"date":"2025-09-23T09:30:00","date_gmt":"2025-09-23T14:30:00","guid":{"rendered":"https:\/\/www.villaeducativa.edu.mx\/newspaper\/?p=141220"},"modified":"2025-09-30T11:39:26","modified_gmt":"2025-09-30T16:39:26","slug":"fechas-importantes-octubre","status":"publish","type":"post","link":"https:\/\/www.villaeducativa.edu.mx\/newspaper\/?p=141220","title":{"rendered":"Fechas importantes octubre"},"content":{"rendered":"\n<h5 class=\"has-text-align-center\"><strong>Octubre<\/strong><\/h5>\n\n\n\n<figure class=\"wp-block-table\"><table><tbody><tr><td class=\"has-text-align-right\" data-align=\"right\"><\/td><td><strong><em>GENERAL<\/em><\/strong><\/td><\/tr><tr><td class=\"has-text-align-right\" data-align=\"right\"><strong><span class=\"has-inline-color has-vivid-red-color\">10<\/span><\/strong><\/td><td><strong><strong><strong>\u2022 \u00daltimo d\u00eda para cubrir colegiatura con bonificaci\u00f3n<\/strong><\/strong><\/strong>.<\/td><\/tr><tr><td class=\"has-text-align-right\" data-align=\"right\"><strong><span class=\"has-inline-color has-vivid-red-color\">14<\/span><\/strong><\/td><td><strong><strong><strong>\u2022 S\u00ed hay clases (aunque es descarga acad\u00e9mica, ya que se cambi\u00f3 por&nbsp;el 15 de septiembre)<\/strong><\/strong><\/strong>.<\/td><\/tr><tr><td class=\"has-text-align-right\" data-align=\"right\"><strong><span class=\"has-inline-color has-vivid-red-color\">16 y 17<\/span><\/strong><\/td><td><strong><strong>\u2022<\/strong><\/strong> <strong>Peregrinaci\u00f3n Atlacomulco (trabajo en l\u00ednea por confirmar)<\/strong>.<\/td><\/tr><tr><td class=\"has-text-align-right\" data-align=\"right\"><strong><span class=\"has-inline-color has-vivid-red-color\">22<\/span><\/strong><\/td><td><strong>\u2022 Escuela para padres virtual: El pa\u00f1al no se quita, se deja<\/strong>.<\/td><\/tr><tr><td class=\"has-text-align-right\" data-align=\"right\"><strong><span class=\"has-inline-color has-vivid-red-color\">30<\/span><\/strong><\/td><td><strong>\u2022 S\u00ed habr\u00e1 servicio de Club en horario regular<\/strong>.<\/td><\/tr><tr><td class=\"has-text-align-right\" data-align=\"right\"><strong><span class=\"has-inline-color has-vivid-red-color\">31<\/span><\/strong><\/td><td><strong>\u2022 No hay clases por consejo t\u00e9cnico y capacitaci\u00f3n<\/strong>.<\/td><\/tr><tr><td class=\"has-text-align-right\" data-align=\"right\"><img loading=\"lazy\" width=\"85\" height=\"35\" class=\"wp-image-137365\" style=\"width: 85px;\" src=\"http:\/\/www.villaeducativa.edu.mx\/newspaper\/wp-content\/uploads\/2025\/07\/icoNP-nursery.jpg\" alt=\"\"><\/td><td><strong><span class=\"has-inline-color has-luminous-vivid-orange-color\"><em>NURSERY<\/em><\/span><\/strong><\/td><\/tr><tr><td class=\"has-text-align-right\" data-align=\"right\"><strong><span class=\"has-inline-color has-vivid-red-color\">10<\/span><\/strong><\/td><td><strong>\u2022<\/strong> <strong><strong>Morning Coffee virtual Nursery 11:30<\/strong> a.m.<\/strong><\/td><\/tr><tr><td class=\"has-text-align-right\" data-align=\"right\"><strong><span class=\"has-inline-color has-vivid-red-color\">30<\/span><\/strong><\/td><td><strong>\u2022 Halloween Nursery (horario regular)<\/strong>.<\/td><\/tr><tr><td class=\"has-text-align-right\" data-align=\"right\"><img loading=\"lazy\" width=\"85\" height=\"35\" class=\"wp-image-137363\" style=\"width: 85px;\" src=\"http:\/\/www.villaeducativa.edu.mx\/newspaper\/wp-content\/uploads\/2025\/07\/icoNP-happy.jpg\" alt=\"\"><\/td><td><strong><em><span class=\"has-inline-color has-luminous-vivid-amber-color\">HAPPY KINDER<\/span><\/em><\/strong><\/td><\/tr><tr><td class=\"has-text-align-right\" data-align=\"right\"><strong><span class=\"has-inline-color has-vivid-red-color\">29<\/span><\/strong><\/td><td><strong><strong>\u2022<\/strong><\/strong> <strong><strong>Halloween Happy Kinder (horario regular)<\/strong><\/strong>.<\/td><\/tr><tr><td class=\"has-text-align-right\" data-align=\"right\"><img loading=\"lazy\" width=\"85\" height=\"35\" class=\"wp-image-137366\" style=\"width: 85px;\" src=\"http:\/\/www.villaeducativa.edu.mx\/newspaper\/wp-content\/uploads\/2025\/07\/icoNP-villa.jpg\" alt=\"\"><\/td><td><strong><span class=\"has-inline-color has-vivid-cyan-blue-color\"><em>VILLA EDUCATIVA<\/em><\/span><\/strong><\/td><\/tr><tr><td class=\"has-text-align-right\" data-align=\"right\"><strong><span class=\"has-inline-color has-vivid-red-color\">6 y 10<\/span><\/strong><\/td><td><strong>\u2022 Juntas individuales virtuales 4o Villa Educativa.<\/strong><\/td><\/tr><tr><td class=\"has-text-align-right\" data-align=\"right\"><strong><span class=\"has-inline-color has-vivid-red-color\">8<\/span><\/strong><\/td><td><strong>\u2022 Morning Coffee virtual PA 9:00 a.m. y PB 10:30 a.m.<\/strong><\/td><\/tr><tr><td class=\"has-text-align-right\" data-align=\"right\"><strong><span class=\"has-inline-color has-vivid-red-color\">14<\/span><\/strong><\/td><td><strong>\u2022 Pl\u00e1tica Progrentis para alumnos de primero y nuevo ingreso<\/strong>.<strong> 9:00 a.m.<\/strong><\/td><\/tr><tr><td class=\"has-text-align-right\" data-align=\"right\"><strong><span class=\"has-inline-color has-vivid-red-color\">16 y 17<\/span><\/strong><\/td><td><strong>\u2022 Juntas individuales 1\u00b0 Villa Educativa<\/strong>.<\/td><\/tr><tr><td class=\"has-text-align-right\" data-align=\"right\"><strong><span class=\"has-inline-color has-vivid-cyan-blue-color\">30<\/span><\/strong><\/td><td><strong>\u2022 Halloween Villa Educativa (salida 12:30 p.m.)<\/strong>.<\/td><\/tr><tr><td class=\"has-text-align-right\" data-align=\"right\"><img loading=\"lazy\" width=\"85\" height=\"35\" class=\"wp-image-137364\" style=\"width: 85px;\" src=\"http:\/\/www.villaeducativa.edu.mx\/newspaper\/wp-content\/uploads\/2025\/07\/icoNP-high.jpg\" alt=\"\"><\/td><td><strong><em><span class=\"has-inline-color has-cyan-bluish-gray-color\">VILLA HIGH<\/span><\/em><\/strong><\/td><\/tr><tr><td class=\"has-text-align-right\" data-align=\"right\"><span class=\"has-inline-color has-vivid-red-color\"><strong>1<\/strong><\/span><\/td><td><strong>\u2022 Pl\u00e1tica Tec presencial para pap\u00e1s en el gym 8:00 a.m.<\/strong><\/td><\/tr><tr><td class=\"has-text-align-right\" data-align=\"right\"><span class=\"has-inline-color has-vivid-red-color\"><strong>7<\/strong><\/span><\/td><td><strong>\u2022 Morning Coffee virtual VH 8:30 y Happy 10:00 a.m.<\/strong><\/td><\/tr><tr><td class=\"has-text-align-right\" data-align=\"right\"><strong><span class=\"has-inline-color has-vivid-red-color\">22, 23, <br>28 y 29<\/span><\/strong><\/td><td><strong>\u2022 Talleres Tec para alumnos en Villa High<\/strong>.<\/td><\/tr><tr><td class=\"has-text-align-right\" data-align=\"right\"><strong><span class=\"has-inline-color has-vivid-red-color\">30<\/span><\/strong><\/td><td><strong>\u2022 Halloween Villa High (salida 12:10 p.m.)<\/strong>.<\/td><\/tr><\/tbody><\/table><\/figure>\n","protected":false},"excerpt":{"rendered":"<p>Les compartimos las fechas importantes que tendremos en el mes de octubre&#8230;<\/p>\n","protected":false},"author":2,"featured_media":141221,"comment_status":"closed","ping_status":"closed","sticky":false,"template":"","format":"standard","meta":{"ngg_post_thumbnail":0},"categories":[17],"tags":[],"_links":{"self":[{"href":"https:\/\/www.villaeducativa.edu.mx\/newspaper\/index.php?rest_route=\/wp\/v2\/posts\/141220"}],"collection":[{"href":"https:\/\/www.villaeducativa.edu.mx\/newspaper\/index.php?rest_route=\/wp\/v2\/posts"}],"about":[{"href":"https:\/\/www.villaeducativa.edu.mx\/newspaper\/index.php?rest_route=\/wp\/v2\/types\/post"}],"author":[{"embeddable":true,"href":"https:\/\/www.villaeducativa.edu.mx\/newspaper\/index.php?rest_route=\/wp\/v2\/users\/2"}],"replies":[{"embeddable":true,"href":"https:\/\/www.villaeducativa.edu.mx\/newspaper\/index.php?rest_route=%2Fwp%2Fv2%2Fcomments&post=141220"}],"version-history":[{"count":3,"href":"https:\/\/www.villaeducativa.edu.mx\/newspaper\/index.php?rest_route=\/wp\/v2\/posts\/141220\/revisions"}],"predecessor-version":[{"id":142386,"href":"https:\/\/www.villaeducativa.edu.mx\/newspaper\/index.php?rest_route=\/wp\/v2\/posts\/141220\/revisions\/142386"}],"wp:featuredmedia":[{"embeddable":true,"href":"https:\/\/www.villaeducativa.edu.mx\/newspaper\/index.php?rest_route=\/wp\/v2\/media\/141221"}],"wp:attachment":[{"href":"https:\/\/www.villaeducativa.edu.mx\/newspaper\/index.php?rest_route=%2Fwp%2Fv2%2Fmedia&parent=141220"}],"wp:term":[{"taxonomy":"category","embeddable":true,"href":"https:\/\/www.villaeducativa.edu.mx\/newspaper\/index.php?rest_route=%2Fwp%2Fv2%2Fcategories&post=141220"},{"taxonomy":"post_tag","embeddable":true,"href":"https:\/\/www.villaeducativa.edu.mx\/newspaper\/index.php?rest_route=%2Fwp%2Fv2%2Ftags&post=141220"}],"curies":[{"name":"wp","href":"https:\/\/api.w.org\/{rel}","templated":true}]}}