{"id":140943,"date":"2025-09-17T09:18:06","date_gmt":"2025-09-17T14:18:06","guid":{"rendered":"https:\/\/www.villaeducativa.edu.mx\/newspaper\/?p=140943"},"modified":"2025-09-17T14:44:29","modified_gmt":"2025-09-17T19:44:29","slug":"facturacion-libros-y-materiales","status":"publish","type":"post","link":"https:\/\/www.villaeducativa.edu.mx\/newspaper\/?p=140943","title":{"rendered":"Facturaci\u00f3n libros y materiales"},"content":{"rendered":"\n<p><strong>Estimadas familias:<\/strong><\/p>\n\n\n\n<p>Solicitamos que, en caso de requerir factura por el pago de <strong>libros y materiales<\/strong>, llenen el formulario correspondiente a m\u00e1s tardar el <strong>pr\u00f3ximo 19 de septiembre adjuntando su constancia de situaci\u00f3n fiscal<\/strong>.<\/p>\n\n\n\n<p>Pueden acceder directamente en la siguiente liga:<\/p>\n\n\n\n<p><img loading=\"lazy\" width=\"1024\" height=\"1024\" class=\"wp-image-60006\" style=\"width: 30px;\" src=\"http:\/\/www.villaeducativa.edu.mx\/newspaper\/wp-content\/uploads\/2021\/08\/Forms_Product_Icon_512dp@2x.png\" alt=\"\" srcset=\"https:\/\/www.villaeducativa.edu.mx\/newspaper\/wp-content\/uploads\/2021\/08\/Forms_Product_Icon_512dp@2x.png 1024w, https:\/\/www.villaeducativa.edu.mx\/newspaper\/wp-content\/uploads\/2021\/08\/Forms_Product_Icon_512dp@2x-300x300.png 300w, https:\/\/www.villaeducativa.edu.mx\/newspaper\/wp-content\/uploads\/2021\/08\/Forms_Product_Icon_512dp@2x-150x150.png 150w, https:\/\/www.villaeducativa.edu.mx\/newspaper\/wp-content\/uploads\/2021\/08\/Forms_Product_Icon_512dp@2x-768x768.png 768w, https:\/\/www.villaeducativa.edu.mx\/newspaper\/wp-content\/uploads\/2021\/08\/Forms_Product_Icon_512dp@2x-600x600.png 600w, https:\/\/www.villaeducativa.edu.mx\/newspaper\/wp-content\/uploads\/2021\/08\/Forms_Product_Icon_512dp@2x-100x100.png 100w\" sizes=\"(max-width: 1024px) 100vw, 1024px\" \/><a href=\"https:\/\/forms.gle\/opaBPpGcYjBNLTP59\"><strong><em><span class=\"has-inline-color has-vivid-cyan-blue-color\">https:\/\/forms.gle\/opaBPpGcYjBNLTP59<\/span><\/em><\/strong><\/a><\/p>\n\n\n\n<p>Este proceso nos permitir\u00e1 contar con la informaci\u00f3n fiscal actualizada y emitir sus comprobantes en tiempo y forma.<\/p>\n\n\n\n<p>Agradecemos mucho su apoyo y colaboraci\u00f3n.<br><br><strong><span class=\"has-inline-color has-vivid-cyan-blue-color\">Jacive Monroy<br><\/span><\/strong><span class=\"has-inline-color has-vivid-cyan-blue-color\"><em>Coordinaci\u00f3n Operativa<\/em><\/span><\/p>\n","protected":false},"excerpt":{"rendered":"<p>Estimadas familias: Solicitamos que, en caso de requerir factura por el pago de libros y materiales, llenen el formulario correspondiente a m\u00e1s tardar el pr\u00f3ximo 19 de septiembre adjuntando su constancia de situaci\u00f3n fiscal. Pueden acceder directamente en la siguiente liga: https:\/\/forms.gle\/opaBPpGcYjBNLTP59 Este proceso nos permitir\u00e1 contar con la informaci\u00f3n&hellip; <\/p>\n","protected":false},"author":2,"featured_media":140944,"comment_status":"closed","ping_status":"closed","sticky":false,"template":"","format":"standard","meta":{"ngg_post_thumbnail":0},"categories":[17],"tags":[],"_links":{"self":[{"href":"https:\/\/www.villaeducativa.edu.mx\/newspaper\/index.php?rest_route=\/wp\/v2\/posts\/140943"}],"collection":[{"href":"https:\/\/www.villaeducativa.edu.mx\/newspaper\/index.php?rest_route=\/wp\/v2\/posts"}],"about":[{"href":"https:\/\/www.villaeducativa.edu.mx\/newspaper\/index.php?rest_route=\/wp\/v2\/types\/post"}],"author":[{"embeddable":true,"href":"https:\/\/www.villaeducativa.edu.mx\/newspaper\/index.php?rest_route=\/wp\/v2\/users\/2"}],"replies":[{"embeddable":true,"href":"https:\/\/www.villaeducativa.edu.mx\/newspaper\/index.php?rest_route=%2Fwp%2Fv2%2Fcomments&post=140943"}],"version-history":[{"count":3,"href":"https:\/\/www.villaeducativa.edu.mx\/newspaper\/index.php?rest_route=\/wp\/v2\/posts\/140943\/revisions"}],"predecessor-version":[{"id":141121,"href":"https:\/\/www.villaeducativa.edu.mx\/newspaper\/index.php?rest_route=\/wp\/v2\/posts\/140943\/revisions\/141121"}],"wp:featuredmedia":[{"embeddable":true,"href":"https:\/\/www.villaeducativa.edu.mx\/newspaper\/index.php?rest_route=\/wp\/v2\/media\/140944"}],"wp:attachment":[{"href":"https:\/\/www.villaeducativa.edu.mx\/newspaper\/index.php?rest_route=%2Fwp%2Fv2%2Fmedia&parent=140943"}],"wp:term":[{"taxonomy":"category","embeddable":true,"href":"https:\/\/www.villaeducativa.edu.mx\/newspaper\/index.php?rest_route=%2Fwp%2Fv2%2Fcategories&post=140943"},{"taxonomy":"post_tag","embeddable":true,"href":"https:\/\/www.villaeducativa.edu.mx\/newspaper\/index.php?rest_route=%2Fwp%2Fv2%2Ftags&post=140943"}],"curies":[{"name":"wp","href":"https:\/\/api.w.org\/{rel}","templated":true}]}}