{"id":140890,"date":"2025-09-17T09:25:25","date_gmt":"2025-09-17T14:25:25","guid":{"rendered":"https:\/\/www.villaeducativa.edu.mx\/newspaper\/?p=140890"},"modified":"2025-09-17T14:42:46","modified_gmt":"2025-09-17T19:42:46","slug":"estante-magico-2025-2026","status":"publish","type":"post","link":"https:\/\/www.villaeducativa.edu.mx\/newspaper\/?p=140890","title":{"rendered":"Estante M\u00e1gico 2025-2026"},"content":{"rendered":"\n<p>La lectura y la escritura, m\u00e1s que nunca, son nuestros mayores aliados para el desarrollo de los ni\u00f1os. \u00a1Es a partir de este conocimiento que tantos otros se vuelven posibles!<\/p>\n\n\n\n<p>Creyendo que este es el camino para estimular diversas habilidades importantes para nuestros estudiantes, <strong>nuestro colegio transformar\u00e1 a nuestros alumnos de Kinder 3, 1ro y 6to de primaria en autores de un libro de verdad<\/strong>, en colaboraci\u00f3n con Estante M\u00e1gico, \u00a1El mayor proyecto de incentivo a la lectura y la escritura de Am\u00e9rica Latina!<\/p>\n\n\n\n<p>Los ni\u00f1os van a escribir e ilustrar sus propios libros durante las clases, y sus dibujos tambi\u00e9n cobrar\u00e1n vida en un <strong>juego personalizado \u00a1gratis!<\/strong> El cierre del proyecto ser\u00e1 con un<strong> evento de firma de aut\u00f3grafos<\/strong> en nuestra Semana Cultural, un momento muy especial en el que nuestros autores ser\u00e1n homenajeados y firmar\u00e1n sus libros. \u00a1La emoci\u00f3n de ese d\u00eda est\u00e1 asegurada!<\/p>\n\n\n\n<p>Todo este proceso garantiza una mayor implicaci\u00f3n de nuestros estudiantes en el aula y un aprendizaje m\u00e1s all\u00e1 de lo tradicional; desenvolvemos competencias socioemocionales como la <strong>creatividad, la autonom\u00eda y el protagonismo infantil.<\/strong><\/p>\n\n\n\n<p>Invitamos a los padres de familia de Kinder 3, 1ro y 6to de primaria a conocer m\u00e1s sobre el proyecto de Estante M\u00e1gico en una junta virtual, el pr\u00f3ximo martes 23 de septiembre a las 9:30 a.m.<\/p>\n\n\n\n<p>Informaci\u00f3n para unirse con Google Meet<\/p>\n\n\n\n<p><img loading=\"lazy\" width=\"460\" height=\"446\" class=\"wp-image-59873\" style=\"width: 30px;\" src=\"http:\/\/www.villaeducativa.edu.mx\/newspaper\/wp-content\/uploads\/2021\/08\/ico_meet.png\" alt=\"\" srcset=\"https:\/\/www.villaeducativa.edu.mx\/newspaper\/wp-content\/uploads\/2021\/08\/ico_meet.png 460w, https:\/\/www.villaeducativa.edu.mx\/newspaper\/wp-content\/uploads\/2021\/08\/ico_meet-300x291.png 300w\" sizes=\"(max-width: 460px) 100vw, 460px\" \/> <a href=\"https:\/\/meet.google.com\/tdf-dzon-ome\"><strong><em><span class=\"has-inline-color has-vivid-cyan-blue-color\">https:\/\/meet.google.com\/tdf-dzon-ome<\/span><\/em><\/strong><\/a><\/p>\n\n\n\n<p><strong><span class=\"has-inline-color has-vivid-cyan-blue-color\">Karla Renter\u00eda<br><\/span><\/strong><span class=\"has-inline-color has-vivid-cyan-blue-color\"><em>Directora Acad\u00e9mica<\/em><\/span><\/p>\n\n\n\n<div class=\"wp-block-image\"><figure class=\"aligncenter size-large is-resized\"><img loading=\"lazy\" src=\"https:\/\/www.villaeducativa.edu.mx\/newspaper\/wp-content\/uploads\/2025\/09\/image.png\" alt=\"\" class=\"wp-image-140891\" width=\"143\" height=\"143\" srcset=\"https:\/\/www.villaeducativa.edu.mx\/newspaper\/wp-content\/uploads\/2025\/09\/image.png 500w, https:\/\/www.villaeducativa.edu.mx\/newspaper\/wp-content\/uploads\/2025\/09\/image-300x300.png 300w, https:\/\/www.villaeducativa.edu.mx\/newspaper\/wp-content\/uploads\/2025\/09\/image-150x150.png 150w, https:\/\/www.villaeducativa.edu.mx\/newspaper\/wp-content\/uploads\/2025\/09\/image-100x100.png 100w\" sizes=\"(max-width: 143px) 100vw, 143px\" \/><\/figure><\/div>\n","protected":false},"excerpt":{"rendered":"<p>La lectura y la escritura, m\u00e1s que nunca, son nuestros mayores aliados para el desarrollo de los ni\u00f1os. \u00a1Es a partir de este conocimiento que tantos otros se vuelven posibles! Creyendo que este es el camino para estimular diversas habilidades importantes para nuestros estudiantes, nuestro colegio transformar\u00e1 a nuestros alumnos&hellip; <\/p>\n","protected":false},"author":2,"featured_media":114802,"comment_status":"closed","ping_status":"closed","sticky":false,"template":"","format":"standard","meta":{"ngg_post_thumbnail":0},"categories":[17],"tags":[],"_links":{"self":[{"href":"https:\/\/www.villaeducativa.edu.mx\/newspaper\/index.php?rest_route=\/wp\/v2\/posts\/140890"}],"collection":[{"href":"https:\/\/www.villaeducativa.edu.mx\/newspaper\/index.php?rest_route=\/wp\/v2\/posts"}],"about":[{"href":"https:\/\/www.villaeducativa.edu.mx\/newspaper\/index.php?rest_route=\/wp\/v2\/types\/post"}],"author":[{"embeddable":true,"href":"https:\/\/www.villaeducativa.edu.mx\/newspaper\/index.php?rest_route=\/wp\/v2\/users\/2"}],"replies":[{"embeddable":true,"href":"https:\/\/www.villaeducativa.edu.mx\/newspaper\/index.php?rest_route=%2Fwp%2Fv2%2Fcomments&post=140890"}],"version-history":[{"count":2,"href":"https:\/\/www.villaeducativa.edu.mx\/newspaper\/index.php?rest_route=\/wp\/v2\/posts\/140890\/revisions"}],"predecessor-version":[{"id":141120,"href":"https:\/\/www.villaeducativa.edu.mx\/newspaper\/index.php?rest_route=\/wp\/v2\/posts\/140890\/revisions\/141120"}],"wp:featuredmedia":[{"embeddable":true,"href":"https:\/\/www.villaeducativa.edu.mx\/newspaper\/index.php?rest_route=\/wp\/v2\/media\/114802"}],"wp:attachment":[{"href":"https:\/\/www.villaeducativa.edu.mx\/newspaper\/index.php?rest_route=%2Fwp%2Fv2%2Fmedia&parent=140890"}],"wp:term":[{"taxonomy":"category","embeddable":true,"href":"https:\/\/www.villaeducativa.edu.mx\/newspaper\/index.php?rest_route=%2Fwp%2Fv2%2Fcategories&post=140890"},{"taxonomy":"post_tag","embeddable":true,"href":"https:\/\/www.villaeducativa.edu.mx\/newspaper\/index.php?rest_route=%2Fwp%2Fv2%2Ftags&post=140890"}],"curies":[{"name":"wp","href":"https:\/\/api.w.org\/{rel}","templated":true}]}}