{"id":140671,"date":"2025-09-17T08:41:00","date_gmt":"2025-09-17T13:41:00","guid":{"rendered":"https:\/\/www.villaeducativa.edu.mx\/newspaper\/?p=140671"},"modified":"2025-09-17T16:46:45","modified_gmt":"2025-09-17T21:46:45","slug":"cumpleanos-3","status":"publish","type":"post","link":"https:\/\/www.villaeducativa.edu.mx\/newspaper\/?p=140671","title":{"rendered":"Cumplea\u00f1os"},"content":{"rendered":"\n<p>Nuestros alumnos pueden festejar su cumplea\u00f1os; para esto, deber\u00e1n avisar a la coordinadora con una semana de anticipaci\u00f3n, ya sea a trav\u00e9s de un correo electr\u00f3nico o una llamada telef\u00f3nica. <\/p>\n\n\n\n<p>Deben seguir los lineamientos de los alimentos permitidos y entregarlos en Servicios Escolares a la hora de la entrada en porciones individuales. Ese d\u00eda, el alumno festejado podr\u00e1 asistir con su ropa favorita, en lugar del uniforme.<\/p>\n\n\n\n<p><strong><span class=\"has-inline-color has-vivid-cyan-blue-color\">Karla Renter\u00eda<br><\/span><\/strong><em><span class=\"has-inline-color has-vivid-cyan-blue-color\">Directora Acad\u00e9mica<\/span><\/em><\/p>\n","protected":false},"excerpt":{"rendered":"<p>Nuestros alumnos pueden festejar su cumplea\u00f1os; para esto, deber\u00e1n avisar a la coordinadora con una semana de anticipaci\u00f3n, ya sea a trav\u00e9s de un correo electr\u00f3nico o una llamada telef\u00f3nica. Deben seguir los lineamientos de los alimentos permitidos y entregarlos en Servicios Escolares a la hora de la entrada en&hellip; <\/p>\n","protected":false},"author":2,"featured_media":140668,"comment_status":"closed","ping_status":"closed","sticky":false,"template":"","format":"standard","meta":{"ngg_post_thumbnail":0},"categories":[3],"tags":[],"_links":{"self":[{"href":"https:\/\/www.villaeducativa.edu.mx\/newspaper\/index.php?rest_route=\/wp\/v2\/posts\/140671"}],"collection":[{"href":"https:\/\/www.villaeducativa.edu.mx\/newspaper\/index.php?rest_route=\/wp\/v2\/posts"}],"about":[{"href":"https:\/\/www.villaeducativa.edu.mx\/newspaper\/index.php?rest_route=\/wp\/v2\/types\/post"}],"author":[{"embeddable":true,"href":"https:\/\/www.villaeducativa.edu.mx\/newspaper\/index.php?rest_route=\/wp\/v2\/users\/2"}],"replies":[{"embeddable":true,"href":"https:\/\/www.villaeducativa.edu.mx\/newspaper\/index.php?rest_route=%2Fwp%2Fv2%2Fcomments&post=140671"}],"version-history":[{"count":3,"href":"https:\/\/www.villaeducativa.edu.mx\/newspaper\/index.php?rest_route=\/wp\/v2\/posts\/140671\/revisions"}],"predecessor-version":[{"id":141135,"href":"https:\/\/www.villaeducativa.edu.mx\/newspaper\/index.php?rest_route=\/wp\/v2\/posts\/140671\/revisions\/141135"}],"wp:featuredmedia":[{"embeddable":true,"href":"https:\/\/www.villaeducativa.edu.mx\/newspaper\/index.php?rest_route=\/wp\/v2\/media\/140668"}],"wp:attachment":[{"href":"https:\/\/www.villaeducativa.edu.mx\/newspaper\/index.php?rest_route=%2Fwp%2Fv2%2Fmedia&parent=140671"}],"wp:term":[{"taxonomy":"category","embeddable":true,"href":"https:\/\/www.villaeducativa.edu.mx\/newspaper\/index.php?rest_route=%2Fwp%2Fv2%2Fcategories&post=140671"},{"taxonomy":"post_tag","embeddable":true,"href":"https:\/\/www.villaeducativa.edu.mx\/newspaper\/index.php?rest_route=%2Fwp%2Fv2%2Ftags&post=140671"}],"curies":[{"name":"wp","href":"https:\/\/api.w.org\/{rel}","templated":true}]}}