{"id":139980,"date":"2025-09-17T09:00:00","date_gmt":"2025-09-17T14:00:00","guid":{"rendered":"https:\/\/www.villaeducativa.edu.mx\/newspaper\/?p=139980"},"modified":"2025-09-17T14:50:31","modified_gmt":"2025-09-17T19:50:31","slug":"where-are-my-kids-belongings","status":"publish","type":"post","link":"https:\/\/www.villaeducativa.edu.mx\/newspaper\/?p=139980","title":{"rendered":"Where Are My Kids\u2019 Belongings?"},"content":{"rendered":"\n<p>It&#8217;s a common sight in any kindergarten: sweaters and sweatshirts on the floor, lunchboxes, and pencil cases with no owner in sight. Parents often wonder why their little ones seem to misplace things so easily.&nbsp; At this age, children are still developing important skills like attention, memory, and organization. Their brains are busy learning how to follow routines, manage emotions, and interact with others. With so much going on, it&#8217;s easy for a child to forget where they left their sweater or to walk away from their water bottle during playtime.<\/p>\n\n\n\n<p>Additionally, many kindergartners are just beginning to take responsibility for their belongings. They may not fully understand the importance of keeping track of their items or may struggle to recognize which things belong to them\u2014especially if they look similar to a classmate\u2019s.<\/p>\n\n\n\n<p>Starting a new school year is a fascinating time for kids and their families, and it can be just as challenging. Getting used to a new environment, classroom, teacher, and even friends is an important and brave step for a child \u2013 and it should be treated as such.&nbsp; The adaptation weeks are to help our kids feel comfortable and safe in a new environment and be aware of their surroundings, including personal belongings.&nbsp; Teachers and all school staff are also living these adaptation weeks with their students. They are getting to know each one of the kids: their personalities, likes and dislikes, tastes, parents, and even their personal belongings.&nbsp;&nbsp;<\/p>\n\n\n\n<p>As frustrating as it can be, losing belongings is a common occurrence in early learning. With patience, gentle reminders, and a little help from teachers and parents, children will gradually build the independence and responsibility needed to keep track of their things.<\/p>\n\n\n\n<p>Labeling items clearly and encouraging simple routines like checking their cubby or backpack at home and school can go a long way in helping children become more organized. In time, these small habits will become big skills that serve them throughout their school years.<\/p>\n\n\n\n<p>If your child left a belonging at school or is missing, please be patient; we will find it.&nbsp; Please email your kid&#8217;s teacher and me about the missing belongings.&nbsp; Or to Miss Bere \u00c1ngeles if your kids left it in an AfterSchool activity. What helps a lot is to have all your kids\u2019 belongings labeled (<strong>backpack, lunch bag, pencil case, tupperware, cutlery, clothes)<\/strong>. Looking for a \u201cblue tupper\u201d without being labeled is difficult for us to find. Working together will make this school year amazing!<\/p>\n\n\n\n<hr class=\"wp-block-separator\"\/>\n\n\n\n<p><strong>\u00bf<\/strong><em><strong>D\u00f3nde est\u00e1n las pertenencias de mi hijo?<\/strong><br>En cualquier preescolar es com\u00fan ver su\u00e9teres y sudaderas en el suelo, loncheras y estuches de l\u00e1pices sin due\u00f1o a la vista. Los padres a menudo se preguntan por qu\u00e9 sus peque\u00f1os pierden las cosas con tanta facilidad. A esta edad, los ni\u00f1os a\u00fan est\u00e1n desarrollando habilidades importantes como la atenci\u00f3n, la memoria y la organizaci\u00f3n. Sus cerebros est\u00e1n ocupados aprendiendo a seguir rutinas, gestionar las emociones e interactuar con los dem\u00e1s. Con tantas cosas sucediendo, es f\u00e1cil que un ni\u00f1o olvide d\u00f3nde dej\u00f3 su su\u00e9ter o se aleje de su botella de agua durante el recreo.<\/em><\/p>\n\n\n\n<p><em>Adem\u00e1s, muchos ni\u00f1os de k\u00ednder apenas est\u00e1n empezando a responsabilizarse de sus pertenencias. Puede que no comprendan del todo la importancia de llevar un registro de sus objetos o que les cueste reconocer cu\u00e1les les pertenecen, especialmente si se parecen a los de alg\u00fan compa\u00f1ero.<\/em><\/p>\n\n\n\n<p><em>Empezar un ciclo escolar entusiasma mucho a nuestros ni\u00f1os y a sus familias, pero tambi\u00e9n puede llegar a ser un reto. Acostumbrarse a un nuevo ambiente, sal\u00f3n, maestra, e incluso a nuevos amigos, es un paso importante e incluso valiente para nuestros ni\u00f1os, y debe ser tratado como tal. Las semanas de adaptaci\u00f3n no son s\u00f3lo para hacer que nuestros alumnos se sientan seguros y a gusto en la escuela, sino tambi\u00e9n para que se percaten de lo que est\u00e1 a su alrededor, incluyendo sus objetos personales. Las maestras y todo el personal de la escuela tambi\u00e9n viven junto con sus ni\u00f1os estas semanas de adaptaci\u00f3n; est\u00e1n conociendo a cada uno, su personalidad, gustos, pap\u00e1s e incluso sus pertenencias.<\/em><\/p>\n\n\n\n<p><em>Aunque pueda ser frustrante, perder pertenencias es normal en los primeros a\u00f1os de aprendizaje. Con paciencia, recordatorios amables y un poco de ayuda de maestros y padres, los ni\u00f1os desarrollar\u00e1n gradualmente la independencia y la responsabilidad necesarias para organizar sus cosas.&nbsp;<\/em><\/p>\n\n\n\n<p>Et<em>iquetar los art\u00edculos claramente y fomentar rutinas sencillas, como revisar su cub\u00edculo en el sal\u00f3n o la mochila tanto en la casa como en la escuela, puede ser muy \u00fatil para que los ni\u00f1os se organicen mejor. Con el tiempo, estos peque\u00f1os h\u00e1bitos se convertir\u00e1n en grandes habilidades que les ser\u00e1n \u00fatiles durante toda su etapa escolar.<\/em><\/p>\n\n\n\n<p><em>Si su peque\u00f1o dej\u00f3 algo olvidado en la escuela o no lo encuentran, por favor sean pacientes, lo encontraremos. Env\u00eden un mail a su maestra y a m\u00ed con informaci\u00f3n acerca del objeto, o a Miss Bere \u00c1ngeles si su peque\u00f1o lo olvid\u00f3 en su actividad de AfterSchool.&nbsp;<\/em><\/p>\n\n\n\n<p><em>Es indispensable que todas las pertenencias de sus peque\u00f1os est\u00e9n <strong>marcadas con nombre completo (mochila, lonchera, estuche, tuppers, cubiertos, ropa); no ser\u00eda f\u00e1cil buscar un \u201ctupper azul\u201d que no est\u00e9 marcado.&nbsp;&nbsp;<\/strong><\/em><\/p>\n\n\n\n<p><em>\u00a1Trabajar juntos har\u00e1 que este a\u00f1o escolar sea asombroso!<\/em><\/p>\n\n\n\n<p><strong><span class=\"has-inline-color has-vivid-cyan-blue-color\"><a href=\"mailto:misscarlie@villaeducativa.edu.mx\">misscarlie@villaeducativa.edu.mx<\/a><br><a href=\"mailto:club@villaeducativa.edu.mx\">club@villaeducativa.edu.mx<\/a><\/span><\/strong><\/p>\n\n\n\n<p><strong><span class=\"has-inline-color has-vivid-cyan-blue-color\">Carlie Garc\u00eda<br><\/span><\/strong><span class=\"has-inline-color has-vivid-cyan-blue-color\"><em>Preschool Principal<\/em><\/span><\/p>\n","protected":false},"excerpt":{"rendered":"<p>It&#8217;s a common sight in any kindergarten: sweaters and sweatshirts on the floor, lunchboxes, and pencil cases with no owner in sight. Parents often wonder why their little ones seem to misplace things so easily.&nbsp; At this age, children are still developing important skills like attention, memory, and organization. Their&hellip; <\/p>\n","protected":false},"author":2,"featured_media":140368,"comment_status":"closed","ping_status":"closed","sticky":false,"template":"","format":"standard","meta":{"ngg_post_thumbnail":0},"categories":[2],"tags":[],"_links":{"self":[{"href":"https:\/\/www.villaeducativa.edu.mx\/newspaper\/index.php?rest_route=\/wp\/v2\/posts\/139980"}],"collection":[{"href":"https:\/\/www.villaeducativa.edu.mx\/newspaper\/index.php?rest_route=\/wp\/v2\/posts"}],"about":[{"href":"https:\/\/www.villaeducativa.edu.mx\/newspaper\/index.php?rest_route=\/wp\/v2\/types\/post"}],"author":[{"embeddable":true,"href":"https:\/\/www.villaeducativa.edu.mx\/newspaper\/index.php?rest_route=\/wp\/v2\/users\/2"}],"replies":[{"embeddable":true,"href":"https:\/\/www.villaeducativa.edu.mx\/newspaper\/index.php?rest_route=%2Fwp%2Fv2%2Fcomments&post=139980"}],"version-history":[{"count":3,"href":"https:\/\/www.villaeducativa.edu.mx\/newspaper\/index.php?rest_route=\/wp\/v2\/posts\/139980\/revisions"}],"predecessor-version":[{"id":141128,"href":"https:\/\/www.villaeducativa.edu.mx\/newspaper\/index.php?rest_route=\/wp\/v2\/posts\/139980\/revisions\/141128"}],"wp:featuredmedia":[{"embeddable":true,"href":"https:\/\/www.villaeducativa.edu.mx\/newspaper\/index.php?rest_route=\/wp\/v2\/media\/140368"}],"wp:attachment":[{"href":"https:\/\/www.villaeducativa.edu.mx\/newspaper\/index.php?rest_route=%2Fwp%2Fv2%2Fmedia&parent=139980"}],"wp:term":[{"taxonomy":"category","embeddable":true,"href":"https:\/\/www.villaeducativa.edu.mx\/newspaper\/index.php?rest_route=%2Fwp%2Fv2%2Fcategories&post=139980"},{"taxonomy":"post_tag","embeddable":true,"href":"https:\/\/www.villaeducativa.edu.mx\/newspaper\/index.php?rest_route=%2Fwp%2Fv2%2Ftags&post=139980"}],"curies":[{"name":"wp","href":"https:\/\/api.w.org\/{rel}","templated":true}]}}