{"id":139014,"date":"2025-09-09T09:10:00","date_gmt":"2025-09-09T14:10:00","guid":{"rendered":"https:\/\/www.villaeducativa.edu.mx\/newspaper\/?p=139014"},"modified":"2025-09-09T14:54:54","modified_gmt":"2025-09-09T19:54:54","slug":"un-orgullo-para-nuestra-comunidad","status":"publish","type":"post","link":"https:\/\/www.villaeducativa.edu.mx\/newspaper\/?p=139014","title":{"rendered":"Un orgullo para nuestra comunidad"},"content":{"rendered":"\n<p>Queremos felicitar a nuestra exalumna Johanna Hern\u00e1ndez Miranda por haber sido galardonada con el premio de la Juventud Ciudad de M\u00e9xico 2025. Johanna, quien fue nuestra alumna desde Happy Kinder hasta Villa High, siempre se destac\u00f3 por su compromiso, entrega y empat\u00eda. Actualmente es alumna del Tecnol\u00f3gico de Monterrey, y cre\u00f3 Jopehu, organizaci\u00f3n que ha impactado a m\u00e1s de 150 personas con talleres de desarrollo comunitario.<\/p>\n\n\n\n<p>Johanna gan\u00f3 el premio dentro de la modalidad de m\u00e9rito por la promoci\u00f3n y defensa de los derechos humanos al liderar grupos y organizaciones que tienen como objetivo impulsar el desarrollo equitativo de oportunidades.<\/p>\n\n\n\n<p>Estamos orgullosos de haber formado parte de su crecimiento y educaci\u00f3n.<\/p>\n\n\n\n<div class=\"wp-block-image\"><figure class=\"aligncenter size-large is-resized\"><img loading=\"lazy\" src=\"https:\/\/www.villaeducativa.edu.mx\/newspaper\/wp-content\/uploads\/2025\/09\/orgullojohanna-2.jpg\" alt=\"\" class=\"wp-image-139022\" width=\"750\" height=\"336\" srcset=\"https:\/\/www.villaeducativa.edu.mx\/newspaper\/wp-content\/uploads\/2025\/09\/orgullojohanna-2.jpg 1000w, https:\/\/www.villaeducativa.edu.mx\/newspaper\/wp-content\/uploads\/2025\/09\/orgullojohanna-2-300x134.jpg 300w, https:\/\/www.villaeducativa.edu.mx\/newspaper\/wp-content\/uploads\/2025\/09\/orgullojohanna-2-768x344.jpg 768w, https:\/\/www.villaeducativa.edu.mx\/newspaper\/wp-content\/uploads\/2025\/09\/orgullojohanna-2-600x269.jpg 600w, https:\/\/www.villaeducativa.edu.mx\/newspaper\/wp-content\/uploads\/2025\/09\/orgullojohanna-2-670x300.jpg 670w\" sizes=\"(max-width: 750px) 100vw, 750px\" \/><\/figure><\/div>\n\n\n\n<p>Historia completa en este <a href=\"https:\/\/conecta.tec.mx\/es\/noticias\/estado-de-mexico\/educacion\/por-los-derechos-alumna-tec-gana-premio-de-la-juventud-de-la-ciudad-de-mexico?linkId=856961798\"><strong><em><span class=\"has-inline-color has-vivid-cyan-blue-color\">link<\/span><\/em><\/strong><\/a>.<\/p>\n\n\n\n<p><strong><span class=\"has-inline-color has-vivid-cyan-blue-color\">Karla Renter\u00eda<br><\/span><\/strong><em><span class=\"has-inline-color has-vivid-cyan-blue-color\">Directora Acad\u00e9mica<\/span><\/em><\/p>\n","protected":false},"excerpt":{"rendered":"<p>Queremos felicitar a nuestra exalumna Johanna Hern\u00e1ndez Miranda por haber sido galardonada con el premio de la Juventud Ciudad de M\u00e9xico 2025. Johanna, quien fue nuestra alumna desde Happy Kinder hasta Villa High, siempre se destac\u00f3 por su compromiso, entrega y empat\u00eda. Actualmente es alumna del Tecnol\u00f3gico de Monterrey, y&hellip; <\/p>\n","protected":false},"author":2,"featured_media":139020,"comment_status":"closed","ping_status":"closed","sticky":false,"template":"","format":"standard","meta":{"ngg_post_thumbnail":0},"categories":[17],"tags":[],"_links":{"self":[{"href":"https:\/\/www.villaeducativa.edu.mx\/newspaper\/index.php?rest_route=\/wp\/v2\/posts\/139014"}],"collection":[{"href":"https:\/\/www.villaeducativa.edu.mx\/newspaper\/index.php?rest_route=\/wp\/v2\/posts"}],"about":[{"href":"https:\/\/www.villaeducativa.edu.mx\/newspaper\/index.php?rest_route=\/wp\/v2\/types\/post"}],"author":[{"embeddable":true,"href":"https:\/\/www.villaeducativa.edu.mx\/newspaper\/index.php?rest_route=\/wp\/v2\/users\/2"}],"replies":[{"embeddable":true,"href":"https:\/\/www.villaeducativa.edu.mx\/newspaper\/index.php?rest_route=%2Fwp%2Fv2%2Fcomments&post=139014"}],"version-history":[{"count":2,"href":"https:\/\/www.villaeducativa.edu.mx\/newspaper\/index.php?rest_route=\/wp\/v2\/posts\/139014\/revisions"}],"predecessor-version":[{"id":139023,"href":"https:\/\/www.villaeducativa.edu.mx\/newspaper\/index.php?rest_route=\/wp\/v2\/posts\/139014\/revisions\/139023"}],"wp:featuredmedia":[{"embeddable":true,"href":"https:\/\/www.villaeducativa.edu.mx\/newspaper\/index.php?rest_route=\/wp\/v2\/media\/139020"}],"wp:attachment":[{"href":"https:\/\/www.villaeducativa.edu.mx\/newspaper\/index.php?rest_route=%2Fwp%2Fv2%2Fmedia&parent=139014"}],"wp:term":[{"taxonomy":"category","embeddable":true,"href":"https:\/\/www.villaeducativa.edu.mx\/newspaper\/index.php?rest_route=%2Fwp%2Fv2%2Fcategories&post=139014"},{"taxonomy":"post_tag","embeddable":true,"href":"https:\/\/www.villaeducativa.edu.mx\/newspaper\/index.php?rest_route=%2Fwp%2Fv2%2Ftags&post=139014"}],"curies":[{"name":"wp","href":"https:\/\/api.w.org\/{rel}","templated":true}]}}