{"id":139007,"date":"2025-09-09T09:00:00","date_gmt":"2025-09-09T14:00:00","guid":{"rendered":"https:\/\/www.villaeducativa.edu.mx\/newspaper\/?p=139007"},"modified":"2025-09-09T14:59:09","modified_gmt":"2025-09-09T19:59:09","slug":"grandparents-day-art-gallery","status":"publish","type":"post","link":"https:\/\/www.villaeducativa.edu.mx\/newspaper\/?p=139007","title":{"rendered":"Grandparents\u00b4 Day: Art Gallery"},"content":{"rendered":"\n<p>Grandparents play a special and irreplaceable role in a child\u2019s life. They offer love, wisdom, and a deep sense of family connection that helps children feel grounded and supported. Whether they\u2019re reading a bedtime story, sharing a family recipe, or simply offering a listening ear, grandparents create lasting memories that children carry with them throughout life. We want to continue helping them build these memories.&nbsp; Let\u00b4s celebrate our Happy Kinder grandparents together!&nbsp;&nbsp;<\/p>\n\n\n\n<p>We will create an Art Gallery together! When?&nbsp; Tuesday, September 30th.&nbsp;<\/p>\n\n\n\n<p>Please check our schedule for each group.<\/p>\n\n\n\n<figure class=\"wp-block-table\"><table><tbody><tr><td><strong>Groups<\/strong><\/td><td><strong>Time<\/strong><\/td><\/tr><tr><td>K2A &#8211; K3A<\/td><td>8:30 &#8211; 9:30<\/td><\/tr><tr><td>K2B &#8211; K3 B<\/td><td>10:00 &#8211; 11:00<\/td><\/tr><tr><td>K2C &#8211; K3C<\/td><td>11:30 &#8211; 12:30<\/td><\/tr><tr><td>K1A &#8211; K1B<\/td><td>13:00 &#8211; 14:00<\/td><\/tr><\/tbody><\/table><\/figure>\n\n\n\n<p>Each kid comes with their grandparents at the assigned time and leaves school with them after the activity.&nbsp;<\/p>\n\n\n\n<p>We can wait to create art with you!&nbsp; We will be delighted to have you here!<\/p>\n\n\n\n<hr class=\"wp-block-separator\"\/>\n\n\n\n<p><em><strong>D\u00eda de los abuelos: Una galer\u00eda de arte<\/strong><br>Los abuelos desempe\u00f1an un papel especial e irremplazable en la vida de un ni\u00f1o. Ofrecen amor, sabidur\u00eda y un profundo sentido de conexi\u00f3n familiar que ayuda a los ni\u00f1os a sentirse seguros y apoyados. Ya sea leyendo un cuento antes de dormir, compartiendo una receta familiar o simplemente escuchando atentamente, los abuelos crean recuerdos imborrables que los ni\u00f1os llevan consigo toda la vida. Queremos seguir ayud\u00e1ndolos a construir estos recuerdos. \u00a1Celebremos a nuestros abuelitos de Happy Kinder!<\/em><\/p>\n\n\n\n<p><em>\u00a1Crearemos una galer\u00eda de arte juntos! \u00bfCu\u00e1ndo? El martes 30 de septiembre.&nbsp;<\/em><\/p>\n\n\n\n<p><em>Les pedimos checar el horario designado para cada uno de los grupos.<\/em><\/p>\n\n\n\n<figure class=\"wp-block-table\"><table><tbody><tr><td><strong><em>Grupos<\/em><\/strong><\/td><td><strong><em>Horario<\/em><\/strong><\/td><\/tr><tr><td>K2A &#8211; K3A<\/td><td>8:30 a.m.- 9:30 a.m.<\/td><\/tr><tr><td>K2B &#8211; K3B<\/td><td>10:00 a.m. &#8211; 11:00 a.m.<\/td><\/tr><tr><td>K2C &#8211; K3C<\/td><td>11:30 a.m.- 12:30 p.m.<\/td><\/tr><tr><td>K1A &#8211; K1B<\/td><td>13:00 p.m.- 14:00 p.m.<\/td><\/tr><\/tbody><\/table><\/figure>\n\n\n\n<p><em>Los peque\u00f1os vienen con sus abuelos en el horario designado y se retiran con ellos despu\u00e9s de la actividad.<\/em><\/p>\n\n\n\n<p><em>\u00a1No podemos esperar a crear arte con ustedes!<\/em><\/p>\n\n\n\n<div class=\"wp-block-image\"><figure class=\"aligncenter size-large is-resized\"><img loading=\"lazy\" src=\"https:\/\/www.villaeducativa.edu.mx\/newspaper\/wp-content\/uploads\/2025\/09\/Art-Gallery.jpg\" alt=\"\" class=\"wp-image-139008\" width=\"500\" height=\"500\" srcset=\"https:\/\/www.villaeducativa.edu.mx\/newspaper\/wp-content\/uploads\/2025\/09\/Art-Gallery.jpg 1000w, https:\/\/www.villaeducativa.edu.mx\/newspaper\/wp-content\/uploads\/2025\/09\/Art-Gallery-300x300.jpg 300w, https:\/\/www.villaeducativa.edu.mx\/newspaper\/wp-content\/uploads\/2025\/09\/Art-Gallery-150x150.jpg 150w, https:\/\/www.villaeducativa.edu.mx\/newspaper\/wp-content\/uploads\/2025\/09\/Art-Gallery-768x768.jpg 768w, https:\/\/www.villaeducativa.edu.mx\/newspaper\/wp-content\/uploads\/2025\/09\/Art-Gallery-600x600.jpg 600w, https:\/\/www.villaeducativa.edu.mx\/newspaper\/wp-content\/uploads\/2025\/09\/Art-Gallery-100x100.jpg 100w\" sizes=\"(max-width: 500px) 100vw, 500px\" \/><\/figure><\/div>\n\n\n\n<p><strong><span class=\"has-inline-color has-vivid-cyan-blue-color\">Carlie Garc\u00eda<br><\/span><\/strong><span class=\"has-inline-color has-vivid-cyan-blue-color\"><em>Preschool Principal<\/em><\/span><\/p>\n","protected":false},"excerpt":{"rendered":"<p>Grandparents play a special and irreplaceable role in a child\u2019s life. They offer love, wisdom, and a deep sense of family connection that helps children feel grounded and supported. Whether they\u2019re reading a bedtime story, sharing a family recipe, or simply offering a listening ear, grandparents create lasting memories that&hellip; <\/p>\n","protected":false},"author":2,"featured_media":139009,"comment_status":"closed","ping_status":"closed","sticky":false,"template":"","format":"standard","meta":{"ngg_post_thumbnail":0},"categories":[2],"tags":[],"_links":{"self":[{"href":"https:\/\/www.villaeducativa.edu.mx\/newspaper\/index.php?rest_route=\/wp\/v2\/posts\/139007"}],"collection":[{"href":"https:\/\/www.villaeducativa.edu.mx\/newspaper\/index.php?rest_route=\/wp\/v2\/posts"}],"about":[{"href":"https:\/\/www.villaeducativa.edu.mx\/newspaper\/index.php?rest_route=\/wp\/v2\/types\/post"}],"author":[{"embeddable":true,"href":"https:\/\/www.villaeducativa.edu.mx\/newspaper\/index.php?rest_route=\/wp\/v2\/users\/2"}],"replies":[{"embeddable":true,"href":"https:\/\/www.villaeducativa.edu.mx\/newspaper\/index.php?rest_route=%2Fwp%2Fv2%2Fcomments&post=139007"}],"version-history":[{"count":2,"href":"https:\/\/www.villaeducativa.edu.mx\/newspaper\/index.php?rest_route=\/wp\/v2\/posts\/139007\/revisions"}],"predecessor-version":[{"id":139814,"href":"https:\/\/www.villaeducativa.edu.mx\/newspaper\/index.php?rest_route=\/wp\/v2\/posts\/139007\/revisions\/139814"}],"wp:featuredmedia":[{"embeddable":true,"href":"https:\/\/www.villaeducativa.edu.mx\/newspaper\/index.php?rest_route=\/wp\/v2\/media\/139009"}],"wp:attachment":[{"href":"https:\/\/www.villaeducativa.edu.mx\/newspaper\/index.php?rest_route=%2Fwp%2Fv2%2Fmedia&parent=139007"}],"wp:term":[{"taxonomy":"category","embeddable":true,"href":"https:\/\/www.villaeducativa.edu.mx\/newspaper\/index.php?rest_route=%2Fwp%2Fv2%2Fcategories&post=139007"},{"taxonomy":"post_tag","embeddable":true,"href":"https:\/\/www.villaeducativa.edu.mx\/newspaper\/index.php?rest_route=%2Fwp%2Fv2%2Ftags&post=139007"}],"curies":[{"name":"wp","href":"https:\/\/api.w.org\/{rel}","templated":true}]}}