{"id":139004,"date":"2025-09-09T08:55:00","date_gmt":"2025-09-09T13:55:00","guid":{"rendered":"https:\/\/www.villaeducativa.edu.mx\/newspaper\/?p=139004"},"modified":"2025-09-09T14:59:53","modified_gmt":"2025-09-09T19:59:53","slug":"its-not-time-for-a-siesta-but-for-a-fiesta-2","status":"publish","type":"post","link":"https:\/\/www.villaeducativa.edu.mx\/newspaper\/?p=139004","title":{"rendered":"It\u00b4s Not Time for a Siesta, but for a Fiesta!"},"content":{"rendered":"\n<p>Remember that our first event is coming! Come and join us to celebrate our Independence Day in Happy Kinder!&nbsp; You can bring your best Mexican Attire. We will have games and activities to commemorate this day, everything will have a festive touch.&nbsp; Our celebration will be held on Friday, September 12th.&nbsp;&nbsp;<\/p>\n\n\n\n<p>A Mexican fiesta&nbsp; is more than just a party\u2014it&#8217;s a joyful way to celebrate tradition, friendship, and family. \u00a1Viva la fiesta!<\/p>\n\n\n\n<hr class=\"wp-block-separator\"\/>\n\n\n\n<p><em><strong>\u00a1No es tiempo de una siesta, sino de una fiesta!<\/strong><br>Recuerden que nuestro primer evento es este mes. \u00a1Ven y celebra en Happy Kinder nuestro D\u00eda de la Independencia! Puedes traer vestimenta alusiva a la fecha. Tendremos juegos y actividades para conmemorar este d\u00eda tan importante, todo con un toque festivo. Nuestro festejo se llevar\u00e1 a cabo el viernes 12 de septiembre; <strong>el horario de entrada y de salida es el habitual,&nbsp; tanto para Happy Kinder como para Club After School.<\/strong><\/em><\/p>\n\n\n\n<p><em>Una fiesta mexicana es m\u00e1s que una fiesta, es una manera alegre de celebrar las tradiciones, la amistad y la familia. As\u00ed que \u00a1Viva la fiesta!<\/em><\/p>\n\n\n\n<div class=\"wp-block-image\"><figure class=\"aligncenter size-large is-resized\"><a href=\"https:\/\/www.villaeducativa.edu.mx\/newspaper\/wp-content\/uploads\/2025\/09\/HK-IndependenceDayInvitation.jpg\"><img loading=\"lazy\" src=\"http:\/\/www.villaeducativa.edu.mx\/newspaper\/wp-content\/uploads\/2025\/09\/HK-IndependenceDayInvitation.jpg\" alt=\"\" class=\"wp-image-138673\" width=\"450\" height=\"450\" srcset=\"https:\/\/www.villaeducativa.edu.mx\/newspaper\/wp-content\/uploads\/2025\/09\/HK-IndependenceDayInvitation.jpg 900w, https:\/\/www.villaeducativa.edu.mx\/newspaper\/wp-content\/uploads\/2025\/09\/HK-IndependenceDayInvitation-300x300.jpg 300w, https:\/\/www.villaeducativa.edu.mx\/newspaper\/wp-content\/uploads\/2025\/09\/HK-IndependenceDayInvitation-150x150.jpg 150w, https:\/\/www.villaeducativa.edu.mx\/newspaper\/wp-content\/uploads\/2025\/09\/HK-IndependenceDayInvitation-768x768.jpg 768w, https:\/\/www.villaeducativa.edu.mx\/newspaper\/wp-content\/uploads\/2025\/09\/HK-IndependenceDayInvitation-600x600.jpg 600w, https:\/\/www.villaeducativa.edu.mx\/newspaper\/wp-content\/uploads\/2025\/09\/HK-IndependenceDayInvitation-100x100.jpg 100w\" sizes=\"(max-width: 450px) 100vw, 450px\" \/><\/a><\/figure><\/div>\n\n\n\n<p><strong><span class=\"has-inline-color has-vivid-cyan-blue-color\">Carlie Garc\u00eda<br><\/span><\/strong><span class=\"has-inline-color has-vivid-cyan-blue-color\"><em>Preschool Principal<\/em><\/span><\/p>\n","protected":false},"excerpt":{"rendered":"<p>Remember that our first event is coming! Come and join us to celebrate our Independence Day in Happy Kinder!&nbsp; You can bring your best Mexican Attire. We will have games and activities to commemorate this day, everything will have a festive touch.&nbsp; Our celebration will be held on Friday, September&hellip; <\/p>\n","protected":false},"author":2,"featured_media":139005,"comment_status":"closed","ping_status":"closed","sticky":false,"template":"","format":"standard","meta":{"ngg_post_thumbnail":0},"categories":[2],"tags":[],"_links":{"self":[{"href":"https:\/\/www.villaeducativa.edu.mx\/newspaper\/index.php?rest_route=\/wp\/v2\/posts\/139004"}],"collection":[{"href":"https:\/\/www.villaeducativa.edu.mx\/newspaper\/index.php?rest_route=\/wp\/v2\/posts"}],"about":[{"href":"https:\/\/www.villaeducativa.edu.mx\/newspaper\/index.php?rest_route=\/wp\/v2\/types\/post"}],"author":[{"embeddable":true,"href":"https:\/\/www.villaeducativa.edu.mx\/newspaper\/index.php?rest_route=\/wp\/v2\/users\/2"}],"replies":[{"embeddable":true,"href":"https:\/\/www.villaeducativa.edu.mx\/newspaper\/index.php?rest_route=%2Fwp%2Fv2%2Fcomments&post=139004"}],"version-history":[{"count":2,"href":"https:\/\/www.villaeducativa.edu.mx\/newspaper\/index.php?rest_route=\/wp\/v2\/posts\/139004\/revisions"}],"predecessor-version":[{"id":139815,"href":"https:\/\/www.villaeducativa.edu.mx\/newspaper\/index.php?rest_route=\/wp\/v2\/posts\/139004\/revisions\/139815"}],"wp:featuredmedia":[{"embeddable":true,"href":"https:\/\/www.villaeducativa.edu.mx\/newspaper\/index.php?rest_route=\/wp\/v2\/media\/139005"}],"wp:attachment":[{"href":"https:\/\/www.villaeducativa.edu.mx\/newspaper\/index.php?rest_route=%2Fwp%2Fv2%2Fmedia&parent=139004"}],"wp:term":[{"taxonomy":"category","embeddable":true,"href":"https:\/\/www.villaeducativa.edu.mx\/newspaper\/index.php?rest_route=%2Fwp%2Fv2%2Fcategories&post=139004"},{"taxonomy":"post_tag","embeddable":true,"href":"https:\/\/www.villaeducativa.edu.mx\/newspaper\/index.php?rest_route=%2Fwp%2Fv2%2Ftags&post=139004"}],"curies":[{"name":"wp","href":"https:\/\/api.w.org\/{rel}","templated":true}]}}