{"id":138181,"date":"2025-08-19T09:15:22","date_gmt":"2025-08-19T14:15:22","guid":{"rendered":"https:\/\/www.villaeducativa.edu.mx\/newspaper\/?p=138181"},"modified":"2025-08-19T15:43:48","modified_gmt":"2025-08-19T20:43:48","slug":"guia-de-via-rapida-en-comunidad-lo-hacemos-mejor","status":"publish","type":"post","link":"https:\/\/www.villaeducativa.edu.mx\/newspaper\/?p=138181","title":{"rendered":"Gu\u00eda de v\u00eda r\u00e1pida: En comunidad lo hacemos mejor"},"content":{"rendered":"\n<p><strong>Queridas familias:<\/strong><\/p>\n\n\n\n<p>Iniciamos este ciclo con el firme prop\u00f3sito de seguir construyendo juntos un entorno seguro, organizado y respetuoso para todos nuestros alumnos. La <strong>v\u00eda r\u00e1pida<\/strong> es uno de esos espacios donde la colaboraci\u00f3n entre padres, personal y escuela, hace una gran diferencia.<\/p>\n\n\n\n<p>Cuando cada uno de nosotros sigue las indicaciones con paciencia y cortes\u00eda, damos ejemplo de civilidad a nuestros hijos y convertimos algo cotidiano en una muestra viva de nuestros valores.<\/p>\n\n\n\n<p>Sabemos que las entradas y las salidas pueden ser momentos ajetreados; por eso agradecemos profundamente el esfuerzo que hacen d\u00eda a d\u00eda por seguir las reglas y por formar parte activa de esta comunidad escolar.<\/p>\n\n\n\n<h5><strong>&nbsp;\u00bfC\u00f3mo podemos ayudar a que funcione mejor?<\/strong><\/h5>\n\n\n\n<ul><li><strong>Evite formarse con demasiada anticipaci\u00f3n.<\/strong> Con 20 minutos antes del horario de salida es suficiente.<\/li><li><strong>Sea respetuoso con los vecinos.<\/strong> No se estacione frente a sus entradas, ni aunque sea por \u201cun momento\u201d.<\/li><li><strong>Prohibido dejar o recoger alumnos en segunda fila.<\/strong> Su seguridad es lo m\u00e1s importante.<\/li><li><strong>Siga siempre la fila correcta<\/strong>:<ul><li>Happy Nursery, Happy Kinder y Villa Educativa: <strong>Por Ricarte<\/strong><\/li><li>Villa High: <strong>Por Misterios<\/strong><\/li><\/ul><\/li><li><strong>Tenga su tarjet\u00f3n a la vista.<\/strong> Esto nos permite identificarlo y agilizar la entrega segura de su hijo.<\/li><li>Si ve a alguien incumpliendo, <strong>rep\u00f3rtelo con amabilidad<\/strong> a Servicios Escolares. Todos somos responsables del buen funcionamiento.<\/li><\/ul>\n\n\n\n<h5><strong>Horarios recomendados para formarse en la v\u00eda r\u00e1pida<\/strong><\/h5>\n\n\n\n<figure class=\"wp-block-table\"><table><tbody><tr><td><strong>Nivel<\/strong><\/td><td><strong>Salida<\/strong><\/td><td><strong>Puede formarse desde<\/strong><\/td><\/tr><tr><td>Happy Nursery<br><\/td><td>1:40 p.m.<br>2:40 p.m.<\/td><td>1:20 p.m. <br>2:20 p.m.<\/td><\/tr><tr><td>Happy Kinder<\/td><td>1:40 p.m.<\/td><td>1:20 p.m.<\/td><\/tr><tr><td>Villa Educativa<\/td><td>2:40 p.m.<\/td><td>2:20 p.m.<\/td><\/tr><tr><td>Villa High<\/td><td>3:00 p.m.<\/td><td>2:40 p.m.<\/td><\/tr><\/tbody><\/table><\/figure>\n\n\n\n<p><strong>Una comunidad que se cuida, es una comunidad que crece<\/strong>.<\/p>\n\n\n\n<p>Queremos que cada entrada y salida escolar se viva con tranquilidad, respeto y cordialidad. Que nuestros hijos vean en nosotros un ejemplo de orden, empat\u00eda y colaboraci\u00f3n.<\/p>\n\n\n\n<p>Gracias por confiar en nuestra escuela y por ayudarnos a seguir formando, m\u00e1s all\u00e1 del aula, ciudadanos responsables, amables y comprometidos con su entorno.<\/p>\n\n\n\n<p>\u00a1Contamos con ustedes para que esta v\u00eda r\u00e1pida sea tambi\u00e9n una v\u00eda de buenos valores!<\/p>\n\n\n\n<div class=\"wp-block-image\"><figure class=\"aligncenter size-large is-resized\"><img loading=\"lazy\" src=\"https:\/\/www.villaeducativa.edu.mx\/newspaper\/wp-content\/uploads\/2025\/08\/guiarapida.jpg\" alt=\"\" class=\"wp-image-138245\" width=\"645\" height=\"461\" srcset=\"https:\/\/www.villaeducativa.edu.mx\/newspaper\/wp-content\/uploads\/2025\/08\/guiarapida.jpg 1000w, https:\/\/www.villaeducativa.edu.mx\/newspaper\/wp-content\/uploads\/2025\/08\/guiarapida-300x215.jpg 300w, https:\/\/www.villaeducativa.edu.mx\/newspaper\/wp-content\/uploads\/2025\/08\/guiarapida-768x550.jpg 768w, https:\/\/www.villaeducativa.edu.mx\/newspaper\/wp-content\/uploads\/2025\/08\/guiarapida-600x430.jpg 600w\" sizes=\"(max-width: 645px) 100vw, 645px\" \/><\/figure><\/div>\n\n\n\n<p>Protocolos de cada secci\u00f3n m\u00e1s detallados:<\/p>\n\n\n\n<ul><li><a href=\"https:\/\/docs.google.com\/document\/d\/1_TCsh7bQqwSFD5BLrkoy8oI3ruusD5mHTa7gPbA38qI\/edit?usp=sharing\"><strong><em>V\u00eda r\u00e1pida Happy Nursery<\/em><\/strong><\/a><\/li><li><a href=\"https:\/\/docs.google.com\/document\/u\/0\/d\/1C2tW0sX1GrVzuyzsOOdNgBJJg6r3gzYbIrTH524XudY\/edit\"><strong><em>V\u00eda r\u00e1pida Happy Kinder<\/em><\/strong><\/a><\/li><li><a href=\"https:\/\/docs.google.com\/document\/u\/0\/d\/1I_cI5H2pErWzX-KEo4ftAikcwtrs_8UoTT9xbYRkSpU\/edit\"><strong><em>V\u00eda r\u00e1pida Villa Educativa<\/em><\/strong><\/a><\/li><li><a href=\"https:\/\/docs.google.com\/document\/d\/1yUTU6IayIzOtDtrkTaW_3-RuSfRElwZKLMm5oTKmmL4\/edit?usp=sharing\"><strong><em>V\u00eda r\u00e1pida Villa High<\/em><\/strong><\/a><\/li><\/ul>\n\n\n\n<p><span class=\"has-inline-color has-vivid-cyan-blue-color\"><strong>Jacive Monroy<\/strong><br><em>Coordinaci\u00f3n Operativa<\/em><\/span><\/p>\n","protected":false},"excerpt":{"rendered":"<p>Queridas familias: Iniciamos este ciclo con el firme prop\u00f3sito de seguir construyendo juntos un entorno seguro, organizado y respetuoso para todos nuestros alumnos. La v\u00eda r\u00e1pida es uno de esos espacios donde la colaboraci\u00f3n entre padres, personal y escuela, hace una gran diferencia. Cuando cada uno de nosotros sigue las&hellip; <\/p>\n","protected":false},"author":2,"featured_media":138182,"comment_status":"closed","ping_status":"closed","sticky":false,"template":"","format":"standard","meta":{"ngg_post_thumbnail":0},"categories":[17],"tags":[],"_links":{"self":[{"href":"https:\/\/www.villaeducativa.edu.mx\/newspaper\/index.php?rest_route=\/wp\/v2\/posts\/138181"}],"collection":[{"href":"https:\/\/www.villaeducativa.edu.mx\/newspaper\/index.php?rest_route=\/wp\/v2\/posts"}],"about":[{"href":"https:\/\/www.villaeducativa.edu.mx\/newspaper\/index.php?rest_route=\/wp\/v2\/types\/post"}],"author":[{"embeddable":true,"href":"https:\/\/www.villaeducativa.edu.mx\/newspaper\/index.php?rest_route=\/wp\/v2\/users\/2"}],"replies":[{"embeddable":true,"href":"https:\/\/www.villaeducativa.edu.mx\/newspaper\/index.php?rest_route=%2Fwp%2Fv2%2Fcomments&post=138181"}],"version-history":[{"count":4,"href":"https:\/\/www.villaeducativa.edu.mx\/newspaper\/index.php?rest_route=\/wp\/v2\/posts\/138181\/revisions"}],"predecessor-version":[{"id":138266,"href":"https:\/\/www.villaeducativa.edu.mx\/newspaper\/index.php?rest_route=\/wp\/v2\/posts\/138181\/revisions\/138266"}],"wp:featuredmedia":[{"embeddable":true,"href":"https:\/\/www.villaeducativa.edu.mx\/newspaper\/index.php?rest_route=\/wp\/v2\/media\/138182"}],"wp:attachment":[{"href":"https:\/\/www.villaeducativa.edu.mx\/newspaper\/index.php?rest_route=%2Fwp%2Fv2%2Fmedia&parent=138181"}],"wp:term":[{"taxonomy":"category","embeddable":true,"href":"https:\/\/www.villaeducativa.edu.mx\/newspaper\/index.php?rest_route=%2Fwp%2Fv2%2Fcategories&post=138181"},{"taxonomy":"post_tag","embeddable":true,"href":"https:\/\/www.villaeducativa.edu.mx\/newspaper\/index.php?rest_route=%2Fwp%2Fv2%2Ftags&post=138181"}],"curies":[{"name":"wp","href":"https:\/\/api.w.org\/{rel}","templated":true}]}}