{"id":137374,"date":"2025-07-16T08:58:00","date_gmt":"2025-07-16T13:58:00","guid":{"rendered":"https:\/\/www.villaeducativa.edu.mx\/newspaper\/?p=137374"},"modified":"2025-08-11T10:25:34","modified_gmt":"2025-08-11T15:25:34","slug":"informacion-para-el-inicio-del-ciclo-2025-2026-5","status":"publish","type":"post","link":"https:\/\/www.villaeducativa.edu.mx\/newspaper\/?p=137374","title":{"rendered":"Informaci\u00f3n para el inicio del ciclo 2025-2026"},"content":{"rendered":"\n<p id=\"block-fdbf0c8b-b473-4ce3-a0eb-4fae291f9999\">Estamos ya preparando todo para iniciar el siguiente ciclo y nos emociona recibir a nuestros peque\u00f1itos.&nbsp;<\/p>\n\n\n\n<p id=\"block-60ce5062-5004-4e13-96a7-ffe23776bc72\">Les comparto aspectos y fechas importantes que deben tomar en cuenta:<\/p>\n\n\n\n<ul id=\"block-3d846b12-693f-4221-943d-3da563551544\"><li><strong>Junta de inicio (En formato presencial)<\/strong><\/li><\/ul>\n\n\n\n<p id=\"block-8c8a377a-8ed4-4395-8c39-dff74231f218\">Nos dar\u00e1 mucho gusto verlos en nuestra junta de inicio (en formato presencial) el <strong>viernes&nbsp;29 de agosto <\/strong>a las 8:00 a.m., en donde les daremos informaci\u00f3n importante sobre el periodo de adaptaci\u00f3n,&nbsp;as\u00ed como el proceso de entradas y salidas. Resolveremos todas las dudas que&nbsp;puedan surgir. <strong>Les pedimos no traer a los alumnos.<\/strong><\/p>\n\n\n\n<ul id=\"block-4ae465f8-d17a-44b4-909d-cce656ac1fae\"><li><strong>Parent &amp; Kid Days<\/strong><\/li><\/ul>\n\n\n\n<p id=\"block-249e3266-0660-4fe1-aec1-4565433f4deb\">Para lograr una mejor adaptaci\u00f3n de nuestros alumnos m\u00e1s peque\u00f1itos, hemos organizado dos d\u00edas en los que acuden con pap\u00e1 y mam\u00e1 o un familiar a realizar actividades con su miss y nanita. Ser\u00e1n el <strong>lunes 1 y martes 2 de septiembre<\/strong> de 8:00 a 10:00 a.m. <em>*Pueden acudir dos adultos por alumno.<\/em><\/p>\n\n\n\n<p id=\"block-7e9a0c30-822a-4812-8ce4-9e4c3f3b39a9\">Los alumnos deben usar su uniforme de diario.<\/p>\n\n\n\n<p id=\"block-2be688b7-29f9-4ed3-8be5-8bc594cf7ba4\">El primer d\u00eda con pap\u00e1s les proporcionaremos un lunch de bienvenida. El segundo d\u00eda con pap\u00e1s les pedimos traer un lunch nutritivo y agua para los peque\u00f1os.<\/p>\n\n\n\n<p id=\"block-637267c3-b897-41ce-9aa3-831e4418771a\">El primer d\u00eda de Parent &amp; Kid Days (lunes 1\u00b0 de septiembre)&nbsp;deber\u00e1n traer (<strong>TODO MARCADO CON NOMBRE Y APELLIDO)<\/strong>:<\/p>\n\n\n\n<ul id=\"block-dacae13f-f5c0-42a4-97c3-1db3fa661a16\"><li>Batita amarilla<\/li><li>1 foto de familia tama\u00f1o postal<\/li><li>6 fotos tama\u00f1o pasaporte a color<\/li><li>2 mudas de ropa en bolsa ziplock (con ropa interior, pantal\u00f3n o mallas y playera)<\/li><li>1 paquete de toallitas h\u00famedas<\/li><li>1 bolsa de pa\u00f1ales y 1 pomada<\/li><li>Kit dental (cepillo de dientes, pasta dental y vaso)<\/li><li>Cobija peque\u00f1a para la siesta<\/li><li>Certificado m\u00e9dico con vigencia para todo ciclo escolar y la c\u00e9dula del doctor<\/li><\/ul>\n\n\n\n<p id=\"block-e48c8ac1-fa92-48bc-88e2-033295bb870a\">Tambi\u00e9n les recordamos traer el siguiente material de reciclaje para las clases:<\/p>\n\n\n\n<ul id=\"block-13ca3f33-8daf-4a5d-84f4-6aa7d3dbef5f\"><li>1 caja de cereal vac\u00eda<\/li><li>1 centro de servitoallas<\/li><li>2 centros de papel higi\u00e9nico<\/li><li>Varitas de \u00e1rbol<\/li><\/ul>\n\n\n\n<h5 id=\"block-60f9887a-4a7b-4630-9a86-e14eb0e43c28\"><strong>1er d\u00eda de clases en horario regular<\/strong><\/h5>\n\n\n\n<p id=\"block-842473bf-59f8-4795-ada7-3d98eb8a2960\">El <strong>mi\u00e9rcoles 3 de septiembre<\/strong> <strong>ser\u00e1 el primer d\u00eda sin pap\u00e1s y con horario regular<\/strong>. Tambi\u00e9n este d\u00eda inicia el servicio de Club After School para Nursery.<\/p>\n\n\n\n<hr class=\"wp-block-separator\" id=\"block-9e50bb53-3664-4afd-bad3-75b56527d119\"\/>\n\n\n\n<p id=\"block-7ea42828-e4b7-4617-a904-dc6f7fcc1067\">Queridas familias:<\/p>\n\n\n\n<p id=\"block-7cde908e-95f3-411b-b38d-ad330f98fb45\">Sabemos que el primer d\u00eda de clases es un momento muy especial, lleno de emoci\u00f3n, expectativas y tambi\u00e9n cierto nerviosismo, tanto para los peque\u00f1os como para ustedes. Por eso, queremos compartirles algunas recomendaciones que pueden hacer este inicio m\u00e1s amable, seguro y amoroso:<\/p>\n\n\n\n<h5 id=\"block-8e860ddb-a125-4436-853f-967ebb2ea75c\"><strong>DOS SEMANAS ANTES<\/strong><\/h5>\n\n\n\n<ul id=\"block-a2e89ec8-e55c-429a-842c-4c04b7d983e4\"><li><strong>Establezca rutinas graduales: <\/strong>Ajuste horarios de sue\u00f1o y comidas para que se alineen con los del ciclo escolar y establezca una rutina matutina similar a la del colegio (levantarse, desayunar, vestirse).<\/li><li><strong>Involucre a su hijo o hija en la compra o revisi\u00f3n de materiales: <\/strong>Permita que escoja algunos materiales para generar entusiasmo (una lonchera con sus personajes favoritos, por ejemplo).<\/li><li><strong>Hable <\/strong>sobre lo que puede esperar: Amigos, maestros, recreo, actividades divertidas.<\/li><li><strong>Valide sus emociones:<\/strong> Cierto temor a lo nuevo o emociones mixtas son esperadas, pero responda con certeza que que \u00e9l o ella estar\u00e1n bien.<\/li><\/ul>\n\n\n\n<h5 id=\"block-0cf99ba3-e56b-465c-89ae-bd9558e9bef8\"><strong>ANTES DE LLEGAR A LA ESCUELA<\/strong><\/h5>\n\n\n\n<ul id=\"block-6d991ac9-5e56-46b0-90a2-9044203450dd\"><li><strong>Anticipe a su hijo o hija lo que vivir\u00e1<\/strong>: Puede comentarle que ir\u00e1 a un lugar bonito donde conocer\u00e1 amigos, jugar\u00e1, cantar\u00e1 y aprender\u00e1 cosas nuevas.<\/li><li><strong>Hable de forma positiva y sencilla<\/strong>: Evite frases como \u201cno llores\u201d y prefiera expresiones como: <em>\u201cMiss Yustine estar\u00e1 contigo, te va a cuidar y nos veremos pronto\u201d<\/em>.<\/li><li><strong>Coloque en su mochila un objeto familiar<\/strong>: Un peque\u00f1o peluche marcado con nombre.<\/li><\/ul>\n\n\n\n<h5 id=\"block-17939d20-d5a9-4b84-a608-88a12a7d0557\"><strong>AL MOMENTO DE ENTRAR<\/strong><\/h5>\n\n\n\n<ul id=\"block-976581e9-0d61-4f45-91dc-4723f83c91ba\"><li><strong>Realice una despedida breve pero amorosa<\/strong>: Un abrazo, una sonrisa y una frase clara como:<br><em>\u201cTe quiero mucho, s\u00e9 que estar\u00e1s bien, nos vemos m\u00e1s tarde\u201d<\/em>, son suficientes para brindarle confianza.<\/li><li><strong>Evite prolongar la despedida<\/strong>: Aunque pueda ser dif\u00edcil, mostrar seguridad es clave. Si su hijo o hija lo ve tranquilo(a), \u00e9l o ella tambi\u00e9n se sentir\u00e1 as\u00ed.<\/li><li><strong>Conf\u00ede en el proceso<\/strong>: Es natural que surjan l\u00e1grimas o dudas. Estamos aqu\u00ed para acompa\u00f1ar y contener a su peque\u00f1o con mucho cari\u00f1o y cuidado.<\/li><\/ul>\n\n\n\n<h5 id=\"block-9c5b2815-5c6e-427f-b54d-0ac7d2408e52\"><strong>ESTAMOS PARA ACOMPA\u00d1ARLES<\/strong><\/h5>\n\n\n\n<p id=\"block-eca2369b-2d66-41cc-9a3d-281cd016e032\">Durante este proceso de adaptaci\u00f3n, estaremos a su lado para guiar, cuidar y acompa\u00f1ar a sus hijos con todo el respeto y calidez que merecen. Queremos que este comienzo sea una experiencia positiva para toda la familia.<\/p>\n\n\n\n<p id=\"block-54f585df-779e-4d7e-b9b8-a784ff98ac16\">Gracias por su confianza.<br><strong>\u00a1Bienvenidos a una nueva aventura llena de descubrimientos!<\/strong><\/p>\n\n\n\n<p id=\"block-b9b03826-30fc-43c4-9015-340bb183927d\"><span class=\"has-inline-color has-vivid-cyan-blue-color\"><strong>Yustine Sandoval<\/strong><br><em>Coordinadora Nursery<\/em><\/span><\/p>\n","protected":false},"excerpt":{"rendered":"<p>Estamos ya preparando todo para iniciar el siguiente ciclo y nos emociona recibir a nuestros peque\u00f1itos.&nbsp; Les comparto aspectos y fechas importantes que deben tomar en cuenta: Junta de inicio (En formato presencial) Nos dar\u00e1 mucho gusto verlos en nuestra junta de inicio (en formato presencial) el viernes&nbsp;29 de agosto&hellip; <\/p>\n","protected":false},"author":2,"featured_media":136389,"comment_status":"closed","ping_status":"closed","sticky":false,"template":"","format":"standard","meta":{"ngg_post_thumbnail":0},"categories":[71],"tags":[],"_links":{"self":[{"href":"https:\/\/www.villaeducativa.edu.mx\/newspaper\/index.php?rest_route=\/wp\/v2\/posts\/137374"}],"collection":[{"href":"https:\/\/www.villaeducativa.edu.mx\/newspaper\/index.php?rest_route=\/wp\/v2\/posts"}],"about":[{"href":"https:\/\/www.villaeducativa.edu.mx\/newspaper\/index.php?rest_route=\/wp\/v2\/types\/post"}],"author":[{"embeddable":true,"href":"https:\/\/www.villaeducativa.edu.mx\/newspaper\/index.php?rest_route=\/wp\/v2\/users\/2"}],"replies":[{"embeddable":true,"href":"https:\/\/www.villaeducativa.edu.mx\/newspaper\/index.php?rest_route=%2Fwp%2Fv2%2Fcomments&post=137374"}],"version-history":[{"count":3,"href":"https:\/\/www.villaeducativa.edu.mx\/newspaper\/index.php?rest_route=\/wp\/v2\/posts\/137374\/revisions"}],"predecessor-version":[{"id":137555,"href":"https:\/\/www.villaeducativa.edu.mx\/newspaper\/index.php?rest_route=\/wp\/v2\/posts\/137374\/revisions\/137555"}],"wp:featuredmedia":[{"embeddable":true,"href":"https:\/\/www.villaeducativa.edu.mx\/newspaper\/index.php?rest_route=\/wp\/v2\/media\/136389"}],"wp:attachment":[{"href":"https:\/\/www.villaeducativa.edu.mx\/newspaper\/index.php?rest_route=%2Fwp%2Fv2%2Fmedia&parent=137374"}],"wp:term":[{"taxonomy":"category","embeddable":true,"href":"https:\/\/www.villaeducativa.edu.mx\/newspaper\/index.php?rest_route=%2Fwp%2Fv2%2Fcategories&post=137374"},{"taxonomy":"post_tag","embeddable":true,"href":"https:\/\/www.villaeducativa.edu.mx\/newspaper\/index.php?rest_route=%2Fwp%2Fv2%2Ftags&post=137374"}],"curies":[{"name":"wp","href":"https:\/\/api.w.org\/{rel}","templated":true}]}}