{"id":137185,"date":"2025-07-16T08:34:00","date_gmt":"2025-07-16T13:34:00","guid":{"rendered":"https:\/\/www.villaeducativa.edu.mx\/newspaper\/?p=137185"},"modified":"2025-07-16T14:30:17","modified_gmt":"2025-07-16T19:30:17","slug":"our-last-shoelace-ceremonies","status":"publish","type":"post","link":"https:\/\/www.villaeducativa.edu.mx\/newspaper\/?p=137185","title":{"rendered":"Our Last Shoelace Ceremonies!"},"content":{"rendered":"\n<p>We held our last Shoelace Ceremonies, where children who knew how to tie their shoelaces were awarded a medal and a diploma. We are proud of them! Congratulations!<\/p>\n\n\n\n<p>Here are our new winners:<\/p>\n\n\n\n<p><strong>K2<\/strong><\/p>\n\n\n\n<ul><li>Ikki L\u00f3pez<\/li><li>Regina D\u00edaz<\/li><li>Leonardo Liz\u00e1rraga<\/li><li>Marion Meneses<\/li><li>Aitana Sosa<\/li><li>Paula Fuerte<\/li><\/ul>\n\n\n\n<p><strong>K3<\/strong><\/p>\n\n\n\n<ul><li>Isaac Hern\u00e1ndez<\/li><li>Romina P\u00e9rez<\/li><\/ul>\n\n\n\n\n\n<div class=\"ngg-galleryoverview ngg-slideshow\"\n\t id=\"ngg-slideshow-de2035e455998e06de35dcf8a9fa47d2-21302066390\"\n     data-gallery-id=\"de2035e455998e06de35dcf8a9fa47d2\"\n     style=\"max-width: 600px; max-height: 600px;\">\n\n \t<div id=\"ngg-image-0\" class=\"ngg-gallery-slideshow-image\" style=\"height:600px\">\n\n        <a href=\"https:\/\/www.villaeducativa.edu.mx\/newspaper\/wp-content\/gallery\/45-ceremonilastkinder\/IMG-20250714-WA0068.jpg\"\n           title=\"\"\n           data-src=\"https:\/\/www.villaeducativa.edu.mx\/newspaper\/wp-content\/gallery\/45-ceremonilastkinder\/IMG-20250714-WA0068.jpg\"\n           data-thumbnail=\"https:\/\/www.villaeducativa.edu.mx\/newspaper\/wp-content\/gallery\/45-ceremonilastkinder\/thumbs\/thumbs_IMG-20250714-WA0068.jpg\"\n           data-image-id=\"67974\"\n           data-title=\"IMG-20250714-WA0068\"\n           data-description=\"\"\n           class=\"ngg-fancybox\" rel=\"de2035e455998e06de35dcf8a9fa47d2\">\n\n            <img data-image-id='67974'\n                 title=\"\"\n                 alt=\"IMG-20250714-WA0068\"\n                 src=\"https:\/\/www.villaeducativa.edu.mx\/newspaper\/wp-content\/gallery\/45-ceremonilastkinder\/IMG-20250714-WA0068.jpg\"\n                 style=\"max-height: 580px;\"\/>\n        <\/a>\n\n        <\/div> \n<div id=\"ngg-image-1\" class=\"ngg-gallery-slideshow-image\" style=\"height:600px\">\n\n        <a href=\"https:\/\/www.villaeducativa.edu.mx\/newspaper\/wp-content\/gallery\/45-ceremonilastkinder\/IMG-20250714-WA0071.jpg\"\n           title=\"\"\n           data-src=\"https:\/\/www.villaeducativa.edu.mx\/newspaper\/wp-content\/gallery\/45-ceremonilastkinder\/IMG-20250714-WA0071.jpg\"\n           data-thumbnail=\"https:\/\/www.villaeducativa.edu.mx\/newspaper\/wp-content\/gallery\/45-ceremonilastkinder\/thumbs\/thumbs_IMG-20250714-WA0071.jpg\"\n           data-image-id=\"67975\"\n           data-title=\"IMG-20250714-WA0071\"\n           data-description=\"\"\n           class=\"ngg-fancybox\" rel=\"de2035e455998e06de35dcf8a9fa47d2\">\n\n            <img data-image-id='67975'\n                 title=\"\"\n                 alt=\"IMG-20250714-WA0071\"\n                 src=\"https:\/\/www.villaeducativa.edu.mx\/newspaper\/wp-content\/gallery\/45-ceremonilastkinder\/IMG-20250714-WA0071.jpg\"\n                 style=\"max-height: 580px;\"\/>\n        <\/a>\n\n        <\/div> \n<div id=\"ngg-image-2\" class=\"ngg-gallery-slideshow-image\" style=\"height:600px\">\n\n        <a href=\"https:\/\/www.villaeducativa.edu.mx\/newspaper\/wp-content\/gallery\/45-ceremonilastkinder\/IMG-20250714-WA0076.jpg\"\n           title=\"\"\n           data-src=\"https:\/\/www.villaeducativa.edu.mx\/newspaper\/wp-content\/gallery\/45-ceremonilastkinder\/IMG-20250714-WA0076.jpg\"\n           data-thumbnail=\"https:\/\/www.villaeducativa.edu.mx\/newspaper\/wp-content\/gallery\/45-ceremonilastkinder\/thumbs\/thumbs_IMG-20250714-WA0076.jpg\"\n           data-image-id=\"67976\"\n           data-title=\"IMG-20250714-WA0076\"\n           data-description=\"\"\n           class=\"ngg-fancybox\" rel=\"de2035e455998e06de35dcf8a9fa47d2\">\n\n            <img data-image-id='67976'\n                 title=\"\"\n                 alt=\"IMG-20250714-WA0076\"\n                 src=\"https:\/\/www.villaeducativa.edu.mx\/newspaper\/wp-content\/gallery\/45-ceremonilastkinder\/IMG-20250714-WA0076.jpg\"\n                 style=\"max-height: 580px;\"\/>\n        <\/a>\n\n        <\/div> \n<div id=\"ngg-image-3\" class=\"ngg-gallery-slideshow-image\" style=\"height:600px\">\n\n        <a href=\"https:\/\/www.villaeducativa.edu.mx\/newspaper\/wp-content\/gallery\/45-ceremonilastkinder\/IMG-20250714-WA0077.jpg\"\n           title=\"\"\n           data-src=\"https:\/\/www.villaeducativa.edu.mx\/newspaper\/wp-content\/gallery\/45-ceremonilastkinder\/IMG-20250714-WA0077.jpg\"\n           data-thumbnail=\"https:\/\/www.villaeducativa.edu.mx\/newspaper\/wp-content\/gallery\/45-ceremonilastkinder\/thumbs\/thumbs_IMG-20250714-WA0077.jpg\"\n           data-image-id=\"67977\"\n           data-title=\"IMG-20250714-WA0077\"\n           data-description=\"\"\n           class=\"ngg-fancybox\" rel=\"de2035e455998e06de35dcf8a9fa47d2\">\n\n            <img data-image-id='67977'\n                 title=\"\"\n                 alt=\"IMG-20250714-WA0077\"\n                 src=\"https:\/\/www.villaeducativa.edu.mx\/newspaper\/wp-content\/gallery\/45-ceremonilastkinder\/IMG-20250714-WA0077.jpg\"\n                 style=\"max-height: 580px;\"\/>\n        <\/a>\n\n        <\/div> \n<div id=\"ngg-image-4\" class=\"ngg-gallery-slideshow-image\" style=\"height:600px\">\n\n        <a href=\"https:\/\/www.villaeducativa.edu.mx\/newspaper\/wp-content\/gallery\/45-ceremonilastkinder\/IMG-20250714-WA0080.jpg\"\n           title=\"\"\n           data-src=\"https:\/\/www.villaeducativa.edu.mx\/newspaper\/wp-content\/gallery\/45-ceremonilastkinder\/IMG-20250714-WA0080.jpg\"\n           data-thumbnail=\"https:\/\/www.villaeducativa.edu.mx\/newspaper\/wp-content\/gallery\/45-ceremonilastkinder\/thumbs\/thumbs_IMG-20250714-WA0080.jpg\"\n           data-image-id=\"67978\"\n           data-title=\"IMG-20250714-WA0080\"\n           data-description=\"\"\n           class=\"ngg-fancybox\" rel=\"de2035e455998e06de35dcf8a9fa47d2\">\n\n            <img data-image-id='67978'\n                 title=\"\"\n                 alt=\"IMG-20250714-WA0080\"\n                 src=\"https:\/\/www.villaeducativa.edu.mx\/newspaper\/wp-content\/gallery\/45-ceremonilastkinder\/IMG-20250714-WA0080.jpg\"\n                 style=\"max-height: 580px;\"\/>\n        <\/a>\n\n        <\/div> \n<div id=\"ngg-image-5\" class=\"ngg-gallery-slideshow-image\" style=\"height:600px\">\n\n        <a href=\"https:\/\/www.villaeducativa.edu.mx\/newspaper\/wp-content\/gallery\/45-ceremonilastkinder\/IMG-20250714-WA0081.jpg\"\n           title=\"\"\n           data-src=\"https:\/\/www.villaeducativa.edu.mx\/newspaper\/wp-content\/gallery\/45-ceremonilastkinder\/IMG-20250714-WA0081.jpg\"\n           data-thumbnail=\"https:\/\/www.villaeducativa.edu.mx\/newspaper\/wp-content\/gallery\/45-ceremonilastkinder\/thumbs\/thumbs_IMG-20250714-WA0081.jpg\"\n           data-image-id=\"67979\"\n           data-title=\"IMG-20250714-WA0081\"\n           data-description=\"\"\n           class=\"ngg-fancybox\" rel=\"de2035e455998e06de35dcf8a9fa47d2\">\n\n            <img data-image-id='67979'\n                 title=\"\"\n                 alt=\"IMG-20250714-WA0081\"\n                 src=\"https:\/\/www.villaeducativa.edu.mx\/newspaper\/wp-content\/gallery\/45-ceremonilastkinder\/IMG-20250714-WA0081.jpg\"\n                 style=\"max-height: 580px;\"\/>\n        <\/a>\n\n        <\/div> \n<div id=\"ngg-image-6\" class=\"ngg-gallery-slideshow-image\" style=\"height:600px\">\n\n        <a href=\"https:\/\/www.villaeducativa.edu.mx\/newspaper\/wp-content\/gallery\/45-ceremonilastkinder\/IMG-20250709-WA0011.jpg\"\n           title=\"\"\n           data-src=\"https:\/\/www.villaeducativa.edu.mx\/newspaper\/wp-content\/gallery\/45-ceremonilastkinder\/IMG-20250709-WA0011.jpg\"\n           data-thumbnail=\"https:\/\/www.villaeducativa.edu.mx\/newspaper\/wp-content\/gallery\/45-ceremonilastkinder\/thumbs\/thumbs_IMG-20250709-WA0011.jpg\"\n           data-image-id=\"67980\"\n           data-title=\"IMG-20250709-WA0011\"\n           data-description=\"\"\n           class=\"ngg-fancybox\" rel=\"de2035e455998e06de35dcf8a9fa47d2\">\n\n            <img data-image-id='67980'\n                 title=\"\"\n                 alt=\"IMG-20250709-WA0011\"\n                 src=\"https:\/\/www.villaeducativa.edu.mx\/newspaper\/wp-content\/gallery\/45-ceremonilastkinder\/IMG-20250709-WA0011.jpg\"\n                 style=\"max-height: 580px;\"\/>\n        <\/a>\n\n        <\/div> \n<div id=\"ngg-image-7\" class=\"ngg-gallery-slideshow-image\" style=\"height:600px\">\n\n        <a href=\"https:\/\/www.villaeducativa.edu.mx\/newspaper\/wp-content\/gallery\/45-ceremonilastkinder\/IMG-20250714-WA0044.jpg\"\n           title=\"\"\n           data-src=\"https:\/\/www.villaeducativa.edu.mx\/newspaper\/wp-content\/gallery\/45-ceremonilastkinder\/IMG-20250714-WA0044.jpg\"\n           data-thumbnail=\"https:\/\/www.villaeducativa.edu.mx\/newspaper\/wp-content\/gallery\/45-ceremonilastkinder\/thumbs\/thumbs_IMG-20250714-WA0044.jpg\"\n           data-image-id=\"67981\"\n           data-title=\"IMG-20250714-WA0044\"\n           data-description=\"\"\n           class=\"ngg-fancybox\" rel=\"de2035e455998e06de35dcf8a9fa47d2\">\n\n            <img data-image-id='67981'\n                 title=\"\"\n                 alt=\"IMG-20250714-WA0044\"\n                 src=\"https:\/\/www.villaeducativa.edu.mx\/newspaper\/wp-content\/gallery\/45-ceremonilastkinder\/IMG-20250714-WA0044.jpg\"\n                 style=\"max-height: 580px;\"\/>\n        <\/a>\n\n        <\/div> \n<div id=\"ngg-image-8\" class=\"ngg-gallery-slideshow-image\" style=\"height:600px\">\n\n        <a href=\"https:\/\/www.villaeducativa.edu.mx\/newspaper\/wp-content\/gallery\/45-ceremonilastkinder\/IMG-20250714-WA0060.jpg\"\n           title=\"\"\n           data-src=\"https:\/\/www.villaeducativa.edu.mx\/newspaper\/wp-content\/gallery\/45-ceremonilastkinder\/IMG-20250714-WA0060.jpg\"\n           data-thumbnail=\"https:\/\/www.villaeducativa.edu.mx\/newspaper\/wp-content\/gallery\/45-ceremonilastkinder\/thumbs\/thumbs_IMG-20250714-WA0060.jpg\"\n           data-image-id=\"67982\"\n           data-title=\"IMG-20250714-WA0060\"\n           data-description=\"\"\n           class=\"ngg-fancybox\" rel=\"de2035e455998e06de35dcf8a9fa47d2\">\n\n            <img data-image-id='67982'\n                 title=\"\"\n                 alt=\"IMG-20250714-WA0060\"\n                 src=\"https:\/\/www.villaeducativa.edu.mx\/newspaper\/wp-content\/gallery\/45-ceremonilastkinder\/IMG-20250714-WA0060.jpg\"\n                 style=\"max-height: 580px;\"\/>\n        <\/a>\n\n        <\/div> \n<div id=\"ngg-image-9\" class=\"ngg-gallery-slideshow-image\" style=\"height:600px\">\n\n        <a href=\"https:\/\/www.villaeducativa.edu.mx\/newspaper\/wp-content\/gallery\/45-ceremonilastkinder\/IMG-20250714-WA0050.jpg\"\n           title=\"\"\n           data-src=\"https:\/\/www.villaeducativa.edu.mx\/newspaper\/wp-content\/gallery\/45-ceremonilastkinder\/IMG-20250714-WA0050.jpg\"\n           data-thumbnail=\"https:\/\/www.villaeducativa.edu.mx\/newspaper\/wp-content\/gallery\/45-ceremonilastkinder\/thumbs\/thumbs_IMG-20250714-WA0050.jpg\"\n           data-image-id=\"67983\"\n           data-title=\"IMG-20250714-WA0050\"\n           data-description=\"\"\n           class=\"ngg-fancybox\" rel=\"de2035e455998e06de35dcf8a9fa47d2\">\n\n            <img data-image-id='67983'\n                 title=\"\"\n                 alt=\"IMG-20250714-WA0050\"\n                 src=\"https:\/\/www.villaeducativa.edu.mx\/newspaper\/wp-content\/gallery\/45-ceremonilastkinder\/IMG-20250714-WA0050.jpg\"\n                 style=\"max-height: 580px;\"\/>\n        <\/a>\n\n        <\/div> \n<div id=\"ngg-image-10\" class=\"ngg-gallery-slideshow-image\" style=\"height:600px\">\n\n        <a href=\"https:\/\/www.villaeducativa.edu.mx\/newspaper\/wp-content\/gallery\/45-ceremonilastkinder\/IMG-20250714-WA0063.jpg\"\n           title=\"\"\n           data-src=\"https:\/\/www.villaeducativa.edu.mx\/newspaper\/wp-content\/gallery\/45-ceremonilastkinder\/IMG-20250714-WA0063.jpg\"\n           data-thumbnail=\"https:\/\/www.villaeducativa.edu.mx\/newspaper\/wp-content\/gallery\/45-ceremonilastkinder\/thumbs\/thumbs_IMG-20250714-WA0063.jpg\"\n           data-image-id=\"67984\"\n           data-title=\"IMG-20250714-WA0063\"\n           data-description=\"\"\n           class=\"ngg-fancybox\" rel=\"de2035e455998e06de35dcf8a9fa47d2\">\n\n            <img data-image-id='67984'\n                 title=\"\"\n                 alt=\"IMG-20250714-WA0063\"\n                 src=\"https:\/\/www.villaeducativa.edu.mx\/newspaper\/wp-content\/gallery\/45-ceremonilastkinder\/IMG-20250714-WA0063.jpg\"\n                 style=\"max-height: 580px;\"\/>\n        <\/a>\n\n        <\/div> \n<\/div>\n\n\n\n\n\n\n\n<hr class=\"wp-block-separator\"\/>\n\n\n\n<p><em><strong>Segunda y tercera ceremonia de amarrarse las agujetas<\/strong><br>Celebramos nuestras \u00faltimas ceremonias de agujetas, donde los ni\u00f1os que supieron atarse las agujetas recibieron una medalla y un diploma. \u00a1Estamos muy orgullosos de ellos!&nbsp; \u00a1Felicidades!<\/em><\/p>\n\n\n\n<p><span class=\"has-inline-color has-vivid-cyan-blue-color\"><strong>Carlie Garc\u00eda<br><\/strong><em>Preschool Principal<\/em><\/span><\/p>\n","protected":false},"excerpt":{"rendered":"<p>We held our last Shoelace Ceremonies, where children who knew how to tie their shoelaces were awarded a medal and a diploma. We are proud of them! Congratulations! Here are our new winners: K2 Ikki L\u00f3pez Regina D\u00edaz Leonardo Liz\u00e1rraga Marion Meneses Aitana Sosa Paula Fuerte K3 Isaac Hern\u00e1ndez Romina&hellip; <\/p>\n","protected":false},"author":2,"featured_media":137397,"comment_status":"closed","ping_status":"closed","sticky":false,"template":"","format":"standard","meta":{"ngg_post_thumbnail":0},"categories":[2],"tags":[],"_links":{"self":[{"href":"https:\/\/www.villaeducativa.edu.mx\/newspaper\/index.php?rest_route=\/wp\/v2\/posts\/137185"}],"collection":[{"href":"https:\/\/www.villaeducativa.edu.mx\/newspaper\/index.php?rest_route=\/wp\/v2\/posts"}],"about":[{"href":"https:\/\/www.villaeducativa.edu.mx\/newspaper\/index.php?rest_route=\/wp\/v2\/types\/post"}],"author":[{"embeddable":true,"href":"https:\/\/www.villaeducativa.edu.mx\/newspaper\/index.php?rest_route=\/wp\/v2\/users\/2"}],"replies":[{"embeddable":true,"href":"https:\/\/www.villaeducativa.edu.mx\/newspaper\/index.php?rest_route=%2Fwp%2Fv2%2Fcomments&post=137185"}],"version-history":[{"count":2,"href":"https:\/\/www.villaeducativa.edu.mx\/newspaper\/index.php?rest_route=\/wp\/v2\/posts\/137185\/revisions"}],"predecessor-version":[{"id":137398,"href":"https:\/\/www.villaeducativa.edu.mx\/newspaper\/index.php?rest_route=\/wp\/v2\/posts\/137185\/revisions\/137398"}],"wp:featuredmedia":[{"embeddable":true,"href":"https:\/\/www.villaeducativa.edu.mx\/newspaper\/index.php?rest_route=\/wp\/v2\/media\/137397"}],"wp:attachment":[{"href":"https:\/\/www.villaeducativa.edu.mx\/newspaper\/index.php?rest_route=%2Fwp%2Fv2%2Fmedia&parent=137185"}],"wp:term":[{"taxonomy":"category","embeddable":true,"href":"https:\/\/www.villaeducativa.edu.mx\/newspaper\/index.php?rest_route=%2Fwp%2Fv2%2Fcategories&post=137185"},{"taxonomy":"post_tag","embeddable":true,"href":"https:\/\/www.villaeducativa.edu.mx\/newspaper\/index.php?rest_route=%2Fwp%2Fv2%2Ftags&post=137185"}],"curies":[{"name":"wp","href":"https:\/\/api.w.org\/{rel}","templated":true}]}}