{"id":137096,"date":"2025-07-16T07:25:00","date_gmt":"2025-07-16T12:25:00","guid":{"rendered":"https:\/\/www.villaeducativa.edu.mx\/newspaper\/?p=137096"},"modified":"2025-07-16T15:12:53","modified_gmt":"2025-07-16T20:12:53","slug":"music-fest-3","status":"publish","type":"post","link":"https:\/\/www.villaeducativa.edu.mx\/newspaper\/?p=137096","title":{"rendered":"Music Fest"},"content":{"rendered":"\n<p>Culminamos el ciclo dando un s\u00faper concierto, en el cual participaron todos nuestros alumnos que formaron parte de las diferentes clases de m\u00fasica; estuvo lleno de mucha energ\u00eda, ritmos y aplausos.<\/p>\n\n\n\n<p>Felicitamos a nuestros queridos profesores Mario Cruz y Axel Ordaz por su labor de ensamblar guitarras, teclado, bater\u00edas y voces.<\/p>\n\n\n\n<p>Los chicos lo disfrutaron y vieron los resultados de su trabajo de este ciclo escolar.<\/p>\n\n\n\n<p>Agradecemos a los pap\u00e1s que nunca dejaron de aplaudir.<\/p>\n\n\n\n\n\n<div class=\"ngg-galleryoverview ngg-slideshow\"\n\t id=\"ngg-slideshow-fac5d12a36707512e28328d4ec79ced6-18807941750\"\n     data-gallery-id=\"fac5d12a36707512e28328d4ec79ced6\"\n     style=\"max-width: 600px; max-height: 400px;\">\n\n \t<div id=\"ngg-image-0\" class=\"ngg-gallery-slideshow-image\" style=\"height:400px\">\n\n        <a href=\"https:\/\/www.villaeducativa.edu.mx\/newspaper\/wp-content\/gallery\/45-musicfest-res\/IMG_5914.jpg\"\n           title=\"\"\n           data-src=\"https:\/\/www.villaeducativa.edu.mx\/newspaper\/wp-content\/gallery\/45-musicfest-res\/IMG_5914.jpg\"\n           data-thumbnail=\"https:\/\/www.villaeducativa.edu.mx\/newspaper\/wp-content\/gallery\/45-musicfest-res\/thumbs\/thumbs_IMG_5914.jpg\"\n           data-image-id=\"67942\"\n           data-title=\"IMG_5914\"\n           data-description=\"\"\n           class=\"ngg-fancybox\" rel=\"fac5d12a36707512e28328d4ec79ced6\">\n\n            <img data-image-id='67942'\n                 title=\"\"\n                 alt=\"IMG_5914\"\n                 src=\"https:\/\/www.villaeducativa.edu.mx\/newspaper\/wp-content\/gallery\/45-musicfest-res\/IMG_5914.jpg\"\n                 style=\"max-height: 380px;\"\/>\n        <\/a>\n\n        <\/div> \n<div id=\"ngg-image-1\" class=\"ngg-gallery-slideshow-image\" style=\"height:400px\">\n\n        <a href=\"https:\/\/www.villaeducativa.edu.mx\/newspaper\/wp-content\/gallery\/45-musicfest-res\/IMG_5933.jpg\"\n           title=\"\"\n           data-src=\"https:\/\/www.villaeducativa.edu.mx\/newspaper\/wp-content\/gallery\/45-musicfest-res\/IMG_5933.jpg\"\n           data-thumbnail=\"https:\/\/www.villaeducativa.edu.mx\/newspaper\/wp-content\/gallery\/45-musicfest-res\/thumbs\/thumbs_IMG_5933.jpg\"\n           data-image-id=\"67952\"\n           data-title=\"IMG_5933\"\n           data-description=\"\"\n           class=\"ngg-fancybox\" rel=\"fac5d12a36707512e28328d4ec79ced6\">\n\n            <img data-image-id='67952'\n                 title=\"\"\n                 alt=\"IMG_5933\"\n                 src=\"https:\/\/www.villaeducativa.edu.mx\/newspaper\/wp-content\/gallery\/45-musicfest-res\/IMG_5933.jpg\"\n                 style=\"max-height: 380px;\"\/>\n        <\/a>\n\n        <\/div> \n<div id=\"ngg-image-2\" class=\"ngg-gallery-slideshow-image\" style=\"height:400px\">\n\n        <a href=\"https:\/\/www.villaeducativa.edu.mx\/newspaper\/wp-content\/gallery\/45-musicfest-res\/IMG_5932.jpg\"\n           title=\"\"\n           data-src=\"https:\/\/www.villaeducativa.edu.mx\/newspaper\/wp-content\/gallery\/45-musicfest-res\/IMG_5932.jpg\"\n           data-thumbnail=\"https:\/\/www.villaeducativa.edu.mx\/newspaper\/wp-content\/gallery\/45-musicfest-res\/thumbs\/thumbs_IMG_5932.jpg\"\n           data-image-id=\"67951\"\n           data-title=\"IMG_5932\"\n           data-description=\"\"\n           class=\"ngg-fancybox\" rel=\"fac5d12a36707512e28328d4ec79ced6\">\n\n            <img data-image-id='67951'\n                 title=\"\"\n                 alt=\"IMG_5932\"\n                 src=\"https:\/\/www.villaeducativa.edu.mx\/newspaper\/wp-content\/gallery\/45-musicfest-res\/IMG_5932.jpg\"\n                 style=\"max-height: 380px;\"\/>\n        <\/a>\n\n        <\/div> \n<div id=\"ngg-image-3\" class=\"ngg-gallery-slideshow-image\" style=\"height:400px\">\n\n        <a href=\"https:\/\/www.villaeducativa.edu.mx\/newspaper\/wp-content\/gallery\/45-musicfest-res\/IMG_5927.jpg\"\n           title=\"\"\n           data-src=\"https:\/\/www.villaeducativa.edu.mx\/newspaper\/wp-content\/gallery\/45-musicfest-res\/IMG_5927.jpg\"\n           data-thumbnail=\"https:\/\/www.villaeducativa.edu.mx\/newspaper\/wp-content\/gallery\/45-musicfest-res\/thumbs\/thumbs_IMG_5927.jpg\"\n           data-image-id=\"67950\"\n           data-title=\"IMG_5927\"\n           data-description=\"\"\n           class=\"ngg-fancybox\" rel=\"fac5d12a36707512e28328d4ec79ced6\">\n\n            <img data-image-id='67950'\n                 title=\"\"\n                 alt=\"IMG_5927\"\n                 src=\"https:\/\/www.villaeducativa.edu.mx\/newspaper\/wp-content\/gallery\/45-musicfest-res\/IMG_5927.jpg\"\n                 style=\"max-height: 380px;\"\/>\n        <\/a>\n\n        <\/div> \n<div id=\"ngg-image-4\" class=\"ngg-gallery-slideshow-image\" style=\"height:400px\">\n\n        <a href=\"https:\/\/www.villaeducativa.edu.mx\/newspaper\/wp-content\/gallery\/45-musicfest-res\/IMG_5926.jpg\"\n           title=\"\"\n           data-src=\"https:\/\/www.villaeducativa.edu.mx\/newspaper\/wp-content\/gallery\/45-musicfest-res\/IMG_5926.jpg\"\n           data-thumbnail=\"https:\/\/www.villaeducativa.edu.mx\/newspaper\/wp-content\/gallery\/45-musicfest-res\/thumbs\/thumbs_IMG_5926.jpg\"\n           data-image-id=\"67949\"\n           data-title=\"IMG_5926\"\n           data-description=\"\"\n           class=\"ngg-fancybox\" rel=\"fac5d12a36707512e28328d4ec79ced6\">\n\n            <img data-image-id='67949'\n                 title=\"\"\n                 alt=\"IMG_5926\"\n                 src=\"https:\/\/www.villaeducativa.edu.mx\/newspaper\/wp-content\/gallery\/45-musicfest-res\/IMG_5926.jpg\"\n                 style=\"max-height: 380px;\"\/>\n        <\/a>\n\n        <\/div> \n<div id=\"ngg-image-5\" class=\"ngg-gallery-slideshow-image\" style=\"height:400px\">\n\n        <a href=\"https:\/\/www.villaeducativa.edu.mx\/newspaper\/wp-content\/gallery\/45-musicfest-res\/IMG_5925.jpg\"\n           title=\"\"\n           data-src=\"https:\/\/www.villaeducativa.edu.mx\/newspaper\/wp-content\/gallery\/45-musicfest-res\/IMG_5925.jpg\"\n           data-thumbnail=\"https:\/\/www.villaeducativa.edu.mx\/newspaper\/wp-content\/gallery\/45-musicfest-res\/thumbs\/thumbs_IMG_5925.jpg\"\n           data-image-id=\"67948\"\n           data-title=\"IMG_5925\"\n           data-description=\"\"\n           class=\"ngg-fancybox\" rel=\"fac5d12a36707512e28328d4ec79ced6\">\n\n            <img data-image-id='67948'\n                 title=\"\"\n                 alt=\"IMG_5925\"\n                 src=\"https:\/\/www.villaeducativa.edu.mx\/newspaper\/wp-content\/gallery\/45-musicfest-res\/IMG_5925.jpg\"\n                 style=\"max-height: 380px;\"\/>\n        <\/a>\n\n        <\/div> \n<div id=\"ngg-image-6\" class=\"ngg-gallery-slideshow-image\" style=\"height:400px\">\n\n        <a href=\"https:\/\/www.villaeducativa.edu.mx\/newspaper\/wp-content\/gallery\/45-musicfest-res\/IMG_5924.jpg\"\n           title=\"\"\n           data-src=\"https:\/\/www.villaeducativa.edu.mx\/newspaper\/wp-content\/gallery\/45-musicfest-res\/IMG_5924.jpg\"\n           data-thumbnail=\"https:\/\/www.villaeducativa.edu.mx\/newspaper\/wp-content\/gallery\/45-musicfest-res\/thumbs\/thumbs_IMG_5924.jpg\"\n           data-image-id=\"67947\"\n           data-title=\"IMG_5924\"\n           data-description=\"\"\n           class=\"ngg-fancybox\" rel=\"fac5d12a36707512e28328d4ec79ced6\">\n\n            <img data-image-id='67947'\n                 title=\"\"\n                 alt=\"IMG_5924\"\n                 src=\"https:\/\/www.villaeducativa.edu.mx\/newspaper\/wp-content\/gallery\/45-musicfest-res\/IMG_5924.jpg\"\n                 style=\"max-height: 380px;\"\/>\n        <\/a>\n\n        <\/div> \n<div id=\"ngg-image-7\" class=\"ngg-gallery-slideshow-image\" style=\"height:400px\">\n\n        <a href=\"https:\/\/www.villaeducativa.edu.mx\/newspaper\/wp-content\/gallery\/45-musicfest-res\/IMG_5921.jpg\"\n           title=\"\"\n           data-src=\"https:\/\/www.villaeducativa.edu.mx\/newspaper\/wp-content\/gallery\/45-musicfest-res\/IMG_5921.jpg\"\n           data-thumbnail=\"https:\/\/www.villaeducativa.edu.mx\/newspaper\/wp-content\/gallery\/45-musicfest-res\/thumbs\/thumbs_IMG_5921.jpg\"\n           data-image-id=\"67946\"\n           data-title=\"IMG_5921\"\n           data-description=\"\"\n           class=\"ngg-fancybox\" rel=\"fac5d12a36707512e28328d4ec79ced6\">\n\n            <img data-image-id='67946'\n                 title=\"\"\n                 alt=\"IMG_5921\"\n                 src=\"https:\/\/www.villaeducativa.edu.mx\/newspaper\/wp-content\/gallery\/45-musicfest-res\/IMG_5921.jpg\"\n                 style=\"max-height: 380px;\"\/>\n        <\/a>\n\n        <\/div> \n<div id=\"ngg-image-8\" class=\"ngg-gallery-slideshow-image\" style=\"height:400px\">\n\n        <a href=\"https:\/\/www.villaeducativa.edu.mx\/newspaper\/wp-content\/gallery\/45-musicfest-res\/IMG_5923.jpg\"\n           title=\"\"\n           data-src=\"https:\/\/www.villaeducativa.edu.mx\/newspaper\/wp-content\/gallery\/45-musicfest-res\/IMG_5923.jpg\"\n           data-thumbnail=\"https:\/\/www.villaeducativa.edu.mx\/newspaper\/wp-content\/gallery\/45-musicfest-res\/thumbs\/thumbs_IMG_5923.jpg\"\n           data-image-id=\"67945\"\n           data-title=\"IMG_5923\"\n           data-description=\"\"\n           class=\"ngg-fancybox\" rel=\"fac5d12a36707512e28328d4ec79ced6\">\n\n            <img data-image-id='67945'\n                 title=\"\"\n                 alt=\"IMG_5923\"\n                 src=\"https:\/\/www.villaeducativa.edu.mx\/newspaper\/wp-content\/gallery\/45-musicfest-res\/IMG_5923.jpg\"\n                 style=\"max-height: 380px;\"\/>\n        <\/a>\n\n        <\/div> \n<div id=\"ngg-image-9\" class=\"ngg-gallery-slideshow-image\" style=\"height:400px\">\n\n        <a href=\"https:\/\/www.villaeducativa.edu.mx\/newspaper\/wp-content\/gallery\/45-musicfest-res\/IMG_5915.jpg\"\n           title=\"\"\n           data-src=\"https:\/\/www.villaeducativa.edu.mx\/newspaper\/wp-content\/gallery\/45-musicfest-res\/IMG_5915.jpg\"\n           data-thumbnail=\"https:\/\/www.villaeducativa.edu.mx\/newspaper\/wp-content\/gallery\/45-musicfest-res\/thumbs\/thumbs_IMG_5915.jpg\"\n           data-image-id=\"67944\"\n           data-title=\"IMG_5915\"\n           data-description=\"\"\n           class=\"ngg-fancybox\" rel=\"fac5d12a36707512e28328d4ec79ced6\">\n\n            <img data-image-id='67944'\n                 title=\"\"\n                 alt=\"IMG_5915\"\n                 src=\"https:\/\/www.villaeducativa.edu.mx\/newspaper\/wp-content\/gallery\/45-musicfest-res\/IMG_5915.jpg\"\n                 style=\"max-height: 380px;\"\/>\n        <\/a>\n\n        <\/div> \n<div id=\"ngg-image-10\" class=\"ngg-gallery-slideshow-image\" style=\"height:400px\">\n\n        <a href=\"https:\/\/www.villaeducativa.edu.mx\/newspaper\/wp-content\/gallery\/45-musicfest-res\/IMG_5919.jpg\"\n           title=\"\"\n           data-src=\"https:\/\/www.villaeducativa.edu.mx\/newspaper\/wp-content\/gallery\/45-musicfest-res\/IMG_5919.jpg\"\n           data-thumbnail=\"https:\/\/www.villaeducativa.edu.mx\/newspaper\/wp-content\/gallery\/45-musicfest-res\/thumbs\/thumbs_IMG_5919.jpg\"\n           data-image-id=\"67943\"\n           data-title=\"IMG_5919\"\n           data-description=\"\"\n           class=\"ngg-fancybox\" rel=\"fac5d12a36707512e28328d4ec79ced6\">\n\n            <img data-image-id='67943'\n                 title=\"\"\n                 alt=\"IMG_5919\"\n                 src=\"https:\/\/www.villaeducativa.edu.mx\/newspaper\/wp-content\/gallery\/45-musicfest-res\/IMG_5919.jpg\"\n                 style=\"max-height: 380px;\"\/>\n        <\/a>\n\n        <\/div> \n<div id=\"ngg-image-11\" class=\"ngg-gallery-slideshow-image\" style=\"height:400px\">\n\n        <a href=\"https:\/\/www.villaeducativa.edu.mx\/newspaper\/wp-content\/gallery\/45-musicfest-res\/IMG_5929.jpg\"\n           title=\"\"\n           data-src=\"https:\/\/www.villaeducativa.edu.mx\/newspaper\/wp-content\/gallery\/45-musicfest-res\/IMG_5929.jpg\"\n           data-thumbnail=\"https:\/\/www.villaeducativa.edu.mx\/newspaper\/wp-content\/gallery\/45-musicfest-res\/thumbs\/thumbs_IMG_5929.jpg\"\n           data-image-id=\"67953\"\n           data-title=\"IMG_5929\"\n           data-description=\"\"\n           class=\"ngg-fancybox\" rel=\"fac5d12a36707512e28328d4ec79ced6\">\n\n            <img data-image-id='67953'\n                 title=\"\"\n                 alt=\"IMG_5929\"\n                 src=\"https:\/\/www.villaeducativa.edu.mx\/newspaper\/wp-content\/gallery\/45-musicfest-res\/IMG_5929.jpg\"\n                 style=\"max-height: 380px;\"\/>\n        <\/a>\n\n        <\/div> \n<div id=\"ngg-image-12\" class=\"ngg-gallery-slideshow-image\" style=\"height:400px\">\n\n        <a href=\"https:\/\/www.villaeducativa.edu.mx\/newspaper\/wp-content\/gallery\/45-musicfest-res\/IMG_5913.jpg\"\n           title=\"\"\n           data-src=\"https:\/\/www.villaeducativa.edu.mx\/newspaper\/wp-content\/gallery\/45-musicfest-res\/IMG_5913.jpg\"\n           data-thumbnail=\"https:\/\/www.villaeducativa.edu.mx\/newspaper\/wp-content\/gallery\/45-musicfest-res\/thumbs\/thumbs_IMG_5913.jpg\"\n           data-image-id=\"67941\"\n           data-title=\"IMG_5913\"\n           data-description=\"\"\n           class=\"ngg-fancybox\" rel=\"fac5d12a36707512e28328d4ec79ced6\">\n\n            <img data-image-id='67941'\n                 title=\"\"\n                 alt=\"IMG_5913\"\n                 src=\"https:\/\/www.villaeducativa.edu.mx\/newspaper\/wp-content\/gallery\/45-musicfest-res\/IMG_5913.jpg\"\n                 style=\"max-height: 380px;\"\/>\n        <\/a>\n\n        <\/div> \n<div id=\"ngg-image-13\" class=\"ngg-gallery-slideshow-image\" style=\"height:400px\">\n\n        <a href=\"https:\/\/www.villaeducativa.edu.mx\/newspaper\/wp-content\/gallery\/45-musicfest-res\/IMG_5911.jpg\"\n           title=\"\"\n           data-src=\"https:\/\/www.villaeducativa.edu.mx\/newspaper\/wp-content\/gallery\/45-musicfest-res\/IMG_5911.jpg\"\n           data-thumbnail=\"https:\/\/www.villaeducativa.edu.mx\/newspaper\/wp-content\/gallery\/45-musicfest-res\/thumbs\/thumbs_IMG_5911.jpg\"\n           data-image-id=\"67940\"\n           data-title=\"IMG_5911\"\n           data-description=\"\"\n           class=\"ngg-fancybox\" rel=\"fac5d12a36707512e28328d4ec79ced6\">\n\n            <img data-image-id='67940'\n                 title=\"\"\n                 alt=\"IMG_5911\"\n                 src=\"https:\/\/www.villaeducativa.edu.mx\/newspaper\/wp-content\/gallery\/45-musicfest-res\/IMG_5911.jpg\"\n                 style=\"max-height: 380px;\"\/>\n        <\/a>\n\n        <\/div> \n<div id=\"ngg-image-14\" class=\"ngg-gallery-slideshow-image\" style=\"height:400px\">\n\n        <a href=\"https:\/\/www.villaeducativa.edu.mx\/newspaper\/wp-content\/gallery\/45-musicfest-res\/IMG_5903.jpg\"\n           title=\"\"\n           data-src=\"https:\/\/www.villaeducativa.edu.mx\/newspaper\/wp-content\/gallery\/45-musicfest-res\/IMG_5903.jpg\"\n           data-thumbnail=\"https:\/\/www.villaeducativa.edu.mx\/newspaper\/wp-content\/gallery\/45-musicfest-res\/thumbs\/thumbs_IMG_5903.jpg\"\n           data-image-id=\"67939\"\n           data-title=\"IMG_5903\"\n           data-description=\"\"\n           class=\"ngg-fancybox\" rel=\"fac5d12a36707512e28328d4ec79ced6\">\n\n            <img data-image-id='67939'\n                 title=\"\"\n                 alt=\"IMG_5903\"\n                 src=\"https:\/\/www.villaeducativa.edu.mx\/newspaper\/wp-content\/gallery\/45-musicfest-res\/IMG_5903.jpg\"\n                 style=\"max-height: 380px;\"\/>\n        <\/a>\n\n        <\/div> \n<div id=\"ngg-image-15\" class=\"ngg-gallery-slideshow-image\" style=\"height:400px\">\n\n        <a href=\"https:\/\/www.villaeducativa.edu.mx\/newspaper\/wp-content\/gallery\/45-musicfest-res\/IMG_5910.jpg\"\n           title=\"\"\n           data-src=\"https:\/\/www.villaeducativa.edu.mx\/newspaper\/wp-content\/gallery\/45-musicfest-res\/IMG_5910.jpg\"\n           data-thumbnail=\"https:\/\/www.villaeducativa.edu.mx\/newspaper\/wp-content\/gallery\/45-musicfest-res\/thumbs\/thumbs_IMG_5910.jpg\"\n           data-image-id=\"67938\"\n           data-title=\"IMG_5910\"\n           data-description=\"\"\n           class=\"ngg-fancybox\" rel=\"fac5d12a36707512e28328d4ec79ced6\">\n\n            <img data-image-id='67938'\n                 title=\"\"\n                 alt=\"IMG_5910\"\n                 src=\"https:\/\/www.villaeducativa.edu.mx\/newspaper\/wp-content\/gallery\/45-musicfest-res\/IMG_5910.jpg\"\n                 style=\"max-height: 380px;\"\/>\n        <\/a>\n\n        <\/div> \n<div id=\"ngg-image-16\" class=\"ngg-gallery-slideshow-image\" style=\"height:400px\">\n\n        <a href=\"https:\/\/www.villaeducativa.edu.mx\/newspaper\/wp-content\/gallery\/45-musicfest-res\/IMG_5907.jpg\"\n           title=\"\"\n           data-src=\"https:\/\/www.villaeducativa.edu.mx\/newspaper\/wp-content\/gallery\/45-musicfest-res\/IMG_5907.jpg\"\n           data-thumbnail=\"https:\/\/www.villaeducativa.edu.mx\/newspaper\/wp-content\/gallery\/45-musicfest-res\/thumbs\/thumbs_IMG_5907.jpg\"\n           data-image-id=\"67937\"\n           data-title=\"IMG_5907\"\n           data-description=\"\"\n           class=\"ngg-fancybox\" rel=\"fac5d12a36707512e28328d4ec79ced6\">\n\n            <img data-image-id='67937'\n                 title=\"\"\n                 alt=\"IMG_5907\"\n                 src=\"https:\/\/www.villaeducativa.edu.mx\/newspaper\/wp-content\/gallery\/45-musicfest-res\/IMG_5907.jpg\"\n                 style=\"max-height: 380px;\"\/>\n        <\/a>\n\n        <\/div> \n<div id=\"ngg-image-17\" class=\"ngg-gallery-slideshow-image\" style=\"height:400px\">\n\n        <a href=\"https:\/\/www.villaeducativa.edu.mx\/newspaper\/wp-content\/gallery\/45-musicfest-res\/IMG_5904.jpg\"\n           title=\"\"\n           data-src=\"https:\/\/www.villaeducativa.edu.mx\/newspaper\/wp-content\/gallery\/45-musicfest-res\/IMG_5904.jpg\"\n           data-thumbnail=\"https:\/\/www.villaeducativa.edu.mx\/newspaper\/wp-content\/gallery\/45-musicfest-res\/thumbs\/thumbs_IMG_5904.jpg\"\n           data-image-id=\"67936\"\n           data-title=\"IMG_5904\"\n           data-description=\"\"\n           class=\"ngg-fancybox\" rel=\"fac5d12a36707512e28328d4ec79ced6\">\n\n            <img data-image-id='67936'\n                 title=\"\"\n                 alt=\"IMG_5904\"\n                 src=\"https:\/\/www.villaeducativa.edu.mx\/newspaper\/wp-content\/gallery\/45-musicfest-res\/IMG_5904.jpg\"\n                 style=\"max-height: 380px;\"\/>\n        <\/a>\n\n        <\/div> \n<div id=\"ngg-image-18\" class=\"ngg-gallery-slideshow-image\" style=\"height:400px\">\n\n        <a href=\"https:\/\/www.villaeducativa.edu.mx\/newspaper\/wp-content\/gallery\/45-musicfest-res\/IMG_5900.jpg\"\n           title=\"\"\n           data-src=\"https:\/\/www.villaeducativa.edu.mx\/newspaper\/wp-content\/gallery\/45-musicfest-res\/IMG_5900.jpg\"\n           data-thumbnail=\"https:\/\/www.villaeducativa.edu.mx\/newspaper\/wp-content\/gallery\/45-musicfest-res\/thumbs\/thumbs_IMG_5900.jpg\"\n           data-image-id=\"67935\"\n           data-title=\"IMG_5900\"\n           data-description=\"\"\n           class=\"ngg-fancybox\" rel=\"fac5d12a36707512e28328d4ec79ced6\">\n\n            <img data-image-id='67935'\n                 title=\"\"\n                 alt=\"IMG_5900\"\n                 src=\"https:\/\/www.villaeducativa.edu.mx\/newspaper\/wp-content\/gallery\/45-musicfest-res\/IMG_5900.jpg\"\n                 style=\"max-height: 380px;\"\/>\n        <\/a>\n\n        <\/div> \n<div id=\"ngg-image-19\" class=\"ngg-gallery-slideshow-image\" style=\"height:400px\">\n\n        <a href=\"https:\/\/www.villaeducativa.edu.mx\/newspaper\/wp-content\/gallery\/45-musicfest-res\/IMG_5902.jpg\"\n           title=\"\"\n           data-src=\"https:\/\/www.villaeducativa.edu.mx\/newspaper\/wp-content\/gallery\/45-musicfest-res\/IMG_5902.jpg\"\n           data-thumbnail=\"https:\/\/www.villaeducativa.edu.mx\/newspaper\/wp-content\/gallery\/45-musicfest-res\/thumbs\/thumbs_IMG_5902.jpg\"\n           data-image-id=\"67934\"\n           data-title=\"IMG_5902\"\n           data-description=\"\"\n           class=\"ngg-fancybox\" rel=\"fac5d12a36707512e28328d4ec79ced6\">\n\n            <img data-image-id='67934'\n                 title=\"\"\n                 alt=\"IMG_5902\"\n                 src=\"https:\/\/www.villaeducativa.edu.mx\/newspaper\/wp-content\/gallery\/45-musicfest-res\/IMG_5902.jpg\"\n                 style=\"max-height: 380px;\"\/>\n        <\/a>\n\n        <\/div> \n<div id=\"ngg-image-20\" class=\"ngg-gallery-slideshow-image\" style=\"height:400px\">\n\n        <a href=\"https:\/\/www.villaeducativa.edu.mx\/newspaper\/wp-content\/gallery\/45-musicfest-res\/IMG_5897.jpg\"\n           title=\"\"\n           data-src=\"https:\/\/www.villaeducativa.edu.mx\/newspaper\/wp-content\/gallery\/45-musicfest-res\/IMG_5897.jpg\"\n           data-thumbnail=\"https:\/\/www.villaeducativa.edu.mx\/newspaper\/wp-content\/gallery\/45-musicfest-res\/thumbs\/thumbs_IMG_5897.jpg\"\n           data-image-id=\"67933\"\n           data-title=\"IMG_5897\"\n           data-description=\"\"\n           class=\"ngg-fancybox\" rel=\"fac5d12a36707512e28328d4ec79ced6\">\n\n            <img data-image-id='67933'\n                 title=\"\"\n                 alt=\"IMG_5897\"\n                 src=\"https:\/\/www.villaeducativa.edu.mx\/newspaper\/wp-content\/gallery\/45-musicfest-res\/IMG_5897.jpg\"\n                 style=\"max-height: 380px;\"\/>\n        <\/a>\n\n        <\/div> \n<div id=\"ngg-image-21\" class=\"ngg-gallery-slideshow-image\" style=\"height:400px\">\n\n        <a href=\"https:\/\/www.villaeducativa.edu.mx\/newspaper\/wp-content\/gallery\/45-musicfest-res\/IMG_5950.jpg\"\n           title=\"\"\n           data-src=\"https:\/\/www.villaeducativa.edu.mx\/newspaper\/wp-content\/gallery\/45-musicfest-res\/IMG_5950.jpg\"\n           data-thumbnail=\"https:\/\/www.villaeducativa.edu.mx\/newspaper\/wp-content\/gallery\/45-musicfest-res\/thumbs\/thumbs_IMG_5950.jpg\"\n           data-image-id=\"67963\"\n           data-title=\"IMG_5950\"\n           data-description=\"\"\n           class=\"ngg-fancybox\" rel=\"fac5d12a36707512e28328d4ec79ced6\">\n\n            <img data-image-id='67963'\n                 title=\"\"\n                 alt=\"IMG_5950\"\n                 src=\"https:\/\/www.villaeducativa.edu.mx\/newspaper\/wp-content\/gallery\/45-musicfest-res\/IMG_5950.jpg\"\n                 style=\"max-height: 380px;\"\/>\n        <\/a>\n\n        <\/div> \n<div id=\"ngg-image-22\" class=\"ngg-gallery-slideshow-image\" style=\"height:400px\">\n\n        <a href=\"https:\/\/www.villaeducativa.edu.mx\/newspaper\/wp-content\/gallery\/45-musicfest-res\/IMG_5971.jpg\"\n           title=\"\"\n           data-src=\"https:\/\/www.villaeducativa.edu.mx\/newspaper\/wp-content\/gallery\/45-musicfest-res\/IMG_5971.jpg\"\n           data-thumbnail=\"https:\/\/www.villaeducativa.edu.mx\/newspaper\/wp-content\/gallery\/45-musicfest-res\/thumbs\/thumbs_IMG_5971.jpg\"\n           data-image-id=\"67973\"\n           data-title=\"IMG_5971\"\n           data-description=\"\"\n           class=\"ngg-fancybox\" rel=\"fac5d12a36707512e28328d4ec79ced6\">\n\n            <img data-image-id='67973'\n                 title=\"\"\n                 alt=\"IMG_5971\"\n                 src=\"https:\/\/www.villaeducativa.edu.mx\/newspaper\/wp-content\/gallery\/45-musicfest-res\/IMG_5971.jpg\"\n                 style=\"max-height: 380px;\"\/>\n        <\/a>\n\n        <\/div> \n<div id=\"ngg-image-23\" class=\"ngg-gallery-slideshow-image\" style=\"height:400px\">\n\n        <a href=\"https:\/\/www.villaeducativa.edu.mx\/newspaper\/wp-content\/gallery\/45-musicfest-res\/IMG_5963.jpg\"\n           title=\"\"\n           data-src=\"https:\/\/www.villaeducativa.edu.mx\/newspaper\/wp-content\/gallery\/45-musicfest-res\/IMG_5963.jpg\"\n           data-thumbnail=\"https:\/\/www.villaeducativa.edu.mx\/newspaper\/wp-content\/gallery\/45-musicfest-res\/thumbs\/thumbs_IMG_5963.jpg\"\n           data-image-id=\"67972\"\n           data-title=\"IMG_5963\"\n           data-description=\"\"\n           class=\"ngg-fancybox\" rel=\"fac5d12a36707512e28328d4ec79ced6\">\n\n            <img data-image-id='67972'\n                 title=\"\"\n                 alt=\"IMG_5963\"\n                 src=\"https:\/\/www.villaeducativa.edu.mx\/newspaper\/wp-content\/gallery\/45-musicfest-res\/IMG_5963.jpg\"\n                 style=\"max-height: 380px;\"\/>\n        <\/a>\n\n        <\/div> \n<div id=\"ngg-image-24\" class=\"ngg-gallery-slideshow-image\" style=\"height:400px\">\n\n        <a href=\"https:\/\/www.villaeducativa.edu.mx\/newspaper\/wp-content\/gallery\/45-musicfest-res\/IMG_5957.jpg\"\n           title=\"\"\n           data-src=\"https:\/\/www.villaeducativa.edu.mx\/newspaper\/wp-content\/gallery\/45-musicfest-res\/IMG_5957.jpg\"\n           data-thumbnail=\"https:\/\/www.villaeducativa.edu.mx\/newspaper\/wp-content\/gallery\/45-musicfest-res\/thumbs\/thumbs_IMG_5957.jpg\"\n           data-image-id=\"67971\"\n           data-title=\"IMG_5957\"\n           data-description=\"\"\n           class=\"ngg-fancybox\" rel=\"fac5d12a36707512e28328d4ec79ced6\">\n\n            <img data-image-id='67971'\n                 title=\"\"\n                 alt=\"IMG_5957\"\n                 src=\"https:\/\/www.villaeducativa.edu.mx\/newspaper\/wp-content\/gallery\/45-musicfest-res\/IMG_5957.jpg\"\n                 style=\"max-height: 380px;\"\/>\n        <\/a>\n\n        <\/div> \n<div id=\"ngg-image-25\" class=\"ngg-gallery-slideshow-image\" style=\"height:400px\">\n\n        <a href=\"https:\/\/www.villaeducativa.edu.mx\/newspaper\/wp-content\/gallery\/45-musicfest-res\/IMG_5960.jpg\"\n           title=\"\"\n           data-src=\"https:\/\/www.villaeducativa.edu.mx\/newspaper\/wp-content\/gallery\/45-musicfest-res\/IMG_5960.jpg\"\n           data-thumbnail=\"https:\/\/www.villaeducativa.edu.mx\/newspaper\/wp-content\/gallery\/45-musicfest-res\/thumbs\/thumbs_IMG_5960.jpg\"\n           data-image-id=\"67970\"\n           data-title=\"IMG_5960\"\n           data-description=\"\"\n           class=\"ngg-fancybox\" rel=\"fac5d12a36707512e28328d4ec79ced6\">\n\n            <img data-image-id='67970'\n                 title=\"\"\n                 alt=\"IMG_5960\"\n                 src=\"https:\/\/www.villaeducativa.edu.mx\/newspaper\/wp-content\/gallery\/45-musicfest-res\/IMG_5960.jpg\"\n                 style=\"max-height: 380px;\"\/>\n        <\/a>\n\n        <\/div> \n<div id=\"ngg-image-26\" class=\"ngg-gallery-slideshow-image\" style=\"height:400px\">\n\n        <a href=\"https:\/\/www.villaeducativa.edu.mx\/newspaper\/wp-content\/gallery\/45-musicfest-res\/IMG_5961.jpg\"\n           title=\"\"\n           data-src=\"https:\/\/www.villaeducativa.edu.mx\/newspaper\/wp-content\/gallery\/45-musicfest-res\/IMG_5961.jpg\"\n           data-thumbnail=\"https:\/\/www.villaeducativa.edu.mx\/newspaper\/wp-content\/gallery\/45-musicfest-res\/thumbs\/thumbs_IMG_5961.jpg\"\n           data-image-id=\"67969\"\n           data-title=\"IMG_5961\"\n           data-description=\"\"\n           class=\"ngg-fancybox\" rel=\"fac5d12a36707512e28328d4ec79ced6\">\n\n            <img data-image-id='67969'\n                 title=\"\"\n                 alt=\"IMG_5961\"\n                 src=\"https:\/\/www.villaeducativa.edu.mx\/newspaper\/wp-content\/gallery\/45-musicfest-res\/IMG_5961.jpg\"\n                 style=\"max-height: 380px;\"\/>\n        <\/a>\n\n        <\/div> \n<div id=\"ngg-image-27\" class=\"ngg-gallery-slideshow-image\" style=\"height:400px\">\n\n        <a href=\"https:\/\/www.villaeducativa.edu.mx\/newspaper\/wp-content\/gallery\/45-musicfest-res\/IMG_5956.jpg\"\n           title=\"\"\n           data-src=\"https:\/\/www.villaeducativa.edu.mx\/newspaper\/wp-content\/gallery\/45-musicfest-res\/IMG_5956.jpg\"\n           data-thumbnail=\"https:\/\/www.villaeducativa.edu.mx\/newspaper\/wp-content\/gallery\/45-musicfest-res\/thumbs\/thumbs_IMG_5956.jpg\"\n           data-image-id=\"67968\"\n           data-title=\"IMG_5956\"\n           data-description=\"\"\n           class=\"ngg-fancybox\" rel=\"fac5d12a36707512e28328d4ec79ced6\">\n\n            <img data-image-id='67968'\n                 title=\"\"\n                 alt=\"IMG_5956\"\n                 src=\"https:\/\/www.villaeducativa.edu.mx\/newspaper\/wp-content\/gallery\/45-musicfest-res\/IMG_5956.jpg\"\n                 style=\"max-height: 380px;\"\/>\n        <\/a>\n\n        <\/div> \n<div id=\"ngg-image-28\" class=\"ngg-gallery-slideshow-image\" style=\"height:400px\">\n\n        <a href=\"https:\/\/www.villaeducativa.edu.mx\/newspaper\/wp-content\/gallery\/45-musicfest-res\/IMG_5955.jpg\"\n           title=\"\"\n           data-src=\"https:\/\/www.villaeducativa.edu.mx\/newspaper\/wp-content\/gallery\/45-musicfest-res\/IMG_5955.jpg\"\n           data-thumbnail=\"https:\/\/www.villaeducativa.edu.mx\/newspaper\/wp-content\/gallery\/45-musicfest-res\/thumbs\/thumbs_IMG_5955.jpg\"\n           data-image-id=\"67967\"\n           data-title=\"IMG_5955\"\n           data-description=\"\"\n           class=\"ngg-fancybox\" rel=\"fac5d12a36707512e28328d4ec79ced6\">\n\n            <img data-image-id='67967'\n                 title=\"\"\n                 alt=\"IMG_5955\"\n                 src=\"https:\/\/www.villaeducativa.edu.mx\/newspaper\/wp-content\/gallery\/45-musicfest-res\/IMG_5955.jpg\"\n                 style=\"max-height: 380px;\"\/>\n        <\/a>\n\n        <\/div> \n<div id=\"ngg-image-29\" class=\"ngg-gallery-slideshow-image\" style=\"height:400px\">\n\n        <a href=\"https:\/\/www.villaeducativa.edu.mx\/newspaper\/wp-content\/gallery\/45-musicfest-res\/IMG_5954.jpg\"\n           title=\"\"\n           data-src=\"https:\/\/www.villaeducativa.edu.mx\/newspaper\/wp-content\/gallery\/45-musicfest-res\/IMG_5954.jpg\"\n           data-thumbnail=\"https:\/\/www.villaeducativa.edu.mx\/newspaper\/wp-content\/gallery\/45-musicfest-res\/thumbs\/thumbs_IMG_5954.jpg\"\n           data-image-id=\"67966\"\n           data-title=\"IMG_5954\"\n           data-description=\"\"\n           class=\"ngg-fancybox\" rel=\"fac5d12a36707512e28328d4ec79ced6\">\n\n            <img data-image-id='67966'\n                 title=\"\"\n                 alt=\"IMG_5954\"\n                 src=\"https:\/\/www.villaeducativa.edu.mx\/newspaper\/wp-content\/gallery\/45-musicfest-res\/IMG_5954.jpg\"\n                 style=\"max-height: 380px;\"\/>\n        <\/a>\n\n        <\/div> \n<div id=\"ngg-image-30\" class=\"ngg-gallery-slideshow-image\" style=\"height:400px\">\n\n        <a href=\"https:\/\/www.villaeducativa.edu.mx\/newspaper\/wp-content\/gallery\/45-musicfest-res\/IMG_5948.jpg\"\n           title=\"\"\n           data-src=\"https:\/\/www.villaeducativa.edu.mx\/newspaper\/wp-content\/gallery\/45-musicfest-res\/IMG_5948.jpg\"\n           data-thumbnail=\"https:\/\/www.villaeducativa.edu.mx\/newspaper\/wp-content\/gallery\/45-musicfest-res\/thumbs\/thumbs_IMG_5948.jpg\"\n           data-image-id=\"67965\"\n           data-title=\"IMG_5948\"\n           data-description=\"\"\n           class=\"ngg-fancybox\" rel=\"fac5d12a36707512e28328d4ec79ced6\">\n\n            <img data-image-id='67965'\n                 title=\"\"\n                 alt=\"IMG_5948\"\n                 src=\"https:\/\/www.villaeducativa.edu.mx\/newspaper\/wp-content\/gallery\/45-musicfest-res\/IMG_5948.jpg\"\n                 style=\"max-height: 380px;\"\/>\n        <\/a>\n\n        <\/div> \n<div id=\"ngg-image-31\" class=\"ngg-gallery-slideshow-image\" style=\"height:400px\">\n\n        <a href=\"https:\/\/www.villaeducativa.edu.mx\/newspaper\/wp-content\/gallery\/45-musicfest-res\/IMG_5953.jpg\"\n           title=\"\"\n           data-src=\"https:\/\/www.villaeducativa.edu.mx\/newspaper\/wp-content\/gallery\/45-musicfest-res\/IMG_5953.jpg\"\n           data-thumbnail=\"https:\/\/www.villaeducativa.edu.mx\/newspaper\/wp-content\/gallery\/45-musicfest-res\/thumbs\/thumbs_IMG_5953.jpg\"\n           data-image-id=\"67964\"\n           data-title=\"IMG_5953\"\n           data-description=\"\"\n           class=\"ngg-fancybox\" rel=\"fac5d12a36707512e28328d4ec79ced6\">\n\n            <img data-image-id='67964'\n                 title=\"\"\n                 alt=\"IMG_5953\"\n                 src=\"https:\/\/www.villaeducativa.edu.mx\/newspaper\/wp-content\/gallery\/45-musicfest-res\/IMG_5953.jpg\"\n                 style=\"max-height: 380px;\"\/>\n        <\/a>\n\n        <\/div> \n<div id=\"ngg-image-32\" class=\"ngg-gallery-slideshow-image\" style=\"height:400px\">\n\n        <a href=\"https:\/\/www.villaeducativa.edu.mx\/newspaper\/wp-content\/gallery\/45-musicfest-res\/IMG_5895.jpg\"\n           title=\"\"\n           data-src=\"https:\/\/www.villaeducativa.edu.mx\/newspaper\/wp-content\/gallery\/45-musicfest-res\/IMG_5895.jpg\"\n           data-thumbnail=\"https:\/\/www.villaeducativa.edu.mx\/newspaper\/wp-content\/gallery\/45-musicfest-res\/thumbs\/thumbs_IMG_5895.jpg\"\n           data-image-id=\"67932\"\n           data-title=\"IMG_5895\"\n           data-description=\"\"\n           class=\"ngg-fancybox\" rel=\"fac5d12a36707512e28328d4ec79ced6\">\n\n            <img data-image-id='67932'\n                 title=\"\"\n                 alt=\"IMG_5895\"\n                 src=\"https:\/\/www.villaeducativa.edu.mx\/newspaper\/wp-content\/gallery\/45-musicfest-res\/IMG_5895.jpg\"\n                 style=\"max-height: 380px;\"\/>\n        <\/a>\n\n        <\/div> \n<div id=\"ngg-image-33\" class=\"ngg-gallery-slideshow-image\" style=\"height:400px\">\n\n        <a href=\"https:\/\/www.villaeducativa.edu.mx\/newspaper\/wp-content\/gallery\/45-musicfest-res\/IMG_5951.jpg\"\n           title=\"\"\n           data-src=\"https:\/\/www.villaeducativa.edu.mx\/newspaper\/wp-content\/gallery\/45-musicfest-res\/IMG_5951.jpg\"\n           data-thumbnail=\"https:\/\/www.villaeducativa.edu.mx\/newspaper\/wp-content\/gallery\/45-musicfest-res\/thumbs\/thumbs_IMG_5951.jpg\"\n           data-image-id=\"67962\"\n           data-title=\"IMG_5951\"\n           data-description=\"\"\n           class=\"ngg-fancybox\" rel=\"fac5d12a36707512e28328d4ec79ced6\">\n\n            <img data-image-id='67962'\n                 title=\"\"\n                 alt=\"IMG_5951\"\n                 src=\"https:\/\/www.villaeducativa.edu.mx\/newspaper\/wp-content\/gallery\/45-musicfest-res\/IMG_5951.jpg\"\n                 style=\"max-height: 380px;\"\/>\n        <\/a>\n\n        <\/div> \n<div id=\"ngg-image-34\" class=\"ngg-gallery-slideshow-image\" style=\"height:400px\">\n\n        <a href=\"https:\/\/www.villaeducativa.edu.mx\/newspaper\/wp-content\/gallery\/45-musicfest-res\/IMG_5945.jpg\"\n           title=\"\"\n           data-src=\"https:\/\/www.villaeducativa.edu.mx\/newspaper\/wp-content\/gallery\/45-musicfest-res\/IMG_5945.jpg\"\n           data-thumbnail=\"https:\/\/www.villaeducativa.edu.mx\/newspaper\/wp-content\/gallery\/45-musicfest-res\/thumbs\/thumbs_IMG_5945.jpg\"\n           data-image-id=\"67961\"\n           data-title=\"IMG_5945\"\n           data-description=\"\"\n           class=\"ngg-fancybox\" rel=\"fac5d12a36707512e28328d4ec79ced6\">\n\n            <img data-image-id='67961'\n                 title=\"\"\n                 alt=\"IMG_5945\"\n                 src=\"https:\/\/www.villaeducativa.edu.mx\/newspaper\/wp-content\/gallery\/45-musicfest-res\/IMG_5945.jpg\"\n                 style=\"max-height: 380px;\"\/>\n        <\/a>\n\n        <\/div> \n<div id=\"ngg-image-35\" class=\"ngg-gallery-slideshow-image\" style=\"height:400px\">\n\n        <a href=\"https:\/\/www.villaeducativa.edu.mx\/newspaper\/wp-content\/gallery\/45-musicfest-res\/IMG_5942.jpg\"\n           title=\"\"\n           data-src=\"https:\/\/www.villaeducativa.edu.mx\/newspaper\/wp-content\/gallery\/45-musicfest-res\/IMG_5942.jpg\"\n           data-thumbnail=\"https:\/\/www.villaeducativa.edu.mx\/newspaper\/wp-content\/gallery\/45-musicfest-res\/thumbs\/thumbs_IMG_5942.jpg\"\n           data-image-id=\"67960\"\n           data-title=\"IMG_5942\"\n           data-description=\"\"\n           class=\"ngg-fancybox\" rel=\"fac5d12a36707512e28328d4ec79ced6\">\n\n            <img data-image-id='67960'\n                 title=\"\"\n                 alt=\"IMG_5942\"\n                 src=\"https:\/\/www.villaeducativa.edu.mx\/newspaper\/wp-content\/gallery\/45-musicfest-res\/IMG_5942.jpg\"\n                 style=\"max-height: 380px;\"\/>\n        <\/a>\n\n        <\/div> \n<div id=\"ngg-image-36\" class=\"ngg-gallery-slideshow-image\" style=\"height:400px\">\n\n        <a href=\"https:\/\/www.villaeducativa.edu.mx\/newspaper\/wp-content\/gallery\/45-musicfest-res\/IMG_5940.jpg\"\n           title=\"\"\n           data-src=\"https:\/\/www.villaeducativa.edu.mx\/newspaper\/wp-content\/gallery\/45-musicfest-res\/IMG_5940.jpg\"\n           data-thumbnail=\"https:\/\/www.villaeducativa.edu.mx\/newspaper\/wp-content\/gallery\/45-musicfest-res\/thumbs\/thumbs_IMG_5940.jpg\"\n           data-image-id=\"67959\"\n           data-title=\"IMG_5940\"\n           data-description=\"\"\n           class=\"ngg-fancybox\" rel=\"fac5d12a36707512e28328d4ec79ced6\">\n\n            <img data-image-id='67959'\n                 title=\"\"\n                 alt=\"IMG_5940\"\n                 src=\"https:\/\/www.villaeducativa.edu.mx\/newspaper\/wp-content\/gallery\/45-musicfest-res\/IMG_5940.jpg\"\n                 style=\"max-height: 380px;\"\/>\n        <\/a>\n\n        <\/div> \n<div id=\"ngg-image-37\" class=\"ngg-gallery-slideshow-image\" style=\"height:400px\">\n\n        <a href=\"https:\/\/www.villaeducativa.edu.mx\/newspaper\/wp-content\/gallery\/45-musicfest-res\/IMG_5939.jpg\"\n           title=\"\"\n           data-src=\"https:\/\/www.villaeducativa.edu.mx\/newspaper\/wp-content\/gallery\/45-musicfest-res\/IMG_5939.jpg\"\n           data-thumbnail=\"https:\/\/www.villaeducativa.edu.mx\/newspaper\/wp-content\/gallery\/45-musicfest-res\/thumbs\/thumbs_IMG_5939.jpg\"\n           data-image-id=\"67958\"\n           data-title=\"IMG_5939\"\n           data-description=\"\"\n           class=\"ngg-fancybox\" rel=\"fac5d12a36707512e28328d4ec79ced6\">\n\n            <img data-image-id='67958'\n                 title=\"\"\n                 alt=\"IMG_5939\"\n                 src=\"https:\/\/www.villaeducativa.edu.mx\/newspaper\/wp-content\/gallery\/45-musicfest-res\/IMG_5939.jpg\"\n                 style=\"max-height: 380px;\"\/>\n        <\/a>\n\n        <\/div> \n<div id=\"ngg-image-38\" class=\"ngg-gallery-slideshow-image\" style=\"height:400px\">\n\n        <a href=\"https:\/\/www.villaeducativa.edu.mx\/newspaper\/wp-content\/gallery\/45-musicfest-res\/IMG_5938.jpg\"\n           title=\"\"\n           data-src=\"https:\/\/www.villaeducativa.edu.mx\/newspaper\/wp-content\/gallery\/45-musicfest-res\/IMG_5938.jpg\"\n           data-thumbnail=\"https:\/\/www.villaeducativa.edu.mx\/newspaper\/wp-content\/gallery\/45-musicfest-res\/thumbs\/thumbs_IMG_5938.jpg\"\n           data-image-id=\"67957\"\n           data-title=\"IMG_5938\"\n           data-description=\"\"\n           class=\"ngg-fancybox\" rel=\"fac5d12a36707512e28328d4ec79ced6\">\n\n            <img data-image-id='67957'\n                 title=\"\"\n                 alt=\"IMG_5938\"\n                 src=\"https:\/\/www.villaeducativa.edu.mx\/newspaper\/wp-content\/gallery\/45-musicfest-res\/IMG_5938.jpg\"\n                 style=\"max-height: 380px;\"\/>\n        <\/a>\n\n        <\/div> \n<div id=\"ngg-image-39\" class=\"ngg-gallery-slideshow-image\" style=\"height:400px\">\n\n        <a href=\"https:\/\/www.villaeducativa.edu.mx\/newspaper\/wp-content\/gallery\/45-musicfest-res\/IMG_5936.jpg\"\n           title=\"\"\n           data-src=\"https:\/\/www.villaeducativa.edu.mx\/newspaper\/wp-content\/gallery\/45-musicfest-res\/IMG_5936.jpg\"\n           data-thumbnail=\"https:\/\/www.villaeducativa.edu.mx\/newspaper\/wp-content\/gallery\/45-musicfest-res\/thumbs\/thumbs_IMG_5936.jpg\"\n           data-image-id=\"67956\"\n           data-title=\"IMG_5936\"\n           data-description=\"\"\n           class=\"ngg-fancybox\" rel=\"fac5d12a36707512e28328d4ec79ced6\">\n\n            <img data-image-id='67956'\n                 title=\"\"\n                 alt=\"IMG_5936\"\n                 src=\"https:\/\/www.villaeducativa.edu.mx\/newspaper\/wp-content\/gallery\/45-musicfest-res\/IMG_5936.jpg\"\n                 style=\"max-height: 380px;\"\/>\n        <\/a>\n\n        <\/div> \n<div id=\"ngg-image-40\" class=\"ngg-gallery-slideshow-image\" style=\"height:400px\">\n\n        <a href=\"https:\/\/www.villaeducativa.edu.mx\/newspaper\/wp-content\/gallery\/45-musicfest-res\/IMG_5935.jpg\"\n           title=\"\"\n           data-src=\"https:\/\/www.villaeducativa.edu.mx\/newspaper\/wp-content\/gallery\/45-musicfest-res\/IMG_5935.jpg\"\n           data-thumbnail=\"https:\/\/www.villaeducativa.edu.mx\/newspaper\/wp-content\/gallery\/45-musicfest-res\/thumbs\/thumbs_IMG_5935.jpg\"\n           data-image-id=\"67955\"\n           data-title=\"IMG_5935\"\n           data-description=\"\"\n           class=\"ngg-fancybox\" rel=\"fac5d12a36707512e28328d4ec79ced6\">\n\n            <img data-image-id='67955'\n                 title=\"\"\n                 alt=\"IMG_5935\"\n                 src=\"https:\/\/www.villaeducativa.edu.mx\/newspaper\/wp-content\/gallery\/45-musicfest-res\/IMG_5935.jpg\"\n                 style=\"max-height: 380px;\"\/>\n        <\/a>\n\n        <\/div> \n<div id=\"ngg-image-41\" class=\"ngg-gallery-slideshow-image\" style=\"height:400px\">\n\n        <a href=\"https:\/\/www.villaeducativa.edu.mx\/newspaper\/wp-content\/gallery\/45-musicfest-res\/IMG_5934.jpg\"\n           title=\"\"\n           data-src=\"https:\/\/www.villaeducativa.edu.mx\/newspaper\/wp-content\/gallery\/45-musicfest-res\/IMG_5934.jpg\"\n           data-thumbnail=\"https:\/\/www.villaeducativa.edu.mx\/newspaper\/wp-content\/gallery\/45-musicfest-res\/thumbs\/thumbs_IMG_5934.jpg\"\n           data-image-id=\"67954\"\n           data-title=\"IMG_5934\"\n           data-description=\"\"\n           class=\"ngg-fancybox\" rel=\"fac5d12a36707512e28328d4ec79ced6\">\n\n            <img data-image-id='67954'\n                 title=\"\"\n                 alt=\"IMG_5934\"\n                 src=\"https:\/\/www.villaeducativa.edu.mx\/newspaper\/wp-content\/gallery\/45-musicfest-res\/IMG_5934.jpg\"\n                 style=\"max-height: 380px;\"\/>\n        <\/a>\n\n        <\/div> \n<div id=\"ngg-image-42\" class=\"ngg-gallery-slideshow-image\" style=\"height:400px\">\n\n        <a href=\"https:\/\/www.villaeducativa.edu.mx\/newspaper\/wp-content\/gallery\/45-musicfest-res\/IMG_5836.jpg\"\n           title=\"\"\n           data-src=\"https:\/\/www.villaeducativa.edu.mx\/newspaper\/wp-content\/gallery\/45-musicfest-res\/IMG_5836.jpg\"\n           data-thumbnail=\"https:\/\/www.villaeducativa.edu.mx\/newspaper\/wp-content\/gallery\/45-musicfest-res\/thumbs\/thumbs_IMG_5836.jpg\"\n           data-image-id=\"67900\"\n           data-title=\"IMG_5836\"\n           data-description=\"\"\n           class=\"ngg-fancybox\" rel=\"fac5d12a36707512e28328d4ec79ced6\">\n\n            <img data-image-id='67900'\n                 title=\"\"\n                 alt=\"IMG_5836\"\n                 src=\"https:\/\/www.villaeducativa.edu.mx\/newspaper\/wp-content\/gallery\/45-musicfest-res\/IMG_5836.jpg\"\n                 style=\"max-height: 380px;\"\/>\n        <\/a>\n\n        <\/div> \n<div id=\"ngg-image-43\" class=\"ngg-gallery-slideshow-image\" style=\"height:400px\">\n\n        <a href=\"https:\/\/www.villaeducativa.edu.mx\/newspaper\/wp-content\/gallery\/45-musicfest-res\/IMG_5849.jpg\"\n           title=\"\"\n           data-src=\"https:\/\/www.villaeducativa.edu.mx\/newspaper\/wp-content\/gallery\/45-musicfest-res\/IMG_5849.jpg\"\n           data-thumbnail=\"https:\/\/www.villaeducativa.edu.mx\/newspaper\/wp-content\/gallery\/45-musicfest-res\/thumbs\/thumbs_IMG_5849.jpg\"\n           data-image-id=\"67910\"\n           data-title=\"IMG_5849\"\n           data-description=\"\"\n           class=\"ngg-fancybox\" rel=\"fac5d12a36707512e28328d4ec79ced6\">\n\n            <img data-image-id='67910'\n                 title=\"\"\n                 alt=\"IMG_5849\"\n                 src=\"https:\/\/www.villaeducativa.edu.mx\/newspaper\/wp-content\/gallery\/45-musicfest-res\/IMG_5849.jpg\"\n                 style=\"max-height: 380px;\"\/>\n        <\/a>\n\n        <\/div> \n<div id=\"ngg-image-44\" class=\"ngg-gallery-slideshow-image\" style=\"height:400px\">\n\n        <a href=\"https:\/\/www.villaeducativa.edu.mx\/newspaper\/wp-content\/gallery\/45-musicfest-res\/IMG_5846.jpg\"\n           title=\"\"\n           data-src=\"https:\/\/www.villaeducativa.edu.mx\/newspaper\/wp-content\/gallery\/45-musicfest-res\/IMG_5846.jpg\"\n           data-thumbnail=\"https:\/\/www.villaeducativa.edu.mx\/newspaper\/wp-content\/gallery\/45-musicfest-res\/thumbs\/thumbs_IMG_5846.jpg\"\n           data-image-id=\"67909\"\n           data-title=\"IMG_5846\"\n           data-description=\"\"\n           class=\"ngg-fancybox\" rel=\"fac5d12a36707512e28328d4ec79ced6\">\n\n            <img data-image-id='67909'\n                 title=\"\"\n                 alt=\"IMG_5846\"\n                 src=\"https:\/\/www.villaeducativa.edu.mx\/newspaper\/wp-content\/gallery\/45-musicfest-res\/IMG_5846.jpg\"\n                 style=\"max-height: 380px;\"\/>\n        <\/a>\n\n        <\/div> \n<div id=\"ngg-image-45\" class=\"ngg-gallery-slideshow-image\" style=\"height:400px\">\n\n        <a href=\"https:\/\/www.villaeducativa.edu.mx\/newspaper\/wp-content\/gallery\/45-musicfest-res\/IMG_5848.jpg\"\n           title=\"\"\n           data-src=\"https:\/\/www.villaeducativa.edu.mx\/newspaper\/wp-content\/gallery\/45-musicfest-res\/IMG_5848.jpg\"\n           data-thumbnail=\"https:\/\/www.villaeducativa.edu.mx\/newspaper\/wp-content\/gallery\/45-musicfest-res\/thumbs\/thumbs_IMG_5848.jpg\"\n           data-image-id=\"67908\"\n           data-title=\"IMG_5848\"\n           data-description=\"\"\n           class=\"ngg-fancybox\" rel=\"fac5d12a36707512e28328d4ec79ced6\">\n\n            <img data-image-id='67908'\n                 title=\"\"\n                 alt=\"IMG_5848\"\n                 src=\"https:\/\/www.villaeducativa.edu.mx\/newspaper\/wp-content\/gallery\/45-musicfest-res\/IMG_5848.jpg\"\n                 style=\"max-height: 380px;\"\/>\n        <\/a>\n\n        <\/div> \n<div id=\"ngg-image-46\" class=\"ngg-gallery-slideshow-image\" style=\"height:400px\">\n\n        <a href=\"https:\/\/www.villaeducativa.edu.mx\/newspaper\/wp-content\/gallery\/45-musicfest-res\/IMG_5847.jpg\"\n           title=\"\"\n           data-src=\"https:\/\/www.villaeducativa.edu.mx\/newspaper\/wp-content\/gallery\/45-musicfest-res\/IMG_5847.jpg\"\n           data-thumbnail=\"https:\/\/www.villaeducativa.edu.mx\/newspaper\/wp-content\/gallery\/45-musicfest-res\/thumbs\/thumbs_IMG_5847.jpg\"\n           data-image-id=\"67907\"\n           data-title=\"IMG_5847\"\n           data-description=\"\"\n           class=\"ngg-fancybox\" rel=\"fac5d12a36707512e28328d4ec79ced6\">\n\n            <img data-image-id='67907'\n                 title=\"\"\n                 alt=\"IMG_5847\"\n                 src=\"https:\/\/www.villaeducativa.edu.mx\/newspaper\/wp-content\/gallery\/45-musicfest-res\/IMG_5847.jpg\"\n                 style=\"max-height: 380px;\"\/>\n        <\/a>\n\n        <\/div> \n<div id=\"ngg-image-47\" class=\"ngg-gallery-slideshow-image\" style=\"height:400px\">\n\n        <a href=\"https:\/\/www.villaeducativa.edu.mx\/newspaper\/wp-content\/gallery\/45-musicfest-res\/IMG_5845.jpg\"\n           title=\"\"\n           data-src=\"https:\/\/www.villaeducativa.edu.mx\/newspaper\/wp-content\/gallery\/45-musicfest-res\/IMG_5845.jpg\"\n           data-thumbnail=\"https:\/\/www.villaeducativa.edu.mx\/newspaper\/wp-content\/gallery\/45-musicfest-res\/thumbs\/thumbs_IMG_5845.jpg\"\n           data-image-id=\"67906\"\n           data-title=\"IMG_5845\"\n           data-description=\"\"\n           class=\"ngg-fancybox\" rel=\"fac5d12a36707512e28328d4ec79ced6\">\n\n            <img data-image-id='67906'\n                 title=\"\"\n                 alt=\"IMG_5845\"\n                 src=\"https:\/\/www.villaeducativa.edu.mx\/newspaper\/wp-content\/gallery\/45-musicfest-res\/IMG_5845.jpg\"\n                 style=\"max-height: 380px;\"\/>\n        <\/a>\n\n        <\/div> \n<div id=\"ngg-image-48\" class=\"ngg-gallery-slideshow-image\" style=\"height:400px\">\n\n        <a href=\"https:\/\/www.villaeducativa.edu.mx\/newspaper\/wp-content\/gallery\/45-musicfest-res\/IMG_5843.jpg\"\n           title=\"\"\n           data-src=\"https:\/\/www.villaeducativa.edu.mx\/newspaper\/wp-content\/gallery\/45-musicfest-res\/IMG_5843.jpg\"\n           data-thumbnail=\"https:\/\/www.villaeducativa.edu.mx\/newspaper\/wp-content\/gallery\/45-musicfest-res\/thumbs\/thumbs_IMG_5843.jpg\"\n           data-image-id=\"67905\"\n           data-title=\"IMG_5843\"\n           data-description=\"\"\n           class=\"ngg-fancybox\" rel=\"fac5d12a36707512e28328d4ec79ced6\">\n\n            <img data-image-id='67905'\n                 title=\"\"\n                 alt=\"IMG_5843\"\n                 src=\"https:\/\/www.villaeducativa.edu.mx\/newspaper\/wp-content\/gallery\/45-musicfest-res\/IMG_5843.jpg\"\n                 style=\"max-height: 380px;\"\/>\n        <\/a>\n\n        <\/div> \n<div id=\"ngg-image-49\" class=\"ngg-gallery-slideshow-image\" style=\"height:400px\">\n\n        <a href=\"https:\/\/www.villaeducativa.edu.mx\/newspaper\/wp-content\/gallery\/45-musicfest-res\/IMG_5842.jpg\"\n           title=\"\"\n           data-src=\"https:\/\/www.villaeducativa.edu.mx\/newspaper\/wp-content\/gallery\/45-musicfest-res\/IMG_5842.jpg\"\n           data-thumbnail=\"https:\/\/www.villaeducativa.edu.mx\/newspaper\/wp-content\/gallery\/45-musicfest-res\/thumbs\/thumbs_IMG_5842.jpg\"\n           data-image-id=\"67904\"\n           data-title=\"IMG_5842\"\n           data-description=\"\"\n           class=\"ngg-fancybox\" rel=\"fac5d12a36707512e28328d4ec79ced6\">\n\n            <img data-image-id='67904'\n                 title=\"\"\n                 alt=\"IMG_5842\"\n                 src=\"https:\/\/www.villaeducativa.edu.mx\/newspaper\/wp-content\/gallery\/45-musicfest-res\/IMG_5842.jpg\"\n                 style=\"max-height: 380px;\"\/>\n        <\/a>\n\n        <\/div> \n<div id=\"ngg-image-50\" class=\"ngg-gallery-slideshow-image\" style=\"height:400px\">\n\n        <a href=\"https:\/\/www.villaeducativa.edu.mx\/newspaper\/wp-content\/gallery\/45-musicfest-res\/IMG_5835.jpg\"\n           title=\"\"\n           data-src=\"https:\/\/www.villaeducativa.edu.mx\/newspaper\/wp-content\/gallery\/45-musicfest-res\/IMG_5835.jpg\"\n           data-thumbnail=\"https:\/\/www.villaeducativa.edu.mx\/newspaper\/wp-content\/gallery\/45-musicfest-res\/thumbs\/thumbs_IMG_5835.jpg\"\n           data-image-id=\"67903\"\n           data-title=\"IMG_5835\"\n           data-description=\"\"\n           class=\"ngg-fancybox\" rel=\"fac5d12a36707512e28328d4ec79ced6\">\n\n            <img data-image-id='67903'\n                 title=\"\"\n                 alt=\"IMG_5835\"\n                 src=\"https:\/\/www.villaeducativa.edu.mx\/newspaper\/wp-content\/gallery\/45-musicfest-res\/IMG_5835.jpg\"\n                 style=\"max-height: 380px;\"\/>\n        <\/a>\n\n        <\/div> \n<div id=\"ngg-image-51\" class=\"ngg-gallery-slideshow-image\" style=\"height:400px\">\n\n        <a href=\"https:\/\/www.villaeducativa.edu.mx\/newspaper\/wp-content\/gallery\/45-musicfest-res\/IMG_5841.jpg\"\n           title=\"\"\n           data-src=\"https:\/\/www.villaeducativa.edu.mx\/newspaper\/wp-content\/gallery\/45-musicfest-res\/IMG_5841.jpg\"\n           data-thumbnail=\"https:\/\/www.villaeducativa.edu.mx\/newspaper\/wp-content\/gallery\/45-musicfest-res\/thumbs\/thumbs_IMG_5841.jpg\"\n           data-image-id=\"67902\"\n           data-title=\"IMG_5841\"\n           data-description=\"\"\n           class=\"ngg-fancybox\" rel=\"fac5d12a36707512e28328d4ec79ced6\">\n\n            <img data-image-id='67902'\n                 title=\"\"\n                 alt=\"IMG_5841\"\n                 src=\"https:\/\/www.villaeducativa.edu.mx\/newspaper\/wp-content\/gallery\/45-musicfest-res\/IMG_5841.jpg\"\n                 style=\"max-height: 380px;\"\/>\n        <\/a>\n\n        <\/div> \n<div id=\"ngg-image-52\" class=\"ngg-gallery-slideshow-image\" style=\"height:400px\">\n\n        <a href=\"https:\/\/www.villaeducativa.edu.mx\/newspaper\/wp-content\/gallery\/45-musicfest-res\/IMG_5840.jpg\"\n           title=\"\"\n           data-src=\"https:\/\/www.villaeducativa.edu.mx\/newspaper\/wp-content\/gallery\/45-musicfest-res\/IMG_5840.jpg\"\n           data-thumbnail=\"https:\/\/www.villaeducativa.edu.mx\/newspaper\/wp-content\/gallery\/45-musicfest-res\/thumbs\/thumbs_IMG_5840.jpg\"\n           data-image-id=\"67901\"\n           data-title=\"IMG_5840\"\n           data-description=\"\"\n           class=\"ngg-fancybox\" rel=\"fac5d12a36707512e28328d4ec79ced6\">\n\n            <img data-image-id='67901'\n                 title=\"\"\n                 alt=\"IMG_5840\"\n                 src=\"https:\/\/www.villaeducativa.edu.mx\/newspaper\/wp-content\/gallery\/45-musicfest-res\/IMG_5840.jpg\"\n                 style=\"max-height: 380px;\"\/>\n        <\/a>\n\n        <\/div> \n<div id=\"ngg-image-53\" class=\"ngg-gallery-slideshow-image\" style=\"height:400px\">\n\n        <a href=\"https:\/\/www.villaeducativa.edu.mx\/newspaper\/wp-content\/gallery\/45-musicfest-res\/IMG_5851.jpg\"\n           title=\"\"\n           data-src=\"https:\/\/www.villaeducativa.edu.mx\/newspaper\/wp-content\/gallery\/45-musicfest-res\/IMG_5851.jpg\"\n           data-thumbnail=\"https:\/\/www.villaeducativa.edu.mx\/newspaper\/wp-content\/gallery\/45-musicfest-res\/thumbs\/thumbs_IMG_5851.jpg\"\n           data-image-id=\"67911\"\n           data-title=\"IMG_5851\"\n           data-description=\"\"\n           class=\"ngg-fancybox\" rel=\"fac5d12a36707512e28328d4ec79ced6\">\n\n            <img data-image-id='67911'\n                 title=\"\"\n                 alt=\"IMG_5851\"\n                 src=\"https:\/\/www.villaeducativa.edu.mx\/newspaper\/wp-content\/gallery\/45-musicfest-res\/IMG_5851.jpg\"\n                 style=\"max-height: 380px;\"\/>\n        <\/a>\n\n        <\/div> \n<div id=\"ngg-image-54\" class=\"ngg-gallery-slideshow-image\" style=\"height:400px\">\n\n        <a href=\"https:\/\/www.villaeducativa.edu.mx\/newspaper\/wp-content\/gallery\/45-musicfest-res\/IMG_5838.jpg\"\n           title=\"\"\n           data-src=\"https:\/\/www.villaeducativa.edu.mx\/newspaper\/wp-content\/gallery\/45-musicfest-res\/IMG_5838.jpg\"\n           data-thumbnail=\"https:\/\/www.villaeducativa.edu.mx\/newspaper\/wp-content\/gallery\/45-musicfest-res\/thumbs\/thumbs_IMG_5838.jpg\"\n           data-image-id=\"67899\"\n           data-title=\"IMG_5838\"\n           data-description=\"\"\n           class=\"ngg-fancybox\" rel=\"fac5d12a36707512e28328d4ec79ced6\">\n\n            <img data-image-id='67899'\n                 title=\"\"\n                 alt=\"IMG_5838\"\n                 src=\"https:\/\/www.villaeducativa.edu.mx\/newspaper\/wp-content\/gallery\/45-musicfest-res\/IMG_5838.jpg\"\n                 style=\"max-height: 380px;\"\/>\n        <\/a>\n\n        <\/div> \n<div id=\"ngg-image-55\" class=\"ngg-gallery-slideshow-image\" style=\"height:400px\">\n\n        <a href=\"https:\/\/www.villaeducativa.edu.mx\/newspaper\/wp-content\/gallery\/45-musicfest-res\/IMG_5833.jpg\"\n           title=\"\"\n           data-src=\"https:\/\/www.villaeducativa.edu.mx\/newspaper\/wp-content\/gallery\/45-musicfest-res\/IMG_5833.jpg\"\n           data-thumbnail=\"https:\/\/www.villaeducativa.edu.mx\/newspaper\/wp-content\/gallery\/45-musicfest-res\/thumbs\/thumbs_IMG_5833.jpg\"\n           data-image-id=\"67898\"\n           data-title=\"IMG_5833\"\n           data-description=\"\"\n           class=\"ngg-fancybox\" rel=\"fac5d12a36707512e28328d4ec79ced6\">\n\n            <img data-image-id='67898'\n                 title=\"\"\n                 alt=\"IMG_5833\"\n                 src=\"https:\/\/www.villaeducativa.edu.mx\/newspaper\/wp-content\/gallery\/45-musicfest-res\/IMG_5833.jpg\"\n                 style=\"max-height: 380px;\"\/>\n        <\/a>\n\n        <\/div> \n<div id=\"ngg-image-56\" class=\"ngg-gallery-slideshow-image\" style=\"height:400px\">\n\n        <a href=\"https:\/\/www.villaeducativa.edu.mx\/newspaper\/wp-content\/gallery\/45-musicfest-res\/IMG_5832.jpg\"\n           title=\"\"\n           data-src=\"https:\/\/www.villaeducativa.edu.mx\/newspaper\/wp-content\/gallery\/45-musicfest-res\/IMG_5832.jpg\"\n           data-thumbnail=\"https:\/\/www.villaeducativa.edu.mx\/newspaper\/wp-content\/gallery\/45-musicfest-res\/thumbs\/thumbs_IMG_5832.jpg\"\n           data-image-id=\"67897\"\n           data-title=\"IMG_5832\"\n           data-description=\"\"\n           class=\"ngg-fancybox\" rel=\"fac5d12a36707512e28328d4ec79ced6\">\n\n            <img data-image-id='67897'\n                 title=\"\"\n                 alt=\"IMG_5832\"\n                 src=\"https:\/\/www.villaeducativa.edu.mx\/newspaper\/wp-content\/gallery\/45-musicfest-res\/IMG_5832.jpg\"\n                 style=\"max-height: 380px;\"\/>\n        <\/a>\n\n        <\/div> \n<div id=\"ngg-image-57\" class=\"ngg-gallery-slideshow-image\" style=\"height:400px\">\n\n        <a href=\"https:\/\/www.villaeducativa.edu.mx\/newspaper\/wp-content\/gallery\/45-musicfest-res\/IMG_5834.jpg\"\n           title=\"\"\n           data-src=\"https:\/\/www.villaeducativa.edu.mx\/newspaper\/wp-content\/gallery\/45-musicfest-res\/IMG_5834.jpg\"\n           data-thumbnail=\"https:\/\/www.villaeducativa.edu.mx\/newspaper\/wp-content\/gallery\/45-musicfest-res\/thumbs\/thumbs_IMG_5834.jpg\"\n           data-image-id=\"67896\"\n           data-title=\"IMG_5834\"\n           data-description=\"\"\n           class=\"ngg-fancybox\" rel=\"fac5d12a36707512e28328d4ec79ced6\">\n\n            <img data-image-id='67896'\n                 title=\"\"\n                 alt=\"IMG_5834\"\n                 src=\"https:\/\/www.villaeducativa.edu.mx\/newspaper\/wp-content\/gallery\/45-musicfest-res\/IMG_5834.jpg\"\n                 style=\"max-height: 380px;\"\/>\n        <\/a>\n\n        <\/div> \n<div id=\"ngg-image-58\" class=\"ngg-gallery-slideshow-image\" style=\"height:400px\">\n\n        <a href=\"https:\/\/www.villaeducativa.edu.mx\/newspaper\/wp-content\/gallery\/45-musicfest-res\/IMG_5830.jpg\"\n           title=\"\"\n           data-src=\"https:\/\/www.villaeducativa.edu.mx\/newspaper\/wp-content\/gallery\/45-musicfest-res\/IMG_5830.jpg\"\n           data-thumbnail=\"https:\/\/www.villaeducativa.edu.mx\/newspaper\/wp-content\/gallery\/45-musicfest-res\/thumbs\/thumbs_IMG_5830.jpg\"\n           data-image-id=\"67895\"\n           data-title=\"IMG_5830\"\n           data-description=\"\"\n           class=\"ngg-fancybox\" rel=\"fac5d12a36707512e28328d4ec79ced6\">\n\n            <img data-image-id='67895'\n                 title=\"\"\n                 alt=\"IMG_5830\"\n                 src=\"https:\/\/www.villaeducativa.edu.mx\/newspaper\/wp-content\/gallery\/45-musicfest-res\/IMG_5830.jpg\"\n                 style=\"max-height: 380px;\"\/>\n        <\/a>\n\n        <\/div> \n<div id=\"ngg-image-59\" class=\"ngg-gallery-slideshow-image\" style=\"height:400px\">\n\n        <a href=\"https:\/\/www.villaeducativa.edu.mx\/newspaper\/wp-content\/gallery\/45-musicfest-res\/IMG_5829.jpg\"\n           title=\"\"\n           data-src=\"https:\/\/www.villaeducativa.edu.mx\/newspaper\/wp-content\/gallery\/45-musicfest-res\/IMG_5829.jpg\"\n           data-thumbnail=\"https:\/\/www.villaeducativa.edu.mx\/newspaper\/wp-content\/gallery\/45-musicfest-res\/thumbs\/thumbs_IMG_5829.jpg\"\n           data-image-id=\"67894\"\n           data-title=\"IMG_5829\"\n           data-description=\"\"\n           class=\"ngg-fancybox\" rel=\"fac5d12a36707512e28328d4ec79ced6\">\n\n            <img data-image-id='67894'\n                 title=\"\"\n                 alt=\"IMG_5829\"\n                 src=\"https:\/\/www.villaeducativa.edu.mx\/newspaper\/wp-content\/gallery\/45-musicfest-res\/IMG_5829.jpg\"\n                 style=\"max-height: 380px;\"\/>\n        <\/a>\n\n        <\/div> \n<div id=\"ngg-image-60\" class=\"ngg-gallery-slideshow-image\" style=\"height:400px\">\n\n        <a href=\"https:\/\/www.villaeducativa.edu.mx\/newspaper\/wp-content\/gallery\/45-musicfest-res\/IMG_5826.jpg\"\n           title=\"\"\n           data-src=\"https:\/\/www.villaeducativa.edu.mx\/newspaper\/wp-content\/gallery\/45-musicfest-res\/IMG_5826.jpg\"\n           data-thumbnail=\"https:\/\/www.villaeducativa.edu.mx\/newspaper\/wp-content\/gallery\/45-musicfest-res\/thumbs\/thumbs_IMG_5826.jpg\"\n           data-image-id=\"67893\"\n           data-title=\"IMG_5826\"\n           data-description=\"\"\n           class=\"ngg-fancybox\" rel=\"fac5d12a36707512e28328d4ec79ced6\">\n\n            <img data-image-id='67893'\n                 title=\"\"\n                 alt=\"IMG_5826\"\n                 src=\"https:\/\/www.villaeducativa.edu.mx\/newspaper\/wp-content\/gallery\/45-musicfest-res\/IMG_5826.jpg\"\n                 style=\"max-height: 380px;\"\/>\n        <\/a>\n\n        <\/div> \n<div id=\"ngg-image-61\" class=\"ngg-gallery-slideshow-image\" style=\"height:400px\">\n\n        <a href=\"https:\/\/www.villaeducativa.edu.mx\/newspaper\/wp-content\/gallery\/45-musicfest-res\/IMG_5825.jpg\"\n           title=\"\"\n           data-src=\"https:\/\/www.villaeducativa.edu.mx\/newspaper\/wp-content\/gallery\/45-musicfest-res\/IMG_5825.jpg\"\n           data-thumbnail=\"https:\/\/www.villaeducativa.edu.mx\/newspaper\/wp-content\/gallery\/45-musicfest-res\/thumbs\/thumbs_IMG_5825.jpg\"\n           data-image-id=\"67892\"\n           data-title=\"IMG_5825\"\n           data-description=\"\"\n           class=\"ngg-fancybox\" rel=\"fac5d12a36707512e28328d4ec79ced6\">\n\n            <img data-image-id='67892'\n                 title=\"\"\n                 alt=\"IMG_5825\"\n                 src=\"https:\/\/www.villaeducativa.edu.mx\/newspaper\/wp-content\/gallery\/45-musicfest-res\/IMG_5825.jpg\"\n                 style=\"max-height: 380px;\"\/>\n        <\/a>\n\n        <\/div> \n<div id=\"ngg-image-62\" class=\"ngg-gallery-slideshow-image\" style=\"height:400px\">\n\n        <a href=\"https:\/\/www.villaeducativa.edu.mx\/newspaper\/wp-content\/gallery\/45-musicfest-res\/IMG_5824.jpg\"\n           title=\"\"\n           data-src=\"https:\/\/www.villaeducativa.edu.mx\/newspaper\/wp-content\/gallery\/45-musicfest-res\/IMG_5824.jpg\"\n           data-thumbnail=\"https:\/\/www.villaeducativa.edu.mx\/newspaper\/wp-content\/gallery\/45-musicfest-res\/thumbs\/thumbs_IMG_5824.jpg\"\n           data-image-id=\"67891\"\n           data-title=\"IMG_5824\"\n           data-description=\"\"\n           class=\"ngg-fancybox\" rel=\"fac5d12a36707512e28328d4ec79ced6\">\n\n            <img data-image-id='67891'\n                 title=\"\"\n                 alt=\"IMG_5824\"\n                 src=\"https:\/\/www.villaeducativa.edu.mx\/newspaper\/wp-content\/gallery\/45-musicfest-res\/IMG_5824.jpg\"\n                 style=\"max-height: 380px;\"\/>\n        <\/a>\n\n        <\/div> \n<div id=\"ngg-image-63\" class=\"ngg-gallery-slideshow-image\" style=\"height:400px\">\n\n        <a href=\"https:\/\/www.villaeducativa.edu.mx\/newspaper\/wp-content\/gallery\/45-musicfest-res\/IMG_5870.jpg\"\n           title=\"\"\n           data-src=\"https:\/\/www.villaeducativa.edu.mx\/newspaper\/wp-content\/gallery\/45-musicfest-res\/IMG_5870.jpg\"\n           data-thumbnail=\"https:\/\/www.villaeducativa.edu.mx\/newspaper\/wp-content\/gallery\/45-musicfest-res\/thumbs\/thumbs_IMG_5870.jpg\"\n           data-image-id=\"67921\"\n           data-title=\"IMG_5870\"\n           data-description=\"\"\n           class=\"ngg-fancybox\" rel=\"fac5d12a36707512e28328d4ec79ced6\">\n\n            <img data-image-id='67921'\n                 title=\"\"\n                 alt=\"IMG_5870\"\n                 src=\"https:\/\/www.villaeducativa.edu.mx\/newspaper\/wp-content\/gallery\/45-musicfest-res\/IMG_5870.jpg\"\n                 style=\"max-height: 380px;\"\/>\n        <\/a>\n\n        <\/div> \n<div id=\"ngg-image-64\" class=\"ngg-gallery-slideshow-image\" style=\"height:400px\">\n\n        <a href=\"https:\/\/www.villaeducativa.edu.mx\/newspaper\/wp-content\/gallery\/45-musicfest-res\/IMG_5892.jpg\"\n           title=\"\"\n           data-src=\"https:\/\/www.villaeducativa.edu.mx\/newspaper\/wp-content\/gallery\/45-musicfest-res\/IMG_5892.jpg\"\n           data-thumbnail=\"https:\/\/www.villaeducativa.edu.mx\/newspaper\/wp-content\/gallery\/45-musicfest-res\/thumbs\/thumbs_IMG_5892.jpg\"\n           data-image-id=\"67931\"\n           data-title=\"IMG_5892\"\n           data-description=\"\"\n           class=\"ngg-fancybox\" rel=\"fac5d12a36707512e28328d4ec79ced6\">\n\n            <img data-image-id='67931'\n                 title=\"\"\n                 alt=\"IMG_5892\"\n                 src=\"https:\/\/www.villaeducativa.edu.mx\/newspaper\/wp-content\/gallery\/45-musicfest-res\/IMG_5892.jpg\"\n                 style=\"max-height: 380px;\"\/>\n        <\/a>\n\n        <\/div> \n<div id=\"ngg-image-65\" class=\"ngg-gallery-slideshow-image\" style=\"height:400px\">\n\n        <a href=\"https:\/\/www.villaeducativa.edu.mx\/newspaper\/wp-content\/gallery\/45-musicfest-res\/IMG_5890.jpg\"\n           title=\"\"\n           data-src=\"https:\/\/www.villaeducativa.edu.mx\/newspaper\/wp-content\/gallery\/45-musicfest-res\/IMG_5890.jpg\"\n           data-thumbnail=\"https:\/\/www.villaeducativa.edu.mx\/newspaper\/wp-content\/gallery\/45-musicfest-res\/thumbs\/thumbs_IMG_5890.jpg\"\n           data-image-id=\"67930\"\n           data-title=\"IMG_5890\"\n           data-description=\"\"\n           class=\"ngg-fancybox\" rel=\"fac5d12a36707512e28328d4ec79ced6\">\n\n            <img data-image-id='67930'\n                 title=\"\"\n                 alt=\"IMG_5890\"\n                 src=\"https:\/\/www.villaeducativa.edu.mx\/newspaper\/wp-content\/gallery\/45-musicfest-res\/IMG_5890.jpg\"\n                 style=\"max-height: 380px;\"\/>\n        <\/a>\n\n        <\/div> \n<div id=\"ngg-image-66\" class=\"ngg-gallery-slideshow-image\" style=\"height:400px\">\n\n        <a href=\"https:\/\/www.villaeducativa.edu.mx\/newspaper\/wp-content\/gallery\/45-musicfest-res\/IMG_5883.jpg\"\n           title=\"\"\n           data-src=\"https:\/\/www.villaeducativa.edu.mx\/newspaper\/wp-content\/gallery\/45-musicfest-res\/IMG_5883.jpg\"\n           data-thumbnail=\"https:\/\/www.villaeducativa.edu.mx\/newspaper\/wp-content\/gallery\/45-musicfest-res\/thumbs\/thumbs_IMG_5883.jpg\"\n           data-image-id=\"67929\"\n           data-title=\"IMG_5883\"\n           data-description=\"\"\n           class=\"ngg-fancybox\" rel=\"fac5d12a36707512e28328d4ec79ced6\">\n\n            <img data-image-id='67929'\n                 title=\"\"\n                 alt=\"IMG_5883\"\n                 src=\"https:\/\/www.villaeducativa.edu.mx\/newspaper\/wp-content\/gallery\/45-musicfest-res\/IMG_5883.jpg\"\n                 style=\"max-height: 380px;\"\/>\n        <\/a>\n\n        <\/div> \n<div id=\"ngg-image-67\" class=\"ngg-gallery-slideshow-image\" style=\"height:400px\">\n\n        <a href=\"https:\/\/www.villaeducativa.edu.mx\/newspaper\/wp-content\/gallery\/45-musicfest-res\/IMG_5889.jpg\"\n           title=\"\"\n           data-src=\"https:\/\/www.villaeducativa.edu.mx\/newspaper\/wp-content\/gallery\/45-musicfest-res\/IMG_5889.jpg\"\n           data-thumbnail=\"https:\/\/www.villaeducativa.edu.mx\/newspaper\/wp-content\/gallery\/45-musicfest-res\/thumbs\/thumbs_IMG_5889.jpg\"\n           data-image-id=\"67928\"\n           data-title=\"IMG_5889\"\n           data-description=\"\"\n           class=\"ngg-fancybox\" rel=\"fac5d12a36707512e28328d4ec79ced6\">\n\n            <img data-image-id='67928'\n                 title=\"\"\n                 alt=\"IMG_5889\"\n                 src=\"https:\/\/www.villaeducativa.edu.mx\/newspaper\/wp-content\/gallery\/45-musicfest-res\/IMG_5889.jpg\"\n                 style=\"max-height: 380px;\"\/>\n        <\/a>\n\n        <\/div> \n<div id=\"ngg-image-68\" class=\"ngg-gallery-slideshow-image\" style=\"height:400px\">\n\n        <a href=\"https:\/\/www.villaeducativa.edu.mx\/newspaper\/wp-content\/gallery\/45-musicfest-res\/IMG_5882.jpg\"\n           title=\"\"\n           data-src=\"https:\/\/www.villaeducativa.edu.mx\/newspaper\/wp-content\/gallery\/45-musicfest-res\/IMG_5882.jpg\"\n           data-thumbnail=\"https:\/\/www.villaeducativa.edu.mx\/newspaper\/wp-content\/gallery\/45-musicfest-res\/thumbs\/thumbs_IMG_5882.jpg\"\n           data-image-id=\"67927\"\n           data-title=\"IMG_5882\"\n           data-description=\"\"\n           class=\"ngg-fancybox\" rel=\"fac5d12a36707512e28328d4ec79ced6\">\n\n            <img data-image-id='67927'\n                 title=\"\"\n                 alt=\"IMG_5882\"\n                 src=\"https:\/\/www.villaeducativa.edu.mx\/newspaper\/wp-content\/gallery\/45-musicfest-res\/IMG_5882.jpg\"\n                 style=\"max-height: 380px;\"\/>\n        <\/a>\n\n        <\/div> \n<div id=\"ngg-image-69\" class=\"ngg-gallery-slideshow-image\" style=\"height:400px\">\n\n        <a href=\"https:\/\/www.villaeducativa.edu.mx\/newspaper\/wp-content\/gallery\/45-musicfest-res\/IMG_5880.jpg\"\n           title=\"\"\n           data-src=\"https:\/\/www.villaeducativa.edu.mx\/newspaper\/wp-content\/gallery\/45-musicfest-res\/IMG_5880.jpg\"\n           data-thumbnail=\"https:\/\/www.villaeducativa.edu.mx\/newspaper\/wp-content\/gallery\/45-musicfest-res\/thumbs\/thumbs_IMG_5880.jpg\"\n           data-image-id=\"67926\"\n           data-title=\"IMG_5880\"\n           data-description=\"\"\n           class=\"ngg-fancybox\" rel=\"fac5d12a36707512e28328d4ec79ced6\">\n\n            <img data-image-id='67926'\n                 title=\"\"\n                 alt=\"IMG_5880\"\n                 src=\"https:\/\/www.villaeducativa.edu.mx\/newspaper\/wp-content\/gallery\/45-musicfest-res\/IMG_5880.jpg\"\n                 style=\"max-height: 380px;\"\/>\n        <\/a>\n\n        <\/div> \n<div id=\"ngg-image-70\" class=\"ngg-gallery-slideshow-image\" style=\"height:400px\">\n\n        <a href=\"https:\/\/www.villaeducativa.edu.mx\/newspaper\/wp-content\/gallery\/45-musicfest-res\/IMG_5876.jpg\"\n           title=\"\"\n           data-src=\"https:\/\/www.villaeducativa.edu.mx\/newspaper\/wp-content\/gallery\/45-musicfest-res\/IMG_5876.jpg\"\n           data-thumbnail=\"https:\/\/www.villaeducativa.edu.mx\/newspaper\/wp-content\/gallery\/45-musicfest-res\/thumbs\/thumbs_IMG_5876.jpg\"\n           data-image-id=\"67925\"\n           data-title=\"IMG_5876\"\n           data-description=\"\"\n           class=\"ngg-fancybox\" rel=\"fac5d12a36707512e28328d4ec79ced6\">\n\n            <img data-image-id='67925'\n                 title=\"\"\n                 alt=\"IMG_5876\"\n                 src=\"https:\/\/www.villaeducativa.edu.mx\/newspaper\/wp-content\/gallery\/45-musicfest-res\/IMG_5876.jpg\"\n                 style=\"max-height: 380px;\"\/>\n        <\/a>\n\n        <\/div> \n<div id=\"ngg-image-71\" class=\"ngg-gallery-slideshow-image\" style=\"height:400px\">\n\n        <a href=\"https:\/\/www.villaeducativa.edu.mx\/newspaper\/wp-content\/gallery\/45-musicfest-res\/IMG_5875.jpg\"\n           title=\"\"\n           data-src=\"https:\/\/www.villaeducativa.edu.mx\/newspaper\/wp-content\/gallery\/45-musicfest-res\/IMG_5875.jpg\"\n           data-thumbnail=\"https:\/\/www.villaeducativa.edu.mx\/newspaper\/wp-content\/gallery\/45-musicfest-res\/thumbs\/thumbs_IMG_5875.jpg\"\n           data-image-id=\"67924\"\n           data-title=\"IMG_5875\"\n           data-description=\"\"\n           class=\"ngg-fancybox\" rel=\"fac5d12a36707512e28328d4ec79ced6\">\n\n            <img data-image-id='67924'\n                 title=\"\"\n                 alt=\"IMG_5875\"\n                 src=\"https:\/\/www.villaeducativa.edu.mx\/newspaper\/wp-content\/gallery\/45-musicfest-res\/IMG_5875.jpg\"\n                 style=\"max-height: 380px;\"\/>\n        <\/a>\n\n        <\/div> \n<div id=\"ngg-image-72\" class=\"ngg-gallery-slideshow-image\" style=\"height:400px\">\n\n        <a href=\"https:\/\/www.villaeducativa.edu.mx\/newspaper\/wp-content\/gallery\/45-musicfest-res\/IMG_5864.jpg\"\n           title=\"\"\n           data-src=\"https:\/\/www.villaeducativa.edu.mx\/newspaper\/wp-content\/gallery\/45-musicfest-res\/IMG_5864.jpg\"\n           data-thumbnail=\"https:\/\/www.villaeducativa.edu.mx\/newspaper\/wp-content\/gallery\/45-musicfest-res\/thumbs\/thumbs_IMG_5864.jpg\"\n           data-image-id=\"67923\"\n           data-title=\"IMG_5864\"\n           data-description=\"\"\n           class=\"ngg-fancybox\" rel=\"fac5d12a36707512e28328d4ec79ced6\">\n\n            <img data-image-id='67923'\n                 title=\"\"\n                 alt=\"IMG_5864\"\n                 src=\"https:\/\/www.villaeducativa.edu.mx\/newspaper\/wp-content\/gallery\/45-musicfest-res\/IMG_5864.jpg\"\n                 style=\"max-height: 380px;\"\/>\n        <\/a>\n\n        <\/div> \n<div id=\"ngg-image-73\" class=\"ngg-gallery-slideshow-image\" style=\"height:400px\">\n\n        <a href=\"https:\/\/www.villaeducativa.edu.mx\/newspaper\/wp-content\/gallery\/45-musicfest-res\/IMG_5862.jpg\"\n           title=\"\"\n           data-src=\"https:\/\/www.villaeducativa.edu.mx\/newspaper\/wp-content\/gallery\/45-musicfest-res\/IMG_5862.jpg\"\n           data-thumbnail=\"https:\/\/www.villaeducativa.edu.mx\/newspaper\/wp-content\/gallery\/45-musicfest-res\/thumbs\/thumbs_IMG_5862.jpg\"\n           data-image-id=\"67922\"\n           data-title=\"IMG_5862\"\n           data-description=\"\"\n           class=\"ngg-fancybox\" rel=\"fac5d12a36707512e28328d4ec79ced6\">\n\n            <img data-image-id='67922'\n                 title=\"\"\n                 alt=\"IMG_5862\"\n                 src=\"https:\/\/www.villaeducativa.edu.mx\/newspaper\/wp-content\/gallery\/45-musicfest-res\/IMG_5862.jpg\"\n                 style=\"max-height: 380px;\"\/>\n        <\/a>\n\n        <\/div> \n<div id=\"ngg-image-74\" class=\"ngg-gallery-slideshow-image\" style=\"height:400px\">\n\n        <a href=\"https:\/\/www.villaeducativa.edu.mx\/newspaper\/wp-content\/gallery\/45-musicfest-res\/IMG_5823.jpg\"\n           title=\"\"\n           data-src=\"https:\/\/www.villaeducativa.edu.mx\/newspaper\/wp-content\/gallery\/45-musicfest-res\/IMG_5823.jpg\"\n           data-thumbnail=\"https:\/\/www.villaeducativa.edu.mx\/newspaper\/wp-content\/gallery\/45-musicfest-res\/thumbs\/thumbs_IMG_5823.jpg\"\n           data-image-id=\"67890\"\n           data-title=\"IMG_5823\"\n           data-description=\"\"\n           class=\"ngg-fancybox\" rel=\"fac5d12a36707512e28328d4ec79ced6\">\n\n            <img data-image-id='67890'\n                 title=\"\"\n                 alt=\"IMG_5823\"\n                 src=\"https:\/\/www.villaeducativa.edu.mx\/newspaper\/wp-content\/gallery\/45-musicfest-res\/IMG_5823.jpg\"\n                 style=\"max-height: 380px;\"\/>\n        <\/a>\n\n        <\/div> \n<div id=\"ngg-image-75\" class=\"ngg-gallery-slideshow-image\" style=\"height:400px\">\n\n        <a href=\"https:\/\/www.villaeducativa.edu.mx\/newspaper\/wp-content\/gallery\/45-musicfest-res\/IMG_5865.jpg\"\n           title=\"\"\n           data-src=\"https:\/\/www.villaeducativa.edu.mx\/newspaper\/wp-content\/gallery\/45-musicfest-res\/IMG_5865.jpg\"\n           data-thumbnail=\"https:\/\/www.villaeducativa.edu.mx\/newspaper\/wp-content\/gallery\/45-musicfest-res\/thumbs\/thumbs_IMG_5865.jpg\"\n           data-image-id=\"67920\"\n           data-title=\"IMG_5865\"\n           data-description=\"\"\n           class=\"ngg-fancybox\" rel=\"fac5d12a36707512e28328d4ec79ced6\">\n\n            <img data-image-id='67920'\n                 title=\"\"\n                 alt=\"IMG_5865\"\n                 src=\"https:\/\/www.villaeducativa.edu.mx\/newspaper\/wp-content\/gallery\/45-musicfest-res\/IMG_5865.jpg\"\n                 style=\"max-height: 380px;\"\/>\n        <\/a>\n\n        <\/div> \n<div id=\"ngg-image-76\" class=\"ngg-gallery-slideshow-image\" style=\"height:400px\">\n\n        <a href=\"https:\/\/www.villaeducativa.edu.mx\/newspaper\/wp-content\/gallery\/45-musicfest-res\/IMG_5861.jpg\"\n           title=\"\"\n           data-src=\"https:\/\/www.villaeducativa.edu.mx\/newspaper\/wp-content\/gallery\/45-musicfest-res\/IMG_5861.jpg\"\n           data-thumbnail=\"https:\/\/www.villaeducativa.edu.mx\/newspaper\/wp-content\/gallery\/45-musicfest-res\/thumbs\/thumbs_IMG_5861.jpg\"\n           data-image-id=\"67919\"\n           data-title=\"IMG_5861\"\n           data-description=\"\"\n           class=\"ngg-fancybox\" rel=\"fac5d12a36707512e28328d4ec79ced6\">\n\n            <img data-image-id='67919'\n                 title=\"\"\n                 alt=\"IMG_5861\"\n                 src=\"https:\/\/www.villaeducativa.edu.mx\/newspaper\/wp-content\/gallery\/45-musicfest-res\/IMG_5861.jpg\"\n                 style=\"max-height: 380px;\"\/>\n        <\/a>\n\n        <\/div> \n<div id=\"ngg-image-77\" class=\"ngg-gallery-slideshow-image\" style=\"height:400px\">\n\n        <a href=\"https:\/\/www.villaeducativa.edu.mx\/newspaper\/wp-content\/gallery\/45-musicfest-res\/IMG_5859.jpg\"\n           title=\"\"\n           data-src=\"https:\/\/www.villaeducativa.edu.mx\/newspaper\/wp-content\/gallery\/45-musicfest-res\/IMG_5859.jpg\"\n           data-thumbnail=\"https:\/\/www.villaeducativa.edu.mx\/newspaper\/wp-content\/gallery\/45-musicfest-res\/thumbs\/thumbs_IMG_5859.jpg\"\n           data-image-id=\"67918\"\n           data-title=\"IMG_5859\"\n           data-description=\"\"\n           class=\"ngg-fancybox\" rel=\"fac5d12a36707512e28328d4ec79ced6\">\n\n            <img data-image-id='67918'\n                 title=\"\"\n                 alt=\"IMG_5859\"\n                 src=\"https:\/\/www.villaeducativa.edu.mx\/newspaper\/wp-content\/gallery\/45-musicfest-res\/IMG_5859.jpg\"\n                 style=\"max-height: 380px;\"\/>\n        <\/a>\n\n        <\/div> \n<div id=\"ngg-image-78\" class=\"ngg-gallery-slideshow-image\" style=\"height:400px\">\n\n        <a href=\"https:\/\/www.villaeducativa.edu.mx\/newspaper\/wp-content\/gallery\/45-musicfest-res\/IMG_5857.jpg\"\n           title=\"\"\n           data-src=\"https:\/\/www.villaeducativa.edu.mx\/newspaper\/wp-content\/gallery\/45-musicfest-res\/IMG_5857.jpg\"\n           data-thumbnail=\"https:\/\/www.villaeducativa.edu.mx\/newspaper\/wp-content\/gallery\/45-musicfest-res\/thumbs\/thumbs_IMG_5857.jpg\"\n           data-image-id=\"67917\"\n           data-title=\"IMG_5857\"\n           data-description=\"\"\n           class=\"ngg-fancybox\" rel=\"fac5d12a36707512e28328d4ec79ced6\">\n\n            <img data-image-id='67917'\n                 title=\"\"\n                 alt=\"IMG_5857\"\n                 src=\"https:\/\/www.villaeducativa.edu.mx\/newspaper\/wp-content\/gallery\/45-musicfest-res\/IMG_5857.jpg\"\n                 style=\"max-height: 380px;\"\/>\n        <\/a>\n\n        <\/div> \n<div id=\"ngg-image-79\" class=\"ngg-gallery-slideshow-image\" style=\"height:400px\">\n\n        <a href=\"https:\/\/www.villaeducativa.edu.mx\/newspaper\/wp-content\/gallery\/45-musicfest-res\/IMG_5856.jpg\"\n           title=\"\"\n           data-src=\"https:\/\/www.villaeducativa.edu.mx\/newspaper\/wp-content\/gallery\/45-musicfest-res\/IMG_5856.jpg\"\n           data-thumbnail=\"https:\/\/www.villaeducativa.edu.mx\/newspaper\/wp-content\/gallery\/45-musicfest-res\/thumbs\/thumbs_IMG_5856.jpg\"\n           data-image-id=\"67916\"\n           data-title=\"IMG_5856\"\n           data-description=\"\"\n           class=\"ngg-fancybox\" rel=\"fac5d12a36707512e28328d4ec79ced6\">\n\n            <img data-image-id='67916'\n                 title=\"\"\n                 alt=\"IMG_5856\"\n                 src=\"https:\/\/www.villaeducativa.edu.mx\/newspaper\/wp-content\/gallery\/45-musicfest-res\/IMG_5856.jpg\"\n                 style=\"max-height: 380px;\"\/>\n        <\/a>\n\n        <\/div> \n<div id=\"ngg-image-80\" class=\"ngg-gallery-slideshow-image\" style=\"height:400px\">\n\n        <a href=\"https:\/\/www.villaeducativa.edu.mx\/newspaper\/wp-content\/gallery\/45-musicfest-res\/IMG_5854.jpg\"\n           title=\"\"\n           data-src=\"https:\/\/www.villaeducativa.edu.mx\/newspaper\/wp-content\/gallery\/45-musicfest-res\/IMG_5854.jpg\"\n           data-thumbnail=\"https:\/\/www.villaeducativa.edu.mx\/newspaper\/wp-content\/gallery\/45-musicfest-res\/thumbs\/thumbs_IMG_5854.jpg\"\n           data-image-id=\"67915\"\n           data-title=\"IMG_5854\"\n           data-description=\"\"\n           class=\"ngg-fancybox\" rel=\"fac5d12a36707512e28328d4ec79ced6\">\n\n            <img data-image-id='67915'\n                 title=\"\"\n                 alt=\"IMG_5854\"\n                 src=\"https:\/\/www.villaeducativa.edu.mx\/newspaper\/wp-content\/gallery\/45-musicfest-res\/IMG_5854.jpg\"\n                 style=\"max-height: 380px;\"\/>\n        <\/a>\n\n        <\/div> \n<div id=\"ngg-image-81\" class=\"ngg-gallery-slideshow-image\" style=\"height:400px\">\n\n        <a href=\"https:\/\/www.villaeducativa.edu.mx\/newspaper\/wp-content\/gallery\/45-musicfest-res\/IMG_5855.jpg\"\n           title=\"\"\n           data-src=\"https:\/\/www.villaeducativa.edu.mx\/newspaper\/wp-content\/gallery\/45-musicfest-res\/IMG_5855.jpg\"\n           data-thumbnail=\"https:\/\/www.villaeducativa.edu.mx\/newspaper\/wp-content\/gallery\/45-musicfest-res\/thumbs\/thumbs_IMG_5855.jpg\"\n           data-image-id=\"67914\"\n           data-title=\"IMG_5855\"\n           data-description=\"\"\n           class=\"ngg-fancybox\" rel=\"fac5d12a36707512e28328d4ec79ced6\">\n\n            <img data-image-id='67914'\n                 title=\"\"\n                 alt=\"IMG_5855\"\n                 src=\"https:\/\/www.villaeducativa.edu.mx\/newspaper\/wp-content\/gallery\/45-musicfest-res\/IMG_5855.jpg\"\n                 style=\"max-height: 380px;\"\/>\n        <\/a>\n\n        <\/div> \n<div id=\"ngg-image-82\" class=\"ngg-gallery-slideshow-image\" style=\"height:400px\">\n\n        <a href=\"https:\/\/www.villaeducativa.edu.mx\/newspaper\/wp-content\/gallery\/45-musicfest-res\/IMG_5852.jpg\"\n           title=\"\"\n           data-src=\"https:\/\/www.villaeducativa.edu.mx\/newspaper\/wp-content\/gallery\/45-musicfest-res\/IMG_5852.jpg\"\n           data-thumbnail=\"https:\/\/www.villaeducativa.edu.mx\/newspaper\/wp-content\/gallery\/45-musicfest-res\/thumbs\/thumbs_IMG_5852.jpg\"\n           data-image-id=\"67913\"\n           data-title=\"IMG_5852\"\n           data-description=\"\"\n           class=\"ngg-fancybox\" rel=\"fac5d12a36707512e28328d4ec79ced6\">\n\n            <img data-image-id='67913'\n                 title=\"\"\n                 alt=\"IMG_5852\"\n                 src=\"https:\/\/www.villaeducativa.edu.mx\/newspaper\/wp-content\/gallery\/45-musicfest-res\/IMG_5852.jpg\"\n                 style=\"max-height: 380px;\"\/>\n        <\/a>\n\n        <\/div> \n<div id=\"ngg-image-83\" class=\"ngg-gallery-slideshow-image\" style=\"height:400px\">\n\n        <a href=\"https:\/\/www.villaeducativa.edu.mx\/newspaper\/wp-content\/gallery\/45-musicfest-res\/IMG_5853.jpg\"\n           title=\"\"\n           data-src=\"https:\/\/www.villaeducativa.edu.mx\/newspaper\/wp-content\/gallery\/45-musicfest-res\/IMG_5853.jpg\"\n           data-thumbnail=\"https:\/\/www.villaeducativa.edu.mx\/newspaper\/wp-content\/gallery\/45-musicfest-res\/thumbs\/thumbs_IMG_5853.jpg\"\n           data-image-id=\"67912\"\n           data-title=\"IMG_5853\"\n           data-description=\"\"\n           class=\"ngg-fancybox\" rel=\"fac5d12a36707512e28328d4ec79ced6\">\n\n            <img data-image-id='67912'\n                 title=\"\"\n                 alt=\"IMG_5853\"\n                 src=\"https:\/\/www.villaeducativa.edu.mx\/newspaper\/wp-content\/gallery\/45-musicfest-res\/IMG_5853.jpg\"\n                 style=\"max-height: 380px;\"\/>\n        <\/a>\n\n        <\/div> \n<\/div>\n\n\n\n\n\n\n\n<p><strong><span class=\"has-inline-color has-vivid-cyan-blue-color\">Berenice \u00c1ngeles<br><\/span><\/strong><span class=\"has-inline-color has-vivid-cyan-blue-color\"><em>Coordinadora de Club AfterSchool<\/em><\/span><\/p>\n","protected":false},"excerpt":{"rendered":"<p>Culminamos el ciclo dando un s\u00faper concierto, en el cual participaron todos nuestros alumnos que formaron parte de las diferentes clases de m\u00fasica; estuvo lleno de mucha energ\u00eda, ritmos y aplausos. Felicitamos a nuestros queridos profesores Mario Cruz y Axel Ordaz por su labor de ensamblar guitarras, teclado, bater\u00edas y&hellip; <\/p>\n","protected":false},"author":2,"featured_media":137273,"comment_status":"closed","ping_status":"closed","sticky":false,"template":"","format":"standard","meta":{"ngg_post_thumbnail":0},"categories":[5],"tags":[15],"_links":{"self":[{"href":"https:\/\/www.villaeducativa.edu.mx\/newspaper\/index.php?rest_route=\/wp\/v2\/posts\/137096"}],"collection":[{"href":"https:\/\/www.villaeducativa.edu.mx\/newspaper\/index.php?rest_route=\/wp\/v2\/posts"}],"about":[{"href":"https:\/\/www.villaeducativa.edu.mx\/newspaper\/index.php?rest_route=\/wp\/v2\/types\/post"}],"author":[{"embeddable":true,"href":"https:\/\/www.villaeducativa.edu.mx\/newspaper\/index.php?rest_route=\/wp\/v2\/users\/2"}],"replies":[{"embeddable":true,"href":"https:\/\/www.villaeducativa.edu.mx\/newspaper\/index.php?rest_route=%2Fwp%2Fv2%2Fcomments&post=137096"}],"version-history":[{"count":3,"href":"https:\/\/www.villaeducativa.edu.mx\/newspaper\/index.php?rest_route=\/wp\/v2\/posts\/137096\/revisions"}],"predecessor-version":[{"id":137510,"href":"https:\/\/www.villaeducativa.edu.mx\/newspaper\/index.php?rest_route=\/wp\/v2\/posts\/137096\/revisions\/137510"}],"wp:featuredmedia":[{"embeddable":true,"href":"https:\/\/www.villaeducativa.edu.mx\/newspaper\/index.php?rest_route=\/wp\/v2\/media\/137273"}],"wp:attachment":[{"href":"https:\/\/www.villaeducativa.edu.mx\/newspaper\/index.php?rest_route=%2Fwp%2Fv2%2Fmedia&parent=137096"}],"wp:term":[{"taxonomy":"category","embeddable":true,"href":"https:\/\/www.villaeducativa.edu.mx\/newspaper\/index.php?rest_route=%2Fwp%2Fv2%2Fcategories&post=137096"},{"taxonomy":"post_tag","embeddable":true,"href":"https:\/\/www.villaeducativa.edu.mx\/newspaper\/index.php?rest_route=%2Fwp%2Fv2%2Ftags&post=137096"}],"curies":[{"name":"wp","href":"https:\/\/api.w.org\/{rel}","templated":true}]}}