{"id":136881,"date":"2025-07-16T09:15:00","date_gmt":"2025-07-16T14:15:00","guid":{"rendered":"https:\/\/www.villaeducativa.edu.mx\/newspaper\/?p=136881"},"modified":"2025-07-16T16:39:16","modified_gmt":"2025-07-16T21:39:16","slug":"horarios-servicios-escolares-en-periodo-vacacional","status":"publish","type":"post","link":"https:\/\/www.villaeducativa.edu.mx\/newspaper\/?p=136881","title":{"rendered":"Horario de Servicios Escolares en periodo vacacional"},"content":{"rendered":"\n<p>Estimadas familias:<\/p>\n\n\n\n<p>Les informamos que durante el <strong>periodo vacacional de verano<\/strong>, el departamento de <strong>Servicios Escolares<\/strong> continuar\u00e1 brindando atenci\u00f3n en un <strong>horario reducido<\/strong>, con el objetivo de facilitarles la realizaci\u00f3n de tr\u00e1mites correspondientes al cierre e inicio de ciclo escolar.<\/p>\n\n\n\n<p><strong>Horario de atenci\u00f3n temporal del 21 de julio al 15 de agosto: <\/strong><strong><br><\/strong><strong>Lunes a viernes de 9:00 a.m. a 2:00 p.m.<\/strong><\/p>\n\n\n\n<p>Durante este periodo podr\u00e1n acudir para resolver dudas, entregar documentaci\u00f3n, realizar pagos u otros tr\u00e1mites administrativos.<br><br>Agradecemos su comprensi\u00f3n y colaboraci\u00f3n.<\/p>\n\n\n\n<p><strong><span class=\"has-inline-color has-vivid-cyan-blue-color\">Diego Campuzano<br><\/span><\/strong><em><span class=\"has-inline-color has-vivid-cyan-blue-color\">Coordinador de Servicios Escolares<\/span><\/em><\/p>\n","protected":false},"excerpt":{"rendered":"<p>Les informamos que durante el periodo vacacional de verano, el departamento de Servicios Escolares continuar\u00e1 brindando atenci\u00f3n en un horario reducido, con el objetivo de facilitarles la realizaci\u00f3n de tr\u00e1mites correspondientes al cierre e inicio de ciclo escolar&#8230;<\/p>\n","protected":false},"author":2,"featured_media":136884,"comment_status":"closed","ping_status":"closed","sticky":false,"template":"","format":"standard","meta":{"ngg_post_thumbnail":0},"categories":[17],"tags":[],"_links":{"self":[{"href":"https:\/\/www.villaeducativa.edu.mx\/newspaper\/index.php?rest_route=\/wp\/v2\/posts\/136881"}],"collection":[{"href":"https:\/\/www.villaeducativa.edu.mx\/newspaper\/index.php?rest_route=\/wp\/v2\/posts"}],"about":[{"href":"https:\/\/www.villaeducativa.edu.mx\/newspaper\/index.php?rest_route=\/wp\/v2\/types\/post"}],"author":[{"embeddable":true,"href":"https:\/\/www.villaeducativa.edu.mx\/newspaper\/index.php?rest_route=\/wp\/v2\/users\/2"}],"replies":[{"embeddable":true,"href":"https:\/\/www.villaeducativa.edu.mx\/newspaper\/index.php?rest_route=%2Fwp%2Fv2%2Fcomments&post=136881"}],"version-history":[{"count":6,"href":"https:\/\/www.villaeducativa.edu.mx\/newspaper\/index.php?rest_route=\/wp\/v2\/posts\/136881\/revisions"}],"predecessor-version":[{"id":137548,"href":"https:\/\/www.villaeducativa.edu.mx\/newspaper\/index.php?rest_route=\/wp\/v2\/posts\/136881\/revisions\/137548"}],"wp:featuredmedia":[{"embeddable":true,"href":"https:\/\/www.villaeducativa.edu.mx\/newspaper\/index.php?rest_route=\/wp\/v2\/media\/136884"}],"wp:attachment":[{"href":"https:\/\/www.villaeducativa.edu.mx\/newspaper\/index.php?rest_route=%2Fwp%2Fv2%2Fmedia&parent=136881"}],"wp:term":[{"taxonomy":"category","embeddable":true,"href":"https:\/\/www.villaeducativa.edu.mx\/newspaper\/index.php?rest_route=%2Fwp%2Fv2%2Fcategories&post=136881"},{"taxonomy":"post_tag","embeddable":true,"href":"https:\/\/www.villaeducativa.edu.mx\/newspaper\/index.php?rest_route=%2Fwp%2Fv2%2Ftags&post=136881"}],"curies":[{"name":"wp","href":"https:\/\/api.w.org\/{rel}","templated":true}]}}