{"id":136579,"date":"2025-07-16T08:15:56","date_gmt":"2025-07-16T13:15:56","guid":{"rendered":"https:\/\/www.villaeducativa.edu.mx\/newspaper\/?p=136579"},"modified":"2025-07-16T14:47:45","modified_gmt":"2025-07-16T19:47:45","slug":"1o-3o-documentaciones-de-cierres-de-proyecto","status":"publish","type":"post","link":"https:\/\/www.villaeducativa.edu.mx\/newspaper\/?p=136579","title":{"rendered":"1o-3o: Documentaciones de cierres de proyecto"},"content":{"rendered":"\n<p><strong>Creatividad, reflexi\u00f3n e inspiraci\u00f3n<\/strong><\/p>\n\n\n\n<p>Estamos por concluir el ciclo escolar y queremos agradecerles profundamente por su acompa\u00f1amiento, confianza y colaboraci\u00f3n a lo largo de este periodo.<\/p>\n\n\n\n<p>Nos complace compartir con ustedes las documentaciones realizadas durante el segundo semestre, las cuales reflejan los procesos de aprendizaje, experiencias significativas y el desarrollo integral de cada estudiante.<\/p>\n\n\n\n<p>Creemos firmemente que las historias de aprendizaje son plurales, \u00fanicas y llenas de sentido. Por ello, queremos hacerlos part\u00edcipes de la infinita curiosidad, creatividad y capacidad de reflexi\u00f3n que los ni\u00f1os y ni\u00f1as han demostrado antes y durante la construcci\u00f3n de su conocimiento.<\/p>\n\n\n\n<p>Estas documentaciones no solo son evidencia de contenidos abordados, sino tambi\u00e9n una ventana a sus pensamientos, preguntas, emociones y descubrimientos. Han sido fuente de inspiraci\u00f3n para nosotros como equipo docente, y esperamos que lo sean tambi\u00e9n para ustedes.<\/p>\n\n\n\n<p>Gracias por ser parte de esta traves\u00eda compartida. \u00a1Cerramos este ciclo con orgullo y entusiasmo por todo lo vivido y aprendido.<\/p>\n\n\n\n<h5><strong>Proyecto de Primero&nbsp;<\/strong><\/h5>\n\n\n\n<p><strong>Alimentaci\u00f3n\u00a0<\/strong><br>A trav\u00e9s del juego, la provocaci\u00f3n de la curiosidad y la relaci\u00f3n de los ni\u00f1os con los alimentos, se da el descubrimiento de texturas, formas, colores y procesos de elaboraci\u00f3n del ma\u00edz. El proyecto se inici\u00f3 con un tema muy importante, LA ALIMENTACI\u00d3N. Sin embargo los intereses de los ni\u00f1os fueron muy evidentes; quisieron conocer el proceso de elaboraci\u00f3n de las tortillas, para lo cual se prepararon varias actividades de relaci\u00f3n entre los ni\u00f1os y el ma\u00edz, que culmin\u00f3 en VER, SABOREAR Y APRECIAR EL MA\u00cdZ con otros ojos.<\/p>\n\n\n\n<p>Favor de dar click en el grupo para visualizar la documentaci\u00f3n.<\/p>\n\n\n\n<ul><li><strong><a href=\"https:\/\/docs.google.com\/presentation\/d\/1PzJTt0DueLY_w8iWpfrXkxkPk0aj_brhhH9olVpLx_Q\/edit?slide=id.p#slide=id.p\">1\u00b0A<\/a><\/strong><\/li><li><strong><a href=\"https:\/\/docs.google.com\/presentation\/d\/1Y5yR8w-Pi3t0tKo-WX_8MvvyFm-gVSP5nl0UVEhkUps\/edit\">1\u00b0B<\/a><\/strong><\/li><li><strong><a href=\"https:\/\/docs.google.com\/presentation\/d\/130UZwKxQLJ0YoaulOPYIJx17ONIvZ-ny5QkF--HJgSM\/edit\">1\u00b0C<\/a><\/strong><\/li><li><strong><a href=\"https:\/\/docs.google.com\/presentation\/d\/1AM1JVcT2rs6imW_rCUV-Cw37RF0Ts93YJ3-qvcPVUBQ\/edit\">1\u00b0D<\/a><\/strong><\/li><\/ul>\n\n\n\n<hr class=\"wp-block-separator\"\/>\n\n\n\n<h5><strong>Proyecto de Segundo&nbsp;<\/strong><\/h5>\n\n\n\n<p><strong>Dinero y finanzas<\/strong><br>Abordar el tema de finanzas con los alumnos de segundo grado ha sido enriquecedor. Permiti\u00f3 la investigaci\u00f3n espont\u00e1nea y el desarrollo de habilidades de administraci\u00f3n financiera que les servir\u00e1n a lo largo de la vida, como el ahorro, la planificaci\u00f3n y el gasto responsable, adem\u00e1s de fomentar la responsabilidad, la toma de decisiones informadas y\u00a0la comprensi\u00f3n del valor del dinero.\u00a0<\/p>\n\n\n\n<p>Favor de dar click en el grupo para visualizar la documentaci\u00f3n.<\/p>\n\n\n\n<ul><li><strong><a href=\"https:\/\/docs.google.com\/presentation\/d\/1FPz6pZYN_f7Za_J5qBUUGFK9JzxSx3VItW6WpZF34aQ\/edit?slide=id.p#slide=id.p\">2\u00b0A<\/a><\/strong><\/li><li><strong><a href=\"https:\/\/docs.google.com\/presentation\/d\/11eLCAJl3iEE4eyJ8QM4a-FdUQwRAZhoL_sapc9VJ_28\/edit?slide=id.p#slide=id.p\">2\u00b0B<\/a><\/strong><\/li><li><strong><a href=\"https:\/\/docs.google.com\/presentation\/d\/1CKi7z901CeiS1RDSqTKYz-Cqmu73BvAbxquOYd5ydwk\/edit\">2\u00b0C<\/a><\/strong><\/li><li><strong><a href=\"https:\/\/docs.google.com\/presentation\/d\/1TzSclHvV-C8fwz5hM4S5SKoBEpAlOIm8MurDEGmjW2w\/edit?slide=id.p#slide=id.p\">2\u00b0D<\/a><\/strong><\/li><\/ul>\n\n\n\n<hr class=\"wp-block-separator\"\/>\n\n\n\n<p><strong>Proyecto de Tercero<\/strong><\/p>\n\n\n\n<p><strong>Matter<\/strong><br>Our third-grade project on <em>Matter and Its Different States<\/em> was an enriching and exciting journey of discovery. Students explored the various forms in which matter exists, where we can find it, and how it changes from one state to another.<\/p>\n\n\n\n<p>This hands-on project awakened their curiosity and led them to observe, experiment, and realize that matter is all around us, constantly changing and taking different forms. Through guided activities, students learned to identify solid, liquid, and gaseous states, and understood key concepts such as physical changes and transformations.<\/p>\n\n\n\n<p>One of the most special parts of the project was the involvement of families, who actively participated and supported the students in their learning process. Their collaboration added a personal and meaningful touch to the experience, strengthening the connection between school and home.<\/p>\n\n\n\n<p>It was a highly engaging project, filled with observation, investigation, teamwork, and meaningful results, an unforgettable way to connect science with the world around us.<\/p>\n\n\n\n<ul><li><strong><a href=\"https:\/\/docs.google.com\/presentation\/u\/0\/d\/1SklPuUHWvQoibMTUgkdjKIT-d2CeCA7EdP5ug_xDqNQ\/edit\">3A<\/a><\/strong><\/li><li><strong><a href=\"https:\/\/docs.google.com\/presentation\/u\/0\/d\/1cpKsmVrRHvk7xNM4PhywcwAqCmmmJjOZlrKYbH_hXcY\/edit\">3B<\/a><\/strong><\/li><li><strong><a href=\"https:\/\/docs.google.com\/presentation\/u\/0\/d\/1lC2m7XbKDbJiSj4yZxg7_fRcHJMzAuPWndk4lmnwFX0\/edit\">3C<\/a><\/strong><\/li><li><strong><a href=\"https:\/\/docs.google.com\/presentation\/u\/0\/d\/15zxVRnGsDP2DjQmmhrpcyeDV1SkJHMiHYau_yO3rVpk\/edit\">3D<\/a><\/strong><\/li><\/ul>\n\n\n\n<p><strong><span class=\"has-inline-color has-vivid-cyan-blue-color\">Lupita Carmona<br><\/span><\/strong><span class=\"has-inline-color has-vivid-cyan-blue-color\"><em>Atelier Primaria Baja<\/em><\/span><strong><span class=\"has-inline-color has-vivid-cyan-blue-color\"><br><br>Lupita G\u00e1lvez<br><\/span><\/strong><span class=\"has-inline-color has-vivid-cyan-blue-color\"><em>Coordinaci\u00f3n Primaria<\/em><\/span><\/p>\n","protected":false},"excerpt":{"rendered":"<p>Creatividad, reflexi\u00f3n e inspiraci\u00f3n Estamos por concluir el ciclo escolar y queremos agradecerles profundamente por su acompa\u00f1amiento, confianza y colaboraci\u00f3n a lo largo de este periodo. Nos complace compartir con ustedes las documentaciones realizadas durante el segundo semestre, las cuales reflejan los procesos de aprendizaje, experiencias significativas y el desarrollo&hellip; <\/p>\n","protected":false},"author":2,"featured_media":137475,"comment_status":"closed","ping_status":"closed","sticky":false,"template":"","format":"standard","meta":{"ngg_post_thumbnail":0},"categories":[3],"tags":[],"_links":{"self":[{"href":"https:\/\/www.villaeducativa.edu.mx\/newspaper\/index.php?rest_route=\/wp\/v2\/posts\/136579"}],"collection":[{"href":"https:\/\/www.villaeducativa.edu.mx\/newspaper\/index.php?rest_route=\/wp\/v2\/posts"}],"about":[{"href":"https:\/\/www.villaeducativa.edu.mx\/newspaper\/index.php?rest_route=\/wp\/v2\/types\/post"}],"author":[{"embeddable":true,"href":"https:\/\/www.villaeducativa.edu.mx\/newspaper\/index.php?rest_route=\/wp\/v2\/users\/2"}],"replies":[{"embeddable":true,"href":"https:\/\/www.villaeducativa.edu.mx\/newspaper\/index.php?rest_route=%2Fwp%2Fv2%2Fcomments&post=136579"}],"version-history":[{"count":4,"href":"https:\/\/www.villaeducativa.edu.mx\/newspaper\/index.php?rest_route=\/wp\/v2\/posts\/136579\/revisions"}],"predecessor-version":[{"id":137500,"href":"https:\/\/www.villaeducativa.edu.mx\/newspaper\/index.php?rest_route=\/wp\/v2\/posts\/136579\/revisions\/137500"}],"wp:featuredmedia":[{"embeddable":true,"href":"https:\/\/www.villaeducativa.edu.mx\/newspaper\/index.php?rest_route=\/wp\/v2\/media\/137475"}],"wp:attachment":[{"href":"https:\/\/www.villaeducativa.edu.mx\/newspaper\/index.php?rest_route=%2Fwp%2Fv2%2Fmedia&parent=136579"}],"wp:term":[{"taxonomy":"category","embeddable":true,"href":"https:\/\/www.villaeducativa.edu.mx\/newspaper\/index.php?rest_route=%2Fwp%2Fv2%2Fcategories&post=136579"},{"taxonomy":"post_tag","embeddable":true,"href":"https:\/\/www.villaeducativa.edu.mx\/newspaper\/index.php?rest_route=%2Fwp%2Fv2%2Ftags&post=136579"}],"curies":[{"name":"wp","href":"https:\/\/api.w.org\/{rel}","templated":true}]}}