{"id":136496,"date":"2025-07-16T08:00:00","date_gmt":"2025-07-16T13:00:00","guid":{"rendered":"https:\/\/www.villaeducativa.edu.mx\/newspaper\/?p=136496"},"modified":"2025-07-16T14:58:41","modified_gmt":"2025-07-16T19:58:41","slug":"orgullo-villa-paula-enciso-y-su-pasion-por-el-baile-folklorico","status":"publish","type":"post","link":"https:\/\/www.villaeducativa.edu.mx\/newspaper\/?p=136496","title":{"rendered":"Orgullo Escolar: Paula Enciso y Danna Sof\u00eda Gonz\u00e1lez"},"content":{"rendered":"\n<h5><strong>Paula Encino y su pasi\u00f3n por el baile folkl\u00f3rico<\/strong><\/h5>\n\n\n\n<p>Nos llena de alegr\u00eda compartir con toda la comunidad escolar un logro muy especial de nuestra alumna Paula Enciso de 5\u00b0A, quien forma parte de la reconocida Escuela de Ballet Folkl\u00f3rico de Amalia Hern\u00e1ndez.<\/p>\n\n\n\n<p>El pasado fin de semana, Paula particip\u00f3 en una serie de presentaciones en el Foro Cultural Azcapotzalco, donde demostr\u00f3 no solo su talento en el escenario, sino tambi\u00e9n su disciplina, amor por nuestras tradiciones y gran compromiso art\u00edstico. Con cada paso, Paula celebr\u00f3 la riqueza cultural de M\u00e9xico y dej\u00f3 claro que el arte es una forma poderosa de expresi\u00f3n.<\/p>\n\n\n\n<p>Desde muy peque\u00f1a, Paula ha mostrado una sensibilidad especial hacia el baile y, verla desarrollarse con tanta pasi\u00f3n en este espacio tan importante, es motivo de orgullo para todos en Villa Educativa.<\/p>\n\n\n\n<p>\u00a1Felicidades Paula! Tu dedicaci\u00f3n y alegr\u00eda al bailar nos inspiran y nos llenan de orgullo. Estamos seguros de que este es solo el comienzo de muchos escenarios m\u00e1s.<\/p>\n\n\n\n\n\n<div class=\"ngg-galleryoverview ngg-slideshow\"\n\t id=\"ngg-slideshow-64883b772fa766c8a024049b5412d853-9762914830\"\n     data-gallery-id=\"64883b772fa766c8a024049b5412d853\"\n     style=\"max-width: 600px; max-height: 500px;\">\n\n \t<div id=\"ngg-image-0\" class=\"ngg-gallery-slideshow-image\" style=\"height:500px\">\n\n        <a href=\"https:\/\/www.villaeducativa.edu.mx\/newspaper\/wp-content\/gallery\/46-orgullopaula\/IMG_1069.jpg\"\n           title=\"\"\n           data-src=\"https:\/\/www.villaeducativa.edu.mx\/newspaper\/wp-content\/gallery\/46-orgullopaula\/IMG_1069.jpg\"\n           data-thumbnail=\"https:\/\/www.villaeducativa.edu.mx\/newspaper\/wp-content\/gallery\/46-orgullopaula\/thumbs\/thumbs_IMG_1069.jpg\"\n           data-image-id=\"67206\"\n           data-title=\"IMG_1069\"\n           data-description=\"\"\n           class=\"ngg-fancybox\" rel=\"64883b772fa766c8a024049b5412d853\">\n\n            <img data-image-id='67206'\n                 title=\"\"\n                 alt=\"IMG_1069\"\n                 src=\"https:\/\/www.villaeducativa.edu.mx\/newspaper\/wp-content\/gallery\/46-orgullopaula\/IMG_1069.jpg\"\n                 style=\"max-height: 480px;\"\/>\n        <\/a>\n\n        <\/div> \n<div id=\"ngg-image-1\" class=\"ngg-gallery-slideshow-image\" style=\"height:500px\">\n\n        <a href=\"https:\/\/www.villaeducativa.edu.mx\/newspaper\/wp-content\/gallery\/46-orgullopaula\/IMG_1080.jpg\"\n           title=\"\"\n           data-src=\"https:\/\/www.villaeducativa.edu.mx\/newspaper\/wp-content\/gallery\/46-orgullopaula\/IMG_1080.jpg\"\n           data-thumbnail=\"https:\/\/www.villaeducativa.edu.mx\/newspaper\/wp-content\/gallery\/46-orgullopaula\/thumbs\/thumbs_IMG_1080.jpg\"\n           data-image-id=\"67207\"\n           data-title=\"IMG_1080\"\n           data-description=\"\"\n           class=\"ngg-fancybox\" rel=\"64883b772fa766c8a024049b5412d853\">\n\n            <img data-image-id='67207'\n                 title=\"\"\n                 alt=\"IMG_1080\"\n                 src=\"https:\/\/www.villaeducativa.edu.mx\/newspaper\/wp-content\/gallery\/46-orgullopaula\/IMG_1080.jpg\"\n                 style=\"max-height: 480px;\"\/>\n        <\/a>\n\n        <\/div> \n<div id=\"ngg-image-2\" class=\"ngg-gallery-slideshow-image\" style=\"height:500px\">\n\n        <a href=\"https:\/\/www.villaeducativa.edu.mx\/newspaper\/wp-content\/gallery\/46-orgullopaula\/IMG_1063.jpg\"\n           title=\"\"\n           data-src=\"https:\/\/www.villaeducativa.edu.mx\/newspaper\/wp-content\/gallery\/46-orgullopaula\/IMG_1063.jpg\"\n           data-thumbnail=\"https:\/\/www.villaeducativa.edu.mx\/newspaper\/wp-content\/gallery\/46-orgullopaula\/thumbs\/thumbs_IMG_1063.jpg\"\n           data-image-id=\"67208\"\n           data-title=\"IMG_1063\"\n           data-description=\"\"\n           class=\"ngg-fancybox\" rel=\"64883b772fa766c8a024049b5412d853\">\n\n            <img data-image-id='67208'\n                 title=\"\"\n                 alt=\"IMG_1063\"\n                 src=\"https:\/\/www.villaeducativa.edu.mx\/newspaper\/wp-content\/gallery\/46-orgullopaula\/IMG_1063.jpg\"\n                 style=\"max-height: 480px;\"\/>\n        <\/a>\n\n        <\/div> \n<div id=\"ngg-image-3\" class=\"ngg-gallery-slideshow-image\" style=\"height:500px\">\n\n        <a href=\"https:\/\/www.villaeducativa.edu.mx\/newspaper\/wp-content\/gallery\/46-orgullopaula\/IMG_1079.jpg\"\n           title=\"\"\n           data-src=\"https:\/\/www.villaeducativa.edu.mx\/newspaper\/wp-content\/gallery\/46-orgullopaula\/IMG_1079.jpg\"\n           data-thumbnail=\"https:\/\/www.villaeducativa.edu.mx\/newspaper\/wp-content\/gallery\/46-orgullopaula\/thumbs\/thumbs_IMG_1079.jpg\"\n           data-image-id=\"67209\"\n           data-title=\"IMG_1079\"\n           data-description=\"\"\n           class=\"ngg-fancybox\" rel=\"64883b772fa766c8a024049b5412d853\">\n\n            <img data-image-id='67209'\n                 title=\"\"\n                 alt=\"IMG_1079\"\n                 src=\"https:\/\/www.villaeducativa.edu.mx\/newspaper\/wp-content\/gallery\/46-orgullopaula\/IMG_1079.jpg\"\n                 style=\"max-height: 480px;\"\/>\n        <\/a>\n\n        <\/div> \n<\/div>\n\n\n\n\n\n\n\n<hr class=\"wp-block-separator\"\/>\n\n\n\n<h5><strong>Danna Sof\u00eda, destacada gimnasta art\u00edstica<\/strong><\/h5>\n\n\n\n<p>Queremos felicitar con mucho orgullo a Danna Sof\u00eda Gonz\u00e1lez Gal\u00e1n, por su destacada participaci\u00f3n en el Campeonato Estatal de Gimnasia Art\u00edstica 2025, realizado el pasado domingo 6 de julio.<\/p>\n\n\n\n<p>Danna demostr\u00f3 su talento y disciplina al obtener los siguientes resultados en la categor\u00eda V-A:<\/p>\n\n\n\n<ul><li>1er lugar en pelota<\/li><li>1er lugar en all-around<\/li><li>4to lugar en manos libres<\/li><\/ul>\n\n\n\n<p>Este logro representa no solo su esfuerzo personal, sino tambi\u00e9n un gran ejemplo de dedicaci\u00f3n para todos sus compa\u00f1eros.<\/p>\n\n\n\n<p>\u00a1Felicidades Danna Sof\u00eda!&nbsp;<\/p>\n\n\n\n\n\n<div class=\"ngg-galleryoverview ngg-slideshow\"\n\t id=\"ngg-slideshow-4ec485c095890c8394d456abae287abe-15078101820\"\n     data-gallery-id=\"4ec485c095890c8394d456abae287abe\"\n     style=\"max-width: 600px; max-height: 500px;\">\n\n \t<div id=\"ngg-image-0\" class=\"ngg-gallery-slideshow-image\" style=\"height:500px\">\n\n        <a href=\"https:\/\/www.villaeducativa.edu.mx\/newspaper\/wp-content\/gallery\/46-orgullodana\/4c6bbc95-e4f8-4c17-aba1-12d780bc2ba5.jpg\"\n           title=\"\"\n           data-src=\"https:\/\/www.villaeducativa.edu.mx\/newspaper\/wp-content\/gallery\/46-orgullodana\/4c6bbc95-e4f8-4c17-aba1-12d780bc2ba5.jpg\"\n           data-thumbnail=\"https:\/\/www.villaeducativa.edu.mx\/newspaper\/wp-content\/gallery\/46-orgullodana\/thumbs\/thumbs_4c6bbc95-e4f8-4c17-aba1-12d780bc2ba5.jpg\"\n           data-image-id=\"67210\"\n           data-title=\"4c6bbc95-e4f8-4c17-aba1-12d780bc2ba5\"\n           data-description=\"\"\n           class=\"ngg-fancybox\" rel=\"4ec485c095890c8394d456abae287abe\">\n\n            <img data-image-id='67210'\n                 title=\"\"\n                 alt=\"4c6bbc95-e4f8-4c17-aba1-12d780bc2ba5\"\n                 src=\"https:\/\/www.villaeducativa.edu.mx\/newspaper\/wp-content\/gallery\/46-orgullodana\/4c6bbc95-e4f8-4c17-aba1-12d780bc2ba5.jpg\"\n                 style=\"max-height: 480px;\"\/>\n        <\/a>\n\n        <\/div> \n<div id=\"ngg-image-1\" class=\"ngg-gallery-slideshow-image\" style=\"height:500px\">\n\n        <a href=\"https:\/\/www.villaeducativa.edu.mx\/newspaper\/wp-content\/gallery\/46-orgullodana\/IMG_6753.jpg\"\n           title=\"\"\n           data-src=\"https:\/\/www.villaeducativa.edu.mx\/newspaper\/wp-content\/gallery\/46-orgullodana\/IMG_6753.jpg\"\n           data-thumbnail=\"https:\/\/www.villaeducativa.edu.mx\/newspaper\/wp-content\/gallery\/46-orgullodana\/thumbs\/thumbs_IMG_6753.jpg\"\n           data-image-id=\"67211\"\n           data-title=\"IMG_6753\"\n           data-description=\"\"\n           class=\"ngg-fancybox\" rel=\"4ec485c095890c8394d456abae287abe\">\n\n            <img data-image-id='67211'\n                 title=\"\"\n                 alt=\"IMG_6753\"\n                 src=\"https:\/\/www.villaeducativa.edu.mx\/newspaper\/wp-content\/gallery\/46-orgullodana\/IMG_6753.jpg\"\n                 style=\"max-height: 480px;\"\/>\n        <\/a>\n\n        <\/div> \n<div id=\"ngg-image-2\" class=\"ngg-gallery-slideshow-image\" style=\"height:500px\">\n\n        <a href=\"https:\/\/www.villaeducativa.edu.mx\/newspaper\/wp-content\/gallery\/46-orgullodana\/IMG_6698.jpg\"\n           title=\"\"\n           data-src=\"https:\/\/www.villaeducativa.edu.mx\/newspaper\/wp-content\/gallery\/46-orgullodana\/IMG_6698.jpg\"\n           data-thumbnail=\"https:\/\/www.villaeducativa.edu.mx\/newspaper\/wp-content\/gallery\/46-orgullodana\/thumbs\/thumbs_IMG_6698.jpg\"\n           data-image-id=\"67212\"\n           data-title=\"IMG_6698\"\n           data-description=\"\"\n           class=\"ngg-fancybox\" rel=\"4ec485c095890c8394d456abae287abe\">\n\n            <img data-image-id='67212'\n                 title=\"\"\n                 alt=\"IMG_6698\"\n                 src=\"https:\/\/www.villaeducativa.edu.mx\/newspaper\/wp-content\/gallery\/46-orgullodana\/IMG_6698.jpg\"\n                 style=\"max-height: 480px;\"\/>\n        <\/a>\n\n        <\/div> \n<\/div>\n\n\n\n\n\n\n\n<p><strong><span class=\"has-inline-color has-vivid-cyan-blue-color\">Lupita G\u00e1lvez<br><\/span><\/strong><span class=\"has-inline-color has-vivid-cyan-blue-color\"><em>Coordinadora de Espa\u00f1ol de Primaria<\/em><\/span><\/p>\n","protected":false},"excerpt":{"rendered":"<p>Paula Encino y su pasi\u00f3n por el baile folkl\u00f3rico Nos llena de alegr\u00eda compartir con toda la comunidad escolar un logro muy especial de nuestra alumna Paula Enciso de 5\u00b0A, quien forma parte de la reconocida Escuela de Ballet Folkl\u00f3rico de Amalia Hern\u00e1ndez. El pasado fin de semana, Paula particip\u00f3&hellip; <\/p>\n","protected":false},"author":2,"featured_media":136506,"comment_status":"closed","ping_status":"closed","sticky":false,"template":"","format":"standard","meta":{"ngg_post_thumbnail":0},"categories":[3],"tags":[],"_links":{"self":[{"href":"https:\/\/www.villaeducativa.edu.mx\/newspaper\/index.php?rest_route=\/wp\/v2\/posts\/136496"}],"collection":[{"href":"https:\/\/www.villaeducativa.edu.mx\/newspaper\/index.php?rest_route=\/wp\/v2\/posts"}],"about":[{"href":"https:\/\/www.villaeducativa.edu.mx\/newspaper\/index.php?rest_route=\/wp\/v2\/types\/post"}],"author":[{"embeddable":true,"href":"https:\/\/www.villaeducativa.edu.mx\/newspaper\/index.php?rest_route=\/wp\/v2\/users\/2"}],"replies":[{"embeddable":true,"href":"https:\/\/www.villaeducativa.edu.mx\/newspaper\/index.php?rest_route=%2Fwp%2Fv2%2Fcomments&post=136496"}],"version-history":[{"count":3,"href":"https:\/\/www.villaeducativa.edu.mx\/newspaper\/index.php?rest_route=\/wp\/v2\/posts\/136496\/revisions"}],"predecessor-version":[{"id":137503,"href":"https:\/\/www.villaeducativa.edu.mx\/newspaper\/index.php?rest_route=\/wp\/v2\/posts\/136496\/revisions\/137503"}],"wp:featuredmedia":[{"embeddable":true,"href":"https:\/\/www.villaeducativa.edu.mx\/newspaper\/index.php?rest_route=\/wp\/v2\/media\/136506"}],"wp:attachment":[{"href":"https:\/\/www.villaeducativa.edu.mx\/newspaper\/index.php?rest_route=%2Fwp%2Fv2%2Fmedia&parent=136496"}],"wp:term":[{"taxonomy":"category","embeddable":true,"href":"https:\/\/www.villaeducativa.edu.mx\/newspaper\/index.php?rest_route=%2Fwp%2Fv2%2Fcategories&post=136496"},{"taxonomy":"post_tag","embeddable":true,"href":"https:\/\/www.villaeducativa.edu.mx\/newspaper\/index.php?rest_route=%2Fwp%2Fv2%2Ftags&post=136496"}],"curies":[{"name":"wp","href":"https:\/\/api.w.org\/{rel}","templated":true}]}}