{"id":136408,"date":"2025-07-08T17:41:08","date_gmt":"2025-07-08T22:41:08","guid":{"rendered":"https:\/\/www.villaeducativa.edu.mx\/newspaper\/?p=136408"},"modified":"2025-08-19T14:00:17","modified_gmt":"2025-08-19T19:00:17","slug":"fechas-importantes-2","status":"publish","type":"post","link":"https:\/\/www.villaeducativa.edu.mx\/newspaper\/?p=136408","title":{"rendered":"Fechas importantes"},"content":{"rendered":"\n<h5 class=\"has-text-align-center\" id=\"block-d53dee9c-0ed8-4871-9fd8-2fc62122ea75\"><strong>Agosto<\/strong><\/h5>\n\n\n\n<figure class=\"wp-block-table\"><table><tbody><tr><td class=\"has-text-align-right\" data-align=\"right\"><\/td><td><strong><em>GENERAL<\/em><\/strong><\/td><\/tr><tr><td class=\"has-text-align-right\" data-align=\"right\"><strong><span class=\"has-inline-color has-vivid-red-color\">22 al 27<\/span><\/strong><\/td><td><strong>\u2022<\/strong> <strong><strong>Venta de uniformes en Villa High de 8:00 a.m. a 3:00 p.m. (Incluyendo&nbsp;s\u00e1bado 23 de 8:00 a.m. a 1:00 p.m.)<\/strong><\/strong><\/td><\/tr><tr><td class=\"has-text-align-right\" data-align=\"right\"><\/td><td><strong><em><span class=\"has-inline-color has-luminous-vivid-orange-color\">NURSERY<\/span><\/em><\/strong><\/td><\/tr><tr><td class=\"has-text-align-right\" data-align=\"right\"><strong><span class=\"has-inline-color has-vivid-red-color\">29<\/span><\/strong><\/td><td><strong><strong>\u2022<\/strong> <strong>Junta de inicio presencial 8:00 a.m.<\/strong><\/strong><\/td><\/tr><tr><td class=\"has-text-align-right\" data-align=\"right\"><\/td><td><strong><em><span class=\"has-inline-color has-vivid-cyan-blue-color\">VILLA EDUCATIVA<\/span><\/em><\/strong><\/td><\/tr><tr><td class=\"has-text-align-right\" data-align=\"right\"><strong><span class=\"has-inline-color has-vivid-red-color\">28<\/span><\/strong><\/td><td><strong><strong>\u2022<\/strong><\/strong> <strong>Villa Educativa 3\u00b0 y 6\u00b0<\/strong> Junta de inicio virtual: 8:00 a.m.<br><strong><strong>\u2022<\/strong><\/strong> <strong>Villa Educativa 2\u00b0 y 5\u00b0<\/strong> Junta de inicio virtual 11:00 a.m.<\/td><\/tr><tr><td class=\"has-text-align-right\" data-align=\"right\"><strong><span class=\"has-inline-color has-vivid-red-color\">29<\/span><\/strong><\/td><td><strong><strong>\u2022 Villa Educativa 1\u00b0 y 4\u00b0 Junta de inicio virtual: 10:00 a.m.<\/strong><\/strong><\/td><\/tr><tr><td class=\"has-text-align-right\" data-align=\"right\"><\/td><td><strong><em><span class=\"has-inline-color has-cyan-bluish-gray-color\">VILLA HIGH<\/span><\/em><\/strong><\/td><\/tr><tr><td class=\"has-text-align-right\" data-align=\"right\"><strong><span class=\"has-inline-color has-vivid-red-color\">27<\/span><\/strong><\/td><td><strong><strong>\u2022<\/strong> <strong><strong>VH2<\/strong> Junta de inicio virtual 11:30 a.m.&nbsp;<\/strong><br><strong>\u2022<\/strong> <strong>VH3<\/strong>&nbsp;<strong>Junta de inicio virtual 1:00 p.m.<\/strong><\/strong><\/td><\/tr><tr><td class=\"has-text-align-right\" data-align=\"right\"><strong><span class=\"has-inline-color has-vivid-red-color\">28<\/span><\/strong><\/td><td><strong><strong>\u2022<\/strong><\/strong><strong><strong> <strong>VH1 Junta de inicio virtual 1:00 p.m.<\/strong><\/strong><\/strong><\/td><\/tr><tr><td class=\"has-text-align-right\" data-align=\"right\"><strong><span class=\"has-inline-color has-vivid-red-color\">29<\/span><\/strong><\/td><td><strong><strong><strong>\u2022 Villa High<\/strong>:\u00a0<strong>Padres y alumnos vienen a dejar materiales<\/strong>.<br>   &#8211; <strong>VH3: <\/strong>8:00 a 9:00\u00a0a.m.<br>   &#8211; <strong>VH2: <\/strong>9:00 a 10:00 a.m.<br>   &#8211; <strong>VH1:<\/strong> 10:00 a 11:30 a.m.<\/strong><\/strong><\/td><\/tr><\/tbody><\/table><\/figure>\n\n\n\n<hr class=\"wp-block-separator\"\/>\n\n\n\n<h5 class=\"has-text-align-center\"><strong>Septiembre<\/strong><\/h5>\n\n\n\n<figure class=\"wp-block-table\"><table><tbody><tr><td class=\"has-text-align-right\" data-align=\"right\"><\/td><td><strong><em>GENERAL<\/em><\/strong><\/td><\/tr><tr><td class=\"has-text-align-right\" data-align=\"right\"><strong><span class=\"has-inline-color has-vivid-red-color\">12<\/span><\/strong><\/td><td><strong><strong><strong>\u2022 Celebraci\u00f3n interna de la Independencia de M\u00e9xico<\/strong><\/strong><\/strong>.<\/td><\/tr><tr><td class=\"has-text-align-right\" data-align=\"right\"><strong><span class=\"has-inline-color has-vivid-red-color\">15 y 16<\/span><\/strong><\/td><td><strong><strong><strong>\u2022 No hay clases por conmemoraci\u00f3n de la Independencia de M\u00e9xico<\/strong><\/strong><\/strong>.<\/td><\/tr><tr><td class=\"has-text-align-right\" data-align=\"right\"><strong><span class=\"has-inline-color has-vivid-red-color\">26<\/span><\/strong><\/td><td><strong>\u2022 No hay clases por Consejo T\u00e9cnico y capacitaci\u00f3n docente<\/strong>.<\/td><\/tr><tr><td class=\"has-text-align-right\" data-align=\"right\"><\/td><td><strong><span class=\"has-inline-color has-luminous-vivid-orange-color\"><em>NURSERY<\/em><\/span><\/strong><\/td><\/tr><tr><td class=\"has-text-align-right\" data-align=\"right\"><strong><span class=\"has-inline-color has-vivid-red-color\">1<\/span><\/strong><\/td><td><strong><strong>\u2022<\/strong> <strong><strong><strong>Nursery <\/strong>Parent &amp; Kid Day 1: 8:00 a 10:00 a.m. vienen alumnos con sus&nbsp;pap\u00e1s al d\u00eda 1 de adaptaci\u00f3n y entrega de materiales.&nbsp;<\/strong><\/strong><\/strong><\/td><\/tr><tr><td class=\"has-text-align-right\" data-align=\"right\"><strong><span class=\"has-inline-color has-vivid-red-color\">2<\/span><\/strong><\/td><td><strong>\u2022<\/strong> <strong><strong>Nursery Parent &amp; Kid Day <\/strong>2: 8:00 a 10:00 a.m. vienen alumnos con sus&nbsp;pap\u00e1s al d\u00eda 2 de adaptaci\u00f3n.<\/strong><\/td><\/tr><tr><td class=\"has-text-align-right\" data-align=\"right\"><strong><span class=\"has-inline-color has-vivid-red-color\">3<\/span><\/strong><\/td><td><strong>\u2022<\/strong> <strong><strong>P<\/strong>rimer d\u00eda de clases en horario regular.&nbsp;<\/strong><\/td><\/tr><tr><td class=\"has-text-align-right\" data-align=\"right\"><strong><span class=\"has-inline-color has-vivid-red-color\">30<\/span><\/strong><\/td><td><strong>\u2022 Celebraci\u00f3n del d\u00eda de los abuelos. <\/strong><\/td><\/tr><tr><td class=\"has-text-align-right\" data-align=\"right\"><\/td><td><strong><em><span class=\"has-inline-color has-luminous-vivid-amber-color\">HAPPY KINDER<\/span><\/em><\/strong><\/td><\/tr><tr><td class=\"has-text-align-right\" data-align=\"right\"><strong><span class=\"has-inline-color has-vivid-red-color\">1<\/span><\/strong><\/td><td><strong><strong><strong><strong>\u2022<\/strong><\/strong> <strong><strong>Kinder 3 <\/strong>Junta de inicio virtual 8:00 a.m.<br><strong>\u2022<\/strong><\/strong> <strong><strong>Kinder 2<\/strong> Junta de inicio virtual 10:00 a.m.&nbsp;<br><strong>\u2022<\/strong><\/strong> <strong><strong>Kinder 1<\/strong> Junta de inicio virtual 12:00 p.m.<\/strong><\/strong><\/strong><\/td><\/tr><tr><td class=\"has-text-align-right\" data-align=\"right\"><strong><span class=\"has-inline-color has-vivid-red-color\">2<\/span><\/strong><\/td><td><strong><strong>\u2022 Kinder 3 Parent &amp; Kid Day:&nbsp; <\/strong><\/strong><br>   &#8211; <strong><strong>Team #1: 8:00 a 10:30 a.m. &nbsp; <\/strong><\/strong><br>   &#8211; <strong><strong>Team #2 11:30 a.m. a 2:00 p.m.<\/strong><\/strong><br>      <strong><strong>Vienen alumnos con un adulto a actividades de adaptaci\u00f3n y entrega de materiales.<\/strong><\/strong><\/td><\/tr><tr><td class=\"has-text-align-right\" data-align=\"right\"><strong><span class=\"has-inline-color has-vivid-red-color\">3<\/span><\/strong><\/td><td><strong><strong>\u2022<\/strong><\/strong> <strong><strong>Kinder 2<\/strong> Parent &amp; Kid Day:\u00a0 <\/strong><br>   &#8211; <strong>Team #1: 8:00 a 10:30 a.m. \u00a0 <\/strong><br>   &#8211; <strong>Team #2 11:30 a.m. a 2:00 p.m.<\/strong><br>      <strong>Vienen\u00a0 alumnos con <strong>un adulto<\/strong> a actividades de adaptaci\u00f3n y entrega de materiales.<\/strong><\/td><\/tr><tr><td class=\"has-text-align-right\" data-align=\"right\"><strong><span class=\"has-inline-color has-vivid-red-color\">4<\/span><\/strong><\/td><td><strong>\u2022<\/strong> <strong><strong>Kinder 1 Parent &amp; Kid Day 1:&nbsp; <\/strong><\/strong><br>   &#8211; <strong><strong>Team #1: 8:00 a 10:30 a.m. &nbsp; <\/strong><\/strong><br>   &#8211; <strong><strong>Team #2 11:30 a.m. a 2:00 p.m.<\/strong><\/strong><br>      <strong>Vienen&nbsp;alumnos con <strong>un adulto<\/strong> a actividades de adaptaci\u00f3n y entrega de materiales.<\/strong><\/td><\/tr><tr><td class=\"has-text-align-right\" data-align=\"right\"><strong><span class=\"has-inline-color has-vivid-red-color\">5<\/span><\/strong><\/td><td><strong>\u2022<\/strong> <strong>Kinder 1 Parent &amp; Kid day 2:\u00a0 <\/strong><br><strong>&#8211; Team #1: 8:00 a 10:30 a.m.<br>&#8211; Team #2 11:30 a.m. a 2:00 p.m.<\/strong><br><strong>   Vienen alumnos con un adulto a d\u00eda 2 de actividades de adaptaci\u00f3n y\u00a0entrega de materiales.<\/strong><br><\/td><\/tr><tr><td class=\"has-text-align-right\" data-align=\"right\"><strong><span class=\"has-inline-color has-vivid-red-color\">8<\/span><\/strong><\/td><td><strong><strong>\u2022 Primer d\u00eda de clases en horario regular<\/strong>.<br><strong><strong>\u2022<\/strong><\/strong> Inicio <strong>Club After School para alumnos de Kinder.<\/strong><\/strong><\/td><\/tr><tr><td class=\"has-text-align-right\" data-align=\"right\"><strong><span class=\"has-inline-color has-vivid-red-color\">30<\/span><\/strong><\/td><td><strong><strong>\u2022 Celebraci\u00f3n del d\u00eda de los abuelos<\/strong><\/strong><\/td><\/tr><tr><td class=\"has-text-align-right\" data-align=\"right\"><\/td><td><strong><span class=\"has-inline-color has-vivid-cyan-blue-color\"><em>VILLA EDUCATIVA<\/em><\/span><\/strong><\/td><\/tr><tr><td class=\"has-text-align-right\" data-align=\"right\"><strong><span class=\"has-inline-color has-vivid-red-color\">1<\/span><\/strong><\/td><td><strong><strong><strong><strong>\u2022<\/strong><\/strong> <strong><strong>Villa Educativa<\/strong> alumnos y padres de familia vienen a dejar materiales (alumnos con 1er apellido<\/strong>).<br>   &#8211; <strong>A &#8211; G 8:00 a 9:30 a.m.\u00a0<\/strong><br>   &#8211; <strong>H &#8211; \u00d1 9:30 a 11:00<\/strong> <strong>a.m.\u00a0<\/strong><br>   &#8211; <strong>O &#8211; Z 12:00 a 1:30\u00a0p.m.<\/strong><\/strong><\/strong><\/td><\/tr><tr><td class=\"has-text-align-right\" data-align=\"right\"><strong><span class=\"has-inline-color has-vivid-red-color\">2<\/span><\/strong><\/td><td><strong><strong>\u2022 Villa Educati<\/strong>va primer d\u00eda de clases en horario regular <\/strong><br><strong>\u2022 Inicio de Club After School para alumnos de primaria.<\/strong><\/td><\/tr><tr><td class=\"has-text-align-right\" data-align=\"right\"><\/td><td><strong><em><span class=\"has-inline-color has-cyan-bluish-gray-color\">VILLA HIGH<\/span><\/em><\/strong><\/td><\/tr><tr><td class=\"has-text-align-right\" data-align=\"right\"><strong><span class=\"has-inline-color has-vivid-red-color\">1<\/span><\/strong><\/td><td><strong><strong>\u2022<\/strong> <strong><strong><strong><strong>Villa High<\/strong> primer d\u00eda de clases en horario regular <\/strong><\/strong><\/strong><\/strong><br><strong><strong>\u2022<\/strong> I<strong><strong><strong>nicio de Club After&nbsp;School para alumnos de secundaria<\/strong><\/strong><\/strong><\/strong><\/td><\/tr><\/tbody><\/table><\/figure>\n","protected":false},"excerpt":{"rendered":"<p>Les compartimos las fechas importantes que tendremos en el mes de agosto y septiembre&#8230;<\/p>\n","protected":false},"author":2,"featured_media":136455,"comment_status":"closed","ping_status":"closed","sticky":false,"template":"","format":"standard","meta":{"ngg_post_thumbnail":0},"categories":[17],"tags":[],"_links":{"self":[{"href":"https:\/\/www.villaeducativa.edu.mx\/newspaper\/index.php?rest_route=\/wp\/v2\/posts\/136408"}],"collection":[{"href":"https:\/\/www.villaeducativa.edu.mx\/newspaper\/index.php?rest_route=\/wp\/v2\/posts"}],"about":[{"href":"https:\/\/www.villaeducativa.edu.mx\/newspaper\/index.php?rest_route=\/wp\/v2\/types\/post"}],"author":[{"embeddable":true,"href":"https:\/\/www.villaeducativa.edu.mx\/newspaper\/index.php?rest_route=\/wp\/v2\/users\/2"}],"replies":[{"embeddable":true,"href":"https:\/\/www.villaeducativa.edu.mx\/newspaper\/index.php?rest_route=%2Fwp%2Fv2%2Fcomments&post=136408"}],"version-history":[{"count":23,"href":"https:\/\/www.villaeducativa.edu.mx\/newspaper\/index.php?rest_route=\/wp\/v2\/posts\/136408\/revisions"}],"predecessor-version":[{"id":138262,"href":"https:\/\/www.villaeducativa.edu.mx\/newspaper\/index.php?rest_route=\/wp\/v2\/posts\/136408\/revisions\/138262"}],"wp:featuredmedia":[{"embeddable":true,"href":"https:\/\/www.villaeducativa.edu.mx\/newspaper\/index.php?rest_route=\/wp\/v2\/media\/136455"}],"wp:attachment":[{"href":"https:\/\/www.villaeducativa.edu.mx\/newspaper\/index.php?rest_route=%2Fwp%2Fv2%2Fmedia&parent=136408"}],"wp:term":[{"taxonomy":"category","embeddable":true,"href":"https:\/\/www.villaeducativa.edu.mx\/newspaper\/index.php?rest_route=%2Fwp%2Fv2%2Fcategories&post=136408"},{"taxonomy":"post_tag","embeddable":true,"href":"https:\/\/www.villaeducativa.edu.mx\/newspaper\/index.php?rest_route=%2Fwp%2Fv2%2Ftags&post=136408"}],"curies":[{"name":"wp","href":"https:\/\/api.w.org\/{rel}","templated":true}]}}