{"id":136404,"date":"2025-07-08T15:20:51","date_gmt":"2025-07-08T20:20:51","guid":{"rendered":"https:\/\/www.villaeducativa.edu.mx\/newspaper\/?p=136404"},"modified":"2025-07-17T12:56:58","modified_gmt":"2025-07-17T17:56:58","slug":"informacion-para-el-inicio-del-ciclo-2025-2026-3","status":"publish","type":"post","link":"https:\/\/www.villaeducativa.edu.mx\/newspaper\/?p=136404","title":{"rendered":"Informaci\u00f3n para el inicio del ciclo 2025-2026"},"content":{"rendered":"\n<p>Estamos ya preparando todo para iniciar el siguiente ciclo.&nbsp;<\/p>\n\n\n\n<p>Les comparto fechas importantes que deben tomar en cuenta:<\/p>\n\n\n\n<p><strong>Juntas de inicio (en formato virtual)<\/strong>  <\/p>\n\n\n\n<p><strong>1\u00b0<\/strong>  viernes 29 de agosto 10:00&nbsp;a.m.<strong> <\/strong><a href=\"https:\/\/meet.google.com\/twy-ssnw-stt\"><strong>meet.google.com\/twy-ssnw-stt<\/strong><\/a><strong>&nbsp;&nbsp;&nbsp;&nbsp;&nbsp;&nbsp;<\/strong><br><strong>2\u00b0<\/strong>  jueves 28 de agosto 11:00 a.m.<strong> <\/strong><a href=\"https:\/\/meet.google.com\/tgd-jmbb-zfp?hs=122&amp;authuser=0\"><strong>meet.google.com\/tgd-jmbb-zfp<\/strong><\/a><br><strong>3\u00b0<\/strong>  jueves 28 de agosto 8:00 a.m. <a href=\"https:\/\/meet.google.com\/ufn-suiu-srm\"><strong>meet.google.com\/ufn-suiu-srm<\/strong><\/a><br><strong>4\u00b0<\/strong>  viernes 29 de agosto 10:00&nbsp;a.m. <a href=\"https:\/\/meet.google.com\/udc-drcr-kjg?hs=122&amp;authuser=0\"><strong>meet.google.com\/udc-drcr-kjg<\/strong><\/a><br><strong>5\u00b0 <\/strong> jueves 28 de agosto 11:00 a.m. <a href=\"http:\/\/meet.google.com\/ahi-fayt-tnz\"><strong>meet.google.com\/ahi-fayt-tnz<\/strong><\/a><br><strong>6\u00b0<\/strong>  jueves 28 de agosto 8:00 a.m. <a href=\"https:\/\/meet.google.com\/exf-xxwu-fqx?hs=122&amp;authuser=0\"><strong>meet.google.com\/exf-xxwu-fqx<\/strong><\/a><\/p>\n\n\n\n<p><strong>Lunes 1\u00b0 de septiembre<\/strong> &#8211; <strong>D\u00eda de dejar materiales y conocer sus salones y a sus maestras, <\/strong><\/p>\n\n\n\n<p>Les pedimos venir en el horario que les corresponda seg\u00fan el 1er apellido de la familia.&nbsp;<\/p>\n\n\n\n<ul><li>8:00 a 9:30  a.m. 1er apellido inicia con&nbsp; A &#8211; G&nbsp;&nbsp;<\/li><li>9:30 a 11:00 a.m. 1er apellido inicia con H &#8211; \u00d1&nbsp;&nbsp;&nbsp;<\/li><li>12:00 a 1:30 p.m. 1er apellido inicia con O &#8211; Z&nbsp;&nbsp;&nbsp;&nbsp;<\/li><\/ul>\n\n\n\n<p>Lo que deben traer el primer d\u00eda de clases (dar click en cada grado)<\/p>\n\n\n\n<p><strong>&#8211; <a href=\"https:\/\/docs.google.com\/document\/d\/11rljkIj_BHh4cvrXaovb5PD3_luuYgw1oQ0TYupoNl0\/edit?tab=t.0\"><span class=\"has-inline-color has-vivid-cyan-blue-color\">Primeros<\/span><\/a><br>&#8211; <a href=\"https:\/\/docs.google.com\/document\/d\/123yaqxJ3KZg4peF_v34XZvaQcxkxcywFUsMzawtpYsI\/edit?tab=t.0\"><span class=\"has-inline-color has-vivid-cyan-blue-color\">Segundos<\/span><\/a><br>&#8211; <a href=\"https:\/\/docs.google.com\/document\/d\/10HvPxDxnK64H6CnZ3HaqsmyYyXOy0D3_oFSf2ST51uk\/edit?tab=t.0\"><span class=\"has-inline-color has-vivid-cyan-blue-color\">Terceros<\/span><\/a><br>&#8211; <a href=\"https:\/\/docs.google.com\/document\/d\/1o1TxwxpLJ1_8wjCEM2oY15Cn1taq9y0PNwuBOtRSEWg\/edit?tab=t.0\"><span class=\"has-inline-color has-vivid-cyan-blue-color\">Cuartos<\/span><\/a><br>&#8211;<\/strong> <a href=\"https:\/\/docs.google.com\/document\/d\/1ziJT2FFkxY_AOeNZpyVnqRag452vodUai9CP0B5CRDs\/edit?tab=t.0\"><strong><span class=\"has-inline-color has-vivid-cyan-blue-color\">Quintos<\/span><\/strong><\/a><strong><br>&#8211; <a href=\"https:\/\/docs.google.com\/document\/d\/1ipz1KCuwPXjkIQsBsN_UUdgExbtHGYxGw6wwISsCTxQ\/edit?tab=t.0\"><span class=\"has-inline-color has-vivid-cyan-blue-color\">Sextos<\/span><\/a><\/strong><\/p>\n\n\n\n<p><strong>El<\/strong> <strong>martes 2 de septiembre<\/strong> <strong>ser\u00e1 el primer d\u00eda de clases para Primaria, con horario regular<\/strong>. Tambi\u00e9n este d\u00eda inicia el servicio de Club After School para todos los grados de Primaria.&nbsp;<\/p>\n\n\n\n<p><strong>Los alumnos deber\u00e1n traer:<\/strong><\/p>\n\n\n\n<ul><li>Mochila<\/li><li>Lonchera&nbsp;<\/li><li>Estuche suave de doble cierre (24 colores, 2 l\u00e1pices, 2 l\u00e1pices de color rojo, goma, sacapuntas con dep\u00f3sito, tijeras punta redonda, Pritt, regla, 12 plumones delgados para su uso&nbsp;individual)<\/li><li><strong>TODO MARCADO CON NOMBRE Y APELLIDO<\/strong><\/li><\/ul>\n\n\n\n<hr class=\"wp-block-separator\"\/>\n\n\n\n<h5><strong>RECOMENDACIONES PARA EL REGRESO A CLASES&nbsp;<\/strong><\/h5>\n\n\n\n<p>Para el regreso a clases, recomendamos seguir las siguientes sugerencias, que estamos seguras ser\u00e1n de gran ayuda para que nuestros ni\u00f1os tengan un excelente inicio de ciclo escolar.<\/p>\n\n\n\n<p><strong>DOS SEMANAS ANTES<\/strong><\/p>\n\n\n\n<ul><li><strong>Establezca rutinas graduales: <\/strong>Ajuste horarios de sue\u00f1o y comidas para que se alineen con los del ciclo escolar y establezca una rutina matutina similar a la del colegio (levantarse, desayunar, vestirse).<\/li><li><strong>Involucre a su hijo o hija en la compra o revisi\u00f3n de materiales: <\/strong>Permita que escoja algunos materiales para generar entusiasmo (una lonchera con sus personajes favoritos, por ejemplo).<\/li><li><strong>Hable <\/strong>sobre lo que puede esperar: Amigos, maestros, recreo, actividades divertidas.<\/li><li><strong>Valide sus emociones:<\/strong> Cierto temor a lo nuevo o emociones mixtas son esperadas, pero responda con seguridad que est\u00e1 seguro que \u00e9l o ella estar\u00e1n bien.<\/li><\/ul>\n\n\n\n<p><strong>&nbsp;DESPEDIDA AFECTUOSA Y SIN ANGUSTIA<\/strong><\/p>\n\n\n\n<ol><li><strong>Lleve a cabo una rutina de despedida breve y constante:<\/strong><strong><br><\/strong>Un beso, un abrazo, una frase especial (\u00abTe quiero, divi\u00e9rtete, nos vemos a la salida\u00bb).<br>Mantenerlo breve ayuda a no prolongar la ansiedad de separaci\u00f3n.<br><\/li><li><strong>Transmita seguridad y confianza:<\/strong><strong><br><\/strong>Su actitud es clave. Si los padres muestran tranquilidad, los ni\u00f1os se sienten m\u00e1s seguros.<br>Evita mostrar preocupaci\u00f3n visible o frases como \u201c\u00bfEst\u00e1s seguro que estar\u00e1s bien?\u201d&nbsp;&nbsp;<\/li><\/ol>\n\n\n\n<ol start=\"3\"><li><strong>Objetos de transici\u00f3n (para los m\u00e1s peque\u00f1os):<br><\/strong>Un llavero en la mochila peque\u00f1o, una nota en el almuerzo, o un dibujo en el bolsillo pueden darles consuelo.<br><\/li><li><strong>Hable sobre el reencuentro:<br><\/strong>Comentar algo agradable que har\u00e1n juntos despu\u00e9s de clases (\u00abCuando llegues, me cuentas lo mejor de tu d\u00eda y jugamos un rato\u00bb).<br><\/li><\/ol>\n\n\n\n<p>Estaremos apoyando a nuestros alumnos para que el regreso a clases sea divertido y positivo.<\/p>\n\n\n\n<div class=\"wp-block-columns\">\n<div class=\"wp-block-column\">\n<p class=\"has-text-align-center\"><span class=\"has-inline-color has-vivid-cyan-blue-color\"><strong>Lupita G\u00e1lvez<\/strong><\/span><br><span class=\"has-inline-color has-vivid-cyan-blue-color\"><em>Coordinadora Primaria<\/em><\/span><\/p>\n<\/div>\n\n\n\n<div class=\"wp-block-column\">\n<p class=\"has-text-align-center\"><strong><span class=\"has-inline-color has-vivid-cyan-blue-color\">Greta Rodr\u00edguez<br><\/span><\/strong><em><span class=\"has-inline-color has-vivid-cyan-blue-color\">English Principal<\/span><\/em><\/p>\n<\/div>\n<\/div>\n\n\n\n<div class=\"wp-block-image\"><figure class=\"aligncenter size-large is-resized\"><img loading=\"lazy\" src=\"http:\/\/www.villaeducativa.edu.mx\/newspaper\/wp-content\/uploads\/2021\/11\/LOGO_VILLA.jpg\" alt=\"\" class=\"wp-image-64522\" width=\"111\" height=\"44\"\/><\/figure><\/div>\n","protected":false},"excerpt":{"rendered":"<p>Estamos ya preparando todo para iniciar el siguiente ciclo.&nbsp; Les comparto fechas importantes que deben tomar en cuenta: Juntas de inicio (en formato virtual) 1\u00b0 viernes 29 de agosto 10:00&nbsp;a.m. meet.google.com\/twy-ssnw-stt&nbsp;&nbsp;&nbsp;&nbsp;&nbsp;&nbsp;2\u00b0 jueves 28 de agosto 11:00 a.m. meet.google.com\/tgd-jmbb-zfp3\u00b0 jueves 28 de agosto 8:00 a.m. meet.google.com\/ufn-suiu-srm4\u00b0 viernes 29 de agosto 10:00&nbsp;a.m.&hellip; <\/p>\n","protected":false},"author":2,"featured_media":136405,"comment_status":"closed","ping_status":"closed","sticky":false,"template":"","format":"standard","meta":{"ngg_post_thumbnail":0},"categories":[3],"tags":[],"_links":{"self":[{"href":"https:\/\/www.villaeducativa.edu.mx\/newspaper\/index.php?rest_route=\/wp\/v2\/posts\/136404"}],"collection":[{"href":"https:\/\/www.villaeducativa.edu.mx\/newspaper\/index.php?rest_route=\/wp\/v2\/posts"}],"about":[{"href":"https:\/\/www.villaeducativa.edu.mx\/newspaper\/index.php?rest_route=\/wp\/v2\/types\/post"}],"author":[{"embeddable":true,"href":"https:\/\/www.villaeducativa.edu.mx\/newspaper\/index.php?rest_route=\/wp\/v2\/users\/2"}],"replies":[{"embeddable":true,"href":"https:\/\/www.villaeducativa.edu.mx\/newspaper\/index.php?rest_route=%2Fwp%2Fv2%2Fcomments&post=136404"}],"version-history":[{"count":7,"href":"https:\/\/www.villaeducativa.edu.mx\/newspaper\/index.php?rest_route=\/wp\/v2\/posts\/136404\/revisions"}],"predecessor-version":[{"id":138120,"href":"https:\/\/www.villaeducativa.edu.mx\/newspaper\/index.php?rest_route=\/wp\/v2\/posts\/136404\/revisions\/138120"}],"wp:featuredmedia":[{"embeddable":true,"href":"https:\/\/www.villaeducativa.edu.mx\/newspaper\/index.php?rest_route=\/wp\/v2\/media\/136405"}],"wp:attachment":[{"href":"https:\/\/www.villaeducativa.edu.mx\/newspaper\/index.php?rest_route=%2Fwp%2Fv2%2Fmedia&parent=136404"}],"wp:term":[{"taxonomy":"category","embeddable":true,"href":"https:\/\/www.villaeducativa.edu.mx\/newspaper\/index.php?rest_route=%2Fwp%2Fv2%2Fcategories&post=136404"},{"taxonomy":"post_tag","embeddable":true,"href":"https:\/\/www.villaeducativa.edu.mx\/newspaper\/index.php?rest_route=%2Fwp%2Fv2%2Ftags&post=136404"}],"curies":[{"name":"wp","href":"https:\/\/api.w.org\/{rel}","templated":true}]}}