{"id":136343,"date":"2025-07-08T15:00:04","date_gmt":"2025-07-08T20:00:04","guid":{"rendered":"https:\/\/www.villaeducativa.edu.mx\/newspaper\/?p=136343"},"modified":"2025-07-17T16:52:12","modified_gmt":"2025-07-17T21:52:12","slug":"informacion-para-el-inicio-del-ciclo-2025-2026-2","status":"publish","type":"post","link":"https:\/\/www.villaeducativa.edu.mx\/newspaper\/?p=136343","title":{"rendered":"Informaci\u00f3n para el inicio del ciclo 2025-2026"},"content":{"rendered":"\n<p>Estamos ya preparando todo para iniciar el siguiente ciclo y estamos muy emocionados de recibir a nuestros alumnos.&nbsp;<\/p>\n\n\n\n<p>Les comparto fechas importantes que deben tomar en cuenta:<\/p>\n\n\n\n<h5><strong>KINDER 1<\/strong><\/h5>\n\n\n\n<ul><li><strong>Junta de inicio (en formato virtual) <\/strong><br><img loading=\"lazy\" width=\"460\" height=\"446\" class=\"wp-image-59873\" style=\"width: 30px;\" src=\"http:\/\/www.villaeducativa.edu.mx\/newspaper\/wp-content\/uploads\/2021\/08\/ico_meet.png\" alt=\"\" srcset=\"https:\/\/www.villaeducativa.edu.mx\/newspaper\/wp-content\/uploads\/2021\/08\/ico_meet.png 460w, https:\/\/www.villaeducativa.edu.mx\/newspaper\/wp-content\/uploads\/2021\/08\/ico_meet-300x291.png 300w\" sizes=\"(max-width: 460px) 100vw, 460px\" \/> <a href=\"https:\/\/meet.google.com\/vop-dvyi-ftq\"><strong><span class=\"has-inline-color has-vivid-cyan-blue-color\">https:\/\/meet.google.com\/vop-dvyi-ftq<\/span><\/strong><\/a><\/li><\/ul>\n\n\n\n<p>Se llevar\u00e1 a cabo el lunes 1\u00b0 de septiembre a las 12:00 p.m.<\/p>\n\n\n\n<ul><li><strong>Parent &amp; Kid Days<\/strong><\/li><\/ul>\n\n\n\n<p>Para lograr una mejor adaptaci\u00f3n de nuestros alumnos hemos organizado dos d\u00edas en los que acuden con <strong>un adulto<\/strong>, ya sea pap\u00e1 o mam\u00e1 o un familiar a realizar actividades con su miss y nanita. <em>*Por cuestiones de espacio, s\u00f3lo puede acudir un adulto por alumno<\/em>. Ser\u00e1n el <strong>jueves 4 y viernes 5 de septiembre<\/strong> en dos horarios: Team #1: 8:00 a 10:30 &nbsp;a.m. Team #2 11:30 a.m. a  2:00 p.m. *Recibir\u00e1n un mail previo a esta fecha con la informaci\u00f3n del Team (equipo) al que pertenecen.<\/p>\n\n\n\n<p>Los alumnos deben usar su uniforme de diario.&nbsp;<\/p>\n\n\n\n<p>El primer d\u00eda con pap\u00e1s les proporcionaremos un lunch de bienvenida. El segundo d\u00eda con pap\u00e1s les pedimos traer un lunch nutritivo y agua para los peque\u00f1os.<\/p>\n\n\n\n<p>Lo que deben traer el jueves 4 de septiembre (<strong>TODO MARCADO CON NOMBRE Y APELLIDO<\/strong>):<\/p>\n\n\n\n<ul><li>Batita amarilla<\/li><li>1 foto de familia tama\u00f1o postal<\/li><li>6 fotos tama\u00f1o pasaporte a color<\/li><li>1 muda de ropa en bolsa ziplock (con ropa interior, pantal\u00f3n o mallas y playera)<\/li><li>1 paquete de toallitas h\u00famedas<\/li><li>1 bolsa de pa\u00f1ales, 1 pomada (s\u00f3lo los alumnos de K1 que est\u00e9n en proceso de control de esf\u00ednteres)<\/li><li>Certificado m\u00e9dico con vigencia de un ciclo escolar y la c\u00e9dula del doctor<\/li><\/ul>\n\n\n\n<p>Tambi\u00e9n les recordamos traer el siguiente material de reciclaje para las clases:<\/p>\n\n\n\n<ul><li>Piedras peque\u00f1as como para maceta o pecera<\/li><li>Varitas y ramas de \u00e1rbol<\/li><li>Naturaleza muerta (hojas secas, pi\u00f1as que caigan de un \u00e1rbol, etc.)<\/li><li>Varias piezas de diferentes objetos que no utilicen, como botones, corchos de una botella de vino, taparroscas, corcholatas, etc.&nbsp;Todo lavado y seco<\/li><li>Frascos de distintos tama\u00f1os (lavados, secos y sin etiqueta)<\/li><li>Tubos de cart\u00f3n de diferentes tama\u00f1os, en buen estado, limpios (por ejemplo de servitoalla, aluminio, de ba\u00f1o, pl\u00e1stico film)<\/li><\/ul>\n\n\n\n<p><strong>1er d\u00eda de clases en horario regular<\/strong><\/p>\n\n\n\n<p>El <strong>lunes 8 de septiembre<\/strong> ser\u00e1 el primer d\u00eda sin pap\u00e1s y con horario regular. Tambi\u00e9n este d\u00eda inicia el servicio de Club After School para todos los grados de Happy Kinder.<\/p>\n\n\n\n<hr class=\"wp-block-separator\"\/>\n\n\n\n<h5><strong>KINDER 2<\/strong><\/h5>\n\n\n\n<ul><li><strong>Junta de inicio (en formato virtual)&nbsp; <\/strong><br><img loading=\"lazy\" width=\"460\" height=\"446\" class=\"wp-image-59873\" style=\"width: 30px;\" src=\"http:\/\/www.villaeducativa.edu.mx\/newspaper\/wp-content\/uploads\/2021\/08\/ico_meet.png\" alt=\"\" srcset=\"https:\/\/www.villaeducativa.edu.mx\/newspaper\/wp-content\/uploads\/2021\/08\/ico_meet.png 460w, https:\/\/www.villaeducativa.edu.mx\/newspaper\/wp-content\/uploads\/2021\/08\/ico_meet-300x291.png 300w\" sizes=\"(max-width: 460px) 100vw, 460px\" \/> <a href=\"https:\/\/meet.google.com\/otn-bepy-egt\"><strong><span class=\"has-inline-color has-vivid-cyan-blue-color\">https:\/\/meet.google.com\/otn-bepy-egt<\/span><\/strong><\/a><\/li><\/ul>\n\n\n\n<p>Se llevar\u00e1 a cabo el lunes 1\u00b0 de septiembre a las 10:00 a.m.<\/p>\n\n\n\n<ul><li><strong>Parent &amp; Kid Day<\/strong><\/li><\/ul>\n\n\n\n<p>Para lograr una mejor adaptaci\u00f3n de nuestros alumnos hemos organizado un d\u00eda en el que acuden con <strong>un adulto<\/strong>, ya sea pap\u00e1 o mam\u00e1 o un familiar a realizar actividades con su miss. <em>*Por cuestiones de espacio, s\u00f3lo puede acudir un adulto por alumno.<\/em> Ser\u00e1 el <strong>mi\u00e9rcoles 3 de septiembre<\/strong> en dos horarios: Team #1: 8:00 a 10:30 a.m. &nbsp;Team #2 11:30 a.m. a 2:00 p.m. *Recibir\u00e1n un mail previo a esta fecha con la informaci\u00f3n del Team (equipo) al que pertenecen.<\/p>\n\n\n\n<p>Los alumnos deben usar su uniforme de diario.&nbsp;<\/p>\n\n\n\n<p>Les proporcionaremos un lunch de bienvenida.<\/p>\n\n\n\n<p>Lo que deben traer el mi\u00e9rcoles 3 de septiembre (todo marcado con nombre y apellido) es:<\/p>\n\n\n\n<ul><li>Batita amarilla<\/li><li>1 foto de familia tama\u00f1o postal<\/li><li>6 fotos tama\u00f1o pasaporte a color<\/li><li>1 muda de ropa en bolsa ziplock<\/li><li>1 paquete de toallitas h\u00famedas<\/li><li>Certificado m\u00e9dico con vigencia de un ciclo escolar y la c\u00e9dula del doctor<\/li><\/ul>\n\n\n\n<p>Tambi\u00e9n les recordamos traer el siguiente material de reciclaje para las clases:<\/p>\n\n\n\n<ul><li>Piedras peque\u00f1as como para maceta o pecera<\/li><li>Varitas y ramas de \u00e1rbol<\/li><li>Naturaleza muerta (hojas secas, pi\u00f1as que caigan de un \u00e1rbol, etc.)<\/li><li>Varias piezas de diferentes objetos que no utilicen, como botones, corchos de una botella de vino, taparroscas, corcholatas, etc.&nbsp;Todo lavado y seco<\/li><li>Frascos de distintos tama\u00f1os (lavados, secos y sin etiqueta)<\/li><li>Tubos de cart\u00f3n de diferentes tama\u00f1os, en buen estado, limpios (por ejemplo de servitoalla, aluminio, de ba\u00f1o, pl\u00e1stico film)<\/li><\/ul>\n\n\n\n<p><strong>1er d\u00eda de clases en horario regular<\/strong><\/p>\n\n\n\n<p>El <strong>lunes 8 de septiembre<\/strong> ser\u00e1 el primer d\u00eda sin pap\u00e1s y con horario regular. Favor de enviar a los peque\u00f1os con mochila, lonchera y estuche de doble cierre (12 colores, 2 l\u00e1pices triangulares grueso Hb No. 2 marca Mirado, goma, sacapuntas con dep\u00f3sito, tijeras punta redonda, Pritt, plum\u00f3n Sharpie doble punta de cualquier color (TODO MARCADO CON NOMBRE Y APELLIDO). Tambi\u00e9n este d\u00eda inicia el servicio de Club After School para todos los grados de Happy Kinder.<\/p>\n\n\n\n<hr class=\"wp-block-separator\"\/>\n\n\n\n<h5><strong>KINDER 3<\/strong><\/h5>\n\n\n\n<ul><li><strong>Junta de inicio (en formato virtual) <\/strong><br><img loading=\"lazy\" width=\"460\" height=\"446\" class=\"wp-image-59873\" style=\"width: 30px;\" src=\"http:\/\/www.villaeducativa.edu.mx\/newspaper\/wp-content\/uploads\/2021\/08\/ico_meet.png\" alt=\"\" srcset=\"https:\/\/www.villaeducativa.edu.mx\/newspaper\/wp-content\/uploads\/2021\/08\/ico_meet.png 460w, https:\/\/www.villaeducativa.edu.mx\/newspaper\/wp-content\/uploads\/2021\/08\/ico_meet-300x291.png 300w\" sizes=\"(max-width: 460px) 100vw, 460px\" \/> <a href=\"https:\/\/meet.google.com\/tap-itqe-kmo\"><strong><span class=\"has-inline-color has-vivid-cyan-blue-color\">https:\/\/meet.google.com\/tap-itqe-kmo<\/span><\/strong><\/a><\/li><\/ul>\n\n\n\n<p>Se llevar\u00e1 a cabo el lunes 1\u00b0 de septiembre a las 8:00 a.m.<\/p>\n\n\n\n<ul><li><strong>Parent &amp; Kid Day<\/strong><\/li><\/ul>\n\n\n\n<p>Para lograr una mejor adaptaci\u00f3n de nuestros alumnos hemos organizado un d\u00eda en el que acuden con <strong>un adulto<\/strong>, ya sea pap\u00e1 o&nbsp;mam\u00e1 o un familiar a realizar actividades con su miss. <em>*Por cuestiones de espacio, s\u00f3lo puede acudir un adulto por alumno. <\/em>Ser\u00e1 el <strong>martes 2 de septiembre<\/strong> en dos horarios: Team #1: 8:00 a 10:30 a.m. &nbsp;Team #2 11:30 a.m. a 2:00 p.m. *Recibir\u00e1n un mail previo a esta fecha con la informaci\u00f3n del Team (equipo) al que pertenecen.<\/p>\n\n\n\n<p>Los alumnos deben usar su uniforme de diario.&nbsp;<\/p>\n\n\n\n<p>Les proporcionaremos un lunch de bienvenida.<\/p>\n\n\n\n<p>Lo que deben traer el martes 2 de septiembre (todo marcado con nombre y apellido) es:<\/p>\n\n\n\n<ul><li>Batita amarilla<\/li><li>1 foto de familia tama\u00f1o postal<\/li><li>6 fotos tama\u00f1o pasaporte a color<\/li><li>1 muda de ropa en bolsa ziplock<\/li><li>1 paquete de toallitas h\u00famedas<\/li><li>Certificado m\u00e9dico con vigencia de un ciclo escolar y la c\u00e9dula del doctor<\/li><\/ul>\n\n\n\n<p>Tambi\u00e9n les recordamos traer el siguiente material de reciclaje para las clases:<\/p>\n\n\n\n<ul><li>Piedras peque\u00f1as como para maceta o pecera<\/li><li>Varitas y ramas de \u00e1rbol<\/li><li>Naturaleza muerta (hojas secas, pi\u00f1as que caigan de un \u00e1rbol, etc.)<\/li><li>Varias piezas de diferentes objetos que no utilicen, como botones, corchos de una botella de vino, taparroscas, corcholatas, etc.&nbsp;Todo lavado y seco<\/li><li>Frascos de distintos tama\u00f1os (lavados, secos y sin etiqueta)<\/li><li>Tubos de cart\u00f3n de diferentes tama\u00f1os, en buen estado, limpios (por ejemplo de servitoalla, aluminio, de ba\u00f1o, pl\u00e1stico film)<\/li><\/ul>\n\n\n\n<p><strong>1er d\u00eda de clases en horario regular<\/strong><\/p>\n\n\n\n<p>El <strong>lunes 8 de septiembre<\/strong> ser\u00e1 el primer d\u00eda sin pap\u00e1s y con horario regular para todos los grados de Happy Kinder. Favor de enviar a los peque\u00f1os con mochila, lonchera y estuche de doble cierre (12 colores, 2 l\u00e1pices hexagonales, 2 l\u00e1pices de color rojo, goma, sacapuntas con dep\u00f3sito, tijeras punta redonda, Pritt, plum\u00f3n Sharpie doble punta de cualquier color (TODO MARCADO CON NOMBRE Y APELLIDO). Tambi\u00e9n este d\u00eda inicia el servicio de Club After School para todos los grados de Happy Kinder.&nbsp;&nbsp;<\/p>\n\n\n\n<hr class=\"wp-block-separator\"\/>\n\n\n\n<p>Queridas familias:<\/p>\n\n\n\n<p>Sabemos que el primer d\u00eda de clases es un momento muy especial, lleno de emoci\u00f3n, expectativas y tambi\u00e9n cierto nerviosismo, tanto para los peque\u00f1os como para ustedes. Por eso, queremos compartirles algunas recomendaciones que pueden hacer este inicio m\u00e1s amable, seguro y amoroso:<\/p>\n\n\n\n<h5><strong>DOS SEMANAS ANTES<\/strong><\/h5>\n\n\n\n<ul><li><strong>Establezca rutinas graduales: <\/strong>Ajuste horarios de sue\u00f1o y comidas para que se alineen con los del ciclo escolar y establezca una rutina matutina similar a la del colegio (levantarse, desayunar, vestirse).<\/li><li><strong>Involucre a su hijo o hija en la compra o revisi\u00f3n de materiales: <\/strong>Permita que escoja algunos materiales para generar entusiasmo (una lonchera con sus personajes favoritos, por ejemplo).<\/li><li><strong>Hable <\/strong>sobre lo que puede esperar: Amigos, maestros, recreo, actividades divertidas.<\/li><li><strong>Valide sus emociones:<\/strong> Cierto temor a lo nuevo o emociones mixtas son esperadas, pero responda con seguridad  que \u00e9l o ella estar\u00e1n bien.<\/li><\/ul>\n\n\n\n<h5><strong>ANTES DE LLEGAR A LA ESCUELA<\/strong><\/h5>\n\n\n\n<ul><li><strong>Antic\u00edpele a su hijo o hija lo que vivir\u00e1<\/strong>: Puede comentarle que ir\u00e1 a un lugar bonito donde conocer\u00e1 amigos, jugar\u00e1, cantar\u00e1 y aprender\u00e1 cosas nuevas.<\/li><li><strong>Hable de forma positiva y sencilla<\/strong>: Evite frases como \u201cno llores\u201d y prefiera expresiones como:<br><em>\u201cTu miss estar\u00e1 contigo, te va a cuidar y nos veremos pronto\u201d<\/em>.<\/li><li><strong>Objeto familiar:<\/strong> Un llavero peque\u00f1o en la mochila, una nota en la lonchera o un dibujo en el bolsillo pueden darles consuelo.<\/li><\/ul>\n\n\n\n<h5><strong>AL MOMENTO DE ENTRAR<\/strong><\/h5>\n\n\n\n<ul><li><strong>Despedida breve pero amorosa<\/strong>: Un abrazo, una sonrisa y una frase clara como:<br><em>\u201cTe quiero mucho, s\u00e9 que estar\u00e1s bien, nos vemos m\u00e1s tarde\u201d<\/em> son suficientes para brindarle confianza.<\/li><li><strong>Evite prolongar la despedida<\/strong>: Aunque pueda ser dif\u00edcil, mostrar seguridad es clave. Si su hijo o hija lo ve tranquilo(a), \u00e9l o ella tambi\u00e9n se sentir\u00e1 as\u00ed.<\/li><li><strong>Conf\u00ede en el proceso<\/strong>: Es natural que surjan l\u00e1grimas o dudas. <strong>Estamos aqu\u00ed para acompa\u00f1ar y contener a su peque\u00f1o con mucho cari\u00f1o y cuidado.<\/strong><\/li><\/ul>\n\n\n\n<p>Durante este proceso de adaptaci\u00f3n, estaremos a su lado para guiar, cuidar y acompa\u00f1ar a sus hijos con todo el respeto y calidez que merecen. Queremos que este comienzo sea una experiencia positiva para toda la familia.<\/p>\n\n\n\n<p>Gracias por su confianza.<\/p>\n\n\n\n<p class=\"has-text-align-center\"><strong><span class=\"has-inline-color has-vivid-cyan-blue-color\">Carlie Garc\u00eda<br><\/span><\/strong><span class=\"has-inline-color has-vivid-cyan-blue-color\"><em>Coordinadora Preescolar<\/em><\/span><br><br><img loading=\"lazy\" width=\"400\" height=\"106\" class=\"wp-image-49620\" style=\"width: 150px;\" src=\"http:\/\/www.villaeducativa.edu.mx\/newspaper\/wp-content\/uploads\/2020\/10\/LOGO_HAPPY.jpg\" alt=\"\" srcset=\"https:\/\/www.villaeducativa.edu.mx\/newspaper\/wp-content\/uploads\/2020\/10\/LOGO_HAPPY.jpg 400w, https:\/\/www.villaeducativa.edu.mx\/newspaper\/wp-content\/uploads\/2020\/10\/LOGO_HAPPY-300x80.jpg 300w\" sizes=\"(max-width: 400px) 100vw, 400px\" \/><\/p>\n","protected":false},"excerpt":{"rendered":"<p>Estamos ya preparando todo para iniciar el siguiente ciclo y estamos muy emocionados de recibir a nuestros alumnos.&nbsp; Les comparto fechas importantes que deben tomar en cuenta: KINDER 1 Junta de inicio (en formato virtual) https:\/\/meet.google.com\/vop-dvyi-ftq Se llevar\u00e1 a cabo el lunes 1\u00b0 de septiembre a las 12:00 p.m. Parent&hellip; <\/p>\n","protected":false},"author":2,"featured_media":136394,"comment_status":"closed","ping_status":"closed","sticky":false,"template":"","format":"standard","meta":{"ngg_post_thumbnail":0},"categories":[2],"tags":[],"_links":{"self":[{"href":"https:\/\/www.villaeducativa.edu.mx\/newspaper\/index.php?rest_route=\/wp\/v2\/posts\/136343"}],"collection":[{"href":"https:\/\/www.villaeducativa.edu.mx\/newspaper\/index.php?rest_route=\/wp\/v2\/posts"}],"about":[{"href":"https:\/\/www.villaeducativa.edu.mx\/newspaper\/index.php?rest_route=\/wp\/v2\/types\/post"}],"author":[{"embeddable":true,"href":"https:\/\/www.villaeducativa.edu.mx\/newspaper\/index.php?rest_route=\/wp\/v2\/users\/2"}],"replies":[{"embeddable":true,"href":"https:\/\/www.villaeducativa.edu.mx\/newspaper\/index.php?rest_route=%2Fwp%2Fv2%2Fcomments&post=136343"}],"version-history":[{"count":12,"href":"https:\/\/www.villaeducativa.edu.mx\/newspaper\/index.php?rest_route=\/wp\/v2\/posts\/136343\/revisions"}],"predecessor-version":[{"id":138142,"href":"https:\/\/www.villaeducativa.edu.mx\/newspaper\/index.php?rest_route=\/wp\/v2\/posts\/136343\/revisions\/138142"}],"wp:featuredmedia":[{"embeddable":true,"href":"https:\/\/www.villaeducativa.edu.mx\/newspaper\/index.php?rest_route=\/wp\/v2\/media\/136394"}],"wp:attachment":[{"href":"https:\/\/www.villaeducativa.edu.mx\/newspaper\/index.php?rest_route=%2Fwp%2Fv2%2Fmedia&parent=136343"}],"wp:term":[{"taxonomy":"category","embeddable":true,"href":"https:\/\/www.villaeducativa.edu.mx\/newspaper\/index.php?rest_route=%2Fwp%2Fv2%2Fcategories&post=136343"},{"taxonomy":"post_tag","embeddable":true,"href":"https:\/\/www.villaeducativa.edu.mx\/newspaper\/index.php?rest_route=%2Fwp%2Fv2%2Ftags&post=136343"}],"curies":[{"name":"wp","href":"https:\/\/api.w.org\/{rel}","templated":true}]}}