{"id":135870,"date":"2025-07-08T07:25:00","date_gmt":"2025-07-08T12:25:00","guid":{"rendered":"https:\/\/www.villaeducativa.edu.mx\/newspaper\/?p=135870"},"modified":"2025-07-08T14:21:06","modified_gmt":"2025-07-08T19:21:06","slug":"ceremonia-diplomas-de-karate","status":"publish","type":"post","link":"https:\/\/www.villaeducativa.edu.mx\/newspaper\/?p=135870","title":{"rendered":"Ceremonia diplomas de Karate"},"content":{"rendered":"\n<p>Les recordamos a los alumnos de karate que el d\u00eda <strong>11 de julio<\/strong> tendremos la ceremonia de grados en el gym de primaria.<\/p>\n\n\n\n<p>Debes de venir con tu uniforme completo y limpio. Favor de traer agua.&nbsp;<\/p>\n\n\n\n<ul><li><strong>Primaria baja: 3:00 p.m.<\/strong><\/li><li><strong>Primaria alta y VH: 4:00<\/strong> <strong>p.m.<\/strong><\/li><\/ul>\n\n\n\n<p>*Podr\u00e1n ingresar dos acompa\u00f1antes por alumno.<br>*La entrada y la salida ser\u00e1 en Villa Educativa puerta 6.<\/p>\n\n\n\n<p><strong><span class=\"has-inline-color has-vivid-cyan-blue-color\">Mauricio Briffault<br><\/span><\/strong><em><span class=\"has-inline-color has-vivid-cyan-blue-color\">Instructor IOGKF<\/span><\/em><\/p>\n\n\n\n<p><strong><span class=\"has-inline-color has-vivid-cyan-blue-color\">Berenice \u00c1ngeles<br><\/span><\/strong><em><span class=\"has-inline-color has-vivid-cyan-blue-color\">Coordinadora de Club AfterSchool<\/span><\/em><\/p>\n","protected":false},"excerpt":{"rendered":"<p>Les recordamos a los alumnos de karate que el d\u00eda 11 de julio tendremos la ceremonia de grados en el gym de primaria. Debes de venir con tu uniforme completo y limpio. Favor de traer agua.&nbsp; Primaria baja: 3:00 p.m. Primaria alta y VH: 4:00 p.m. *Podr\u00e1n ingresar dos acompa\u00f1antes&hellip; <\/p>\n","protected":false},"author":2,"featured_media":135871,"comment_status":"closed","ping_status":"closed","sticky":false,"template":"","format":"standard","meta":{"ngg_post_thumbnail":0},"categories":[5],"tags":[],"_links":{"self":[{"href":"https:\/\/www.villaeducativa.edu.mx\/newspaper\/index.php?rest_route=\/wp\/v2\/posts\/135870"}],"collection":[{"href":"https:\/\/www.villaeducativa.edu.mx\/newspaper\/index.php?rest_route=\/wp\/v2\/posts"}],"about":[{"href":"https:\/\/www.villaeducativa.edu.mx\/newspaper\/index.php?rest_route=\/wp\/v2\/types\/post"}],"author":[{"embeddable":true,"href":"https:\/\/www.villaeducativa.edu.mx\/newspaper\/index.php?rest_route=\/wp\/v2\/users\/2"}],"replies":[{"embeddable":true,"href":"https:\/\/www.villaeducativa.edu.mx\/newspaper\/index.php?rest_route=%2Fwp%2Fv2%2Fcomments&post=135870"}],"version-history":[{"count":2,"href":"https:\/\/www.villaeducativa.edu.mx\/newspaper\/index.php?rest_route=\/wp\/v2\/posts\/135870\/revisions"}],"predecessor-version":[{"id":136369,"href":"https:\/\/www.villaeducativa.edu.mx\/newspaper\/index.php?rest_route=\/wp\/v2\/posts\/135870\/revisions\/136369"}],"wp:featuredmedia":[{"embeddable":true,"href":"https:\/\/www.villaeducativa.edu.mx\/newspaper\/index.php?rest_route=\/wp\/v2\/media\/135871"}],"wp:attachment":[{"href":"https:\/\/www.villaeducativa.edu.mx\/newspaper\/index.php?rest_route=%2Fwp%2Fv2%2Fmedia&parent=135870"}],"wp:term":[{"taxonomy":"category","embeddable":true,"href":"https:\/\/www.villaeducativa.edu.mx\/newspaper\/index.php?rest_route=%2Fwp%2Fv2%2Fcategories&post=135870"},{"taxonomy":"post_tag","embeddable":true,"href":"https:\/\/www.villaeducativa.edu.mx\/newspaper\/index.php?rest_route=%2Fwp%2Fv2%2Ftags&post=135870"}],"curies":[{"name":"wp","href":"https:\/\/api.w.org\/{rel}","templated":true}]}}