{"id":135829,"date":"2025-07-08T08:50:24","date_gmt":"2025-07-08T13:50:24","guid":{"rendered":"https:\/\/www.villaeducativa.edu.mx\/newspaper\/?p=135829"},"modified":"2025-07-08T13:28:17","modified_gmt":"2025-07-08T18:28:17","slug":"k3-see-you-soon","status":"publish","type":"post","link":"https:\/\/www.villaeducativa.edu.mx\/newspaper\/?p=135829","title":{"rendered":"K3: See You Soon!"},"content":{"rendered":"\n<p><strong>Dear Kinder 3 Graduates,<\/strong><br>Dear Kiddos, you did it! You did it great! We are the luckiest teachers in the world because you all were in our class. You made us feel so happy! We enjoyed the time we spent together in Happy Kinder.&nbsp; Do your best every single day! And remember, all of you are beautiful, intelligent, and strong.<\/p>\n\n\n\n<p>From the very first day, when you walked in with curious eyes (and maybe a little bit of nervousness) until today, you\u2019ve taken a wonderful journey full of play, stories, songs, discoveries, and love. Here, you learned to share, to respect others, to listen, to ask questions, and to express yourselves, but most importantly, you learned to believe in yourselves, to overcome challenges, and to enjoy learning.&nbsp;<\/p>\n\n\n\n<p>We are so proud of you! It has been a joy to watch you grow, learn, and fill our days with smiles and laughter. As you move on to new adventures, always remember how special you are. Keep learning, keep dreaming, and never stop being kind.<\/p>\n\n\n\n<p>With all our love,<\/p>\n\n\n\n<p><strong><span class=\"has-inline-color has-vivid-cyan-blue-color\">Luz Gallegos, Yustine Sandoval and Mariana Garc\u00eda<br><\/span><\/strong><span class=\"has-inline-color has-vivid-cyan-blue-color\"><em>K3 English Teachers<\/em><\/span><\/p>\n\n\n\n<p><strong>See You Later, Alligators!<\/strong><br>Wow!&nbsp; It has been a year already!&nbsp; It was a pleasure being your teacher. I\u2019m proud of the many achievements you had this year. Thank you for all your shares, moments of laughs, hugs, and love!&nbsp; I am excited for you to see you learn, enjoy, and shine in the next school year!&nbsp; You are all incredible, and the possibilities are endless!&nbsp; Enjoy your vacation and we will see each other in September.&nbsp; We will miss you a lot!<\/p>\n\n\n\n<p>Love,&nbsp;<\/p>\n\n\n\n<p><strong><span class=\"has-inline-color has-vivid-cyan-blue-color\">Carlie Garc\u00eda<br><\/span><\/strong><span class=\"has-inline-color has-vivid-cyan-blue-color\"><em>Preschool Coordinator<\/em><\/span><\/p>\n\n\n\n<hr class=\"wp-block-separator\"\/>\n\n\n\n<p><em><strong>Nuestros queridos chicos de Kinder 3<\/strong><br>Ha llegado el momento de despedir este maravilloso ciclo escolar \u00a1Qu\u00e9 r\u00e1pido pas\u00f3 el tiempo! Recordamos la primera vez que nos vimos y comenzamos a conocernos; ahora tendremos siempre presente sus sonrisas, sus bromas, sus ganas de aprender y todo el esfuerzo que realizaron, el cual nos hace sentir orgullosas de cada uno de ustedes.<\/em><\/p>\n\n\n\n<p><em>Queremos agradecerles por permitirnos ser parte de su viaje. Ha sido un placer ense\u00f1arles, jugar con ustedes y verlos crecer. \u00a1Los vamos a extra\u00f1ar mucho!<\/em><\/p>\n\n\n\n<p><em>Tengan presente que aunque se van, siempre llevar\u00e1n consigo los recuerdos y las lecciones que hemos compartido aqu\u00ed. Recuerden ser amables, respetuosos y emp\u00e1ticos con los dem\u00e1s, adem\u00e1s de ser valientes, para perseguir sus sue\u00f1os.<\/em><\/p>\n\n\n\n<p><em>Ahora, Villa Educativa los espera con los brazos abiertos. All\u00ed sabemos que seguir\u00e1n apropi\u00e1ndose del mundo de las letras, podr\u00e1n leer historias a\u00fan m\u00e1s grandes y a escribir sus propias aventuras. \u00a1Sabemos que lo har\u00e1n incre\u00edblemente bien! Son ni\u00f1os y ni\u00f1as muy inteligentes, curiosos y con un coraz\u00f3n enorme, listos para descubrir todo lo que las palabras les pueden ofrecer.&nbsp; As\u00ed que, queridos alumnos, les deseamos lo mejor en este nuevo cap\u00edtulo. Que la primaria les traiga nuevos amigos, nuevas aventuras y nuevos descubrimientos.<\/em><\/p>\n\n\n\n<p><em>Antes de despedirnos, queremos darles un regalo que los acompa\u00f1ar\u00e1 siempre: la confianza en s\u00ed mismos. Ustedes son capaces de cualquier cosa que se propongan. Nunca lo duden.<\/em><\/p>\n\n\n\n<p><em>Y siempre tengan presente: \u00a1Nunca dejen de aprender, de so\u00f1ar y de ser ustedes mismos!<\/em><\/p>\n\n\n\n<p><em>Con cari\u00f1o y orgullo,<\/em><\/p>\n\n\n\n<p><strong><span class=\"has-inline-color has-vivid-cyan-blue-color\">Paola Mar\u00edn y Monse Barreto<br><\/span><\/strong><span class=\"has-inline-color has-vivid-cyan-blue-color\"><em>Docentes de Espa\u00f1ol K3<\/em><\/span><\/p>\n\n\n\n<p><em><strong>Queridos graduados de Kinder 3<\/strong><br>Queridos peques, \u00a1Lo lograron y lo hicieron genial! Somos las maestras m\u00e1s afortunadas del mundo porque todos estuvieron en nuestra clase. \u00a1Nos hicieron sentir tan felices! Disfrutamos mucho del tiempo que pasamos juntos en Happy Kinder. Den lo mejor de s\u00ed cada d\u00eda y recuerden: todos son hermosos, inteligentes y fuertes.<\/em><\/p>\n\n\n\n<p><em>Desde el primer d\u00eda, cuando entraron con ojos curiosos (y quiz\u00e1s un poco nerviosos), hasta hoy, han recorrido un maravilloso camino lleno de juegos, historias, canciones, descubrimientos y amor. Aqu\u00ed aprendieron a compartir, a respetar a los dem\u00e1s, a escuchar, a hacer preguntas y a expresarse, pero lo m\u00e1s importante, aprendieron a creer en ustedes mismos, a superar desaf\u00edos y a disfrutar del aprendizaje.<\/em><\/p>\n\n\n\n<p><em>\u00a1Estamos muy orgullosos de ustedes! Ha sido una alegr\u00eda verlos crecer, aprender y llenar nuestros d\u00edas de sonrisas. Al emprender nuevas aventuras, recuerden siempre lo especiales que son. Sigan aprendiendo, sigan so\u00f1ando y nunca dejen de ser amables.&nbsp;<\/em><\/p>\n\n\n\n<p><em>Con todo nuestro amor,<\/em><\/p>\n\n\n\n<p><span class=\"has-inline-color has-vivid-cyan-blue-color\"><strong>Luz Gallegos, Yustine Sandoval y Mariana Garc\u00eda<\/strong><br><em>K3 English Teachers<\/em><\/span><\/p>\n\n\n\n<p><em><strong>\u00a1Hasta luego!<\/strong><br>\u00a1Wow! \u00a1Ya ha pasado un a\u00f1o! Fue un placer ser su maestra. Estoy orgullosa de sus muchos logros este a\u00f1o. Gracias por todas sus historias compartidas, momentos de risas, abrazos y cari\u00f1o; me emociona verlos aprender, disfrutar y brillar en el pr\u00f3ximo ciclo escolar! \u00a1Son todos incre\u00edbles y sus posibilidades son infinitas! Disfruten sus vacaciones y nos vemos en septiembre. \u00a1Los vamos a extra\u00f1ar mucho!<\/em><\/p>\n\n\n\n<p><em>Con cari\u00f1o,<\/em><\/p>\n\n\n\n<p><strong><span class=\"has-inline-color has-vivid-cyan-blue-color\">Carlie Garc\u00eda<br><\/span><\/strong><span class=\"has-inline-color has-vivid-cyan-blue-color\"><em>Preschool Coordinator<\/em><\/span><\/p>\n","protected":false},"excerpt":{"rendered":"<p>Dear Kinder 3 Graduates,Dear Kiddos, you did it! You did it great! We are the luckiest teachers in the world because you all were in our class. You made us feel so happy! We enjoyed the time we spent together in Happy Kinder.&nbsp; Do your best every single day! And&hellip; <\/p>\n","protected":false},"author":2,"featured_media":136353,"comment_status":"closed","ping_status":"closed","sticky":false,"template":"","format":"standard","meta":{"ngg_post_thumbnail":0},"categories":[2],"tags":[],"_links":{"self":[{"href":"https:\/\/www.villaeducativa.edu.mx\/newspaper\/index.php?rest_route=\/wp\/v2\/posts\/135829"}],"collection":[{"href":"https:\/\/www.villaeducativa.edu.mx\/newspaper\/index.php?rest_route=\/wp\/v2\/posts"}],"about":[{"href":"https:\/\/www.villaeducativa.edu.mx\/newspaper\/index.php?rest_route=\/wp\/v2\/types\/post"}],"author":[{"embeddable":true,"href":"https:\/\/www.villaeducativa.edu.mx\/newspaper\/index.php?rest_route=\/wp\/v2\/users\/2"}],"replies":[{"embeddable":true,"href":"https:\/\/www.villaeducativa.edu.mx\/newspaper\/index.php?rest_route=%2Fwp%2Fv2%2Fcomments&post=135829"}],"version-history":[{"count":5,"href":"https:\/\/www.villaeducativa.edu.mx\/newspaper\/index.php?rest_route=\/wp\/v2\/posts\/135829\/revisions"}],"predecessor-version":[{"id":136354,"href":"https:\/\/www.villaeducativa.edu.mx\/newspaper\/index.php?rest_route=\/wp\/v2\/posts\/135829\/revisions\/136354"}],"wp:featuredmedia":[{"embeddable":true,"href":"https:\/\/www.villaeducativa.edu.mx\/newspaper\/index.php?rest_route=\/wp\/v2\/media\/136353"}],"wp:attachment":[{"href":"https:\/\/www.villaeducativa.edu.mx\/newspaper\/index.php?rest_route=%2Fwp%2Fv2%2Fmedia&parent=135829"}],"wp:term":[{"taxonomy":"category","embeddable":true,"href":"https:\/\/www.villaeducativa.edu.mx\/newspaper\/index.php?rest_route=%2Fwp%2Fv2%2Fcategories&post=135829"},{"taxonomy":"post_tag","embeddable":true,"href":"https:\/\/www.villaeducativa.edu.mx\/newspaper\/index.php?rest_route=%2Fwp%2Fv2%2Ftags&post=135829"}],"curies":[{"name":"wp","href":"https:\/\/api.w.org\/{rel}","templated":true}]}}