{"id":135752,"date":"2025-07-08T08:10:00","date_gmt":"2025-07-08T13:10:00","guid":{"rendered":"https:\/\/www.villaeducativa.edu.mx\/newspaper\/?p=135752"},"modified":"2025-07-08T13:37:29","modified_gmt":"2025-07-08T18:37:29","slug":"un-joven-talento-que-inspira-aaron-miguel-y-su-amor-por-el-piano","status":"publish","type":"post","link":"https:\/\/www.villaeducativa.edu.mx\/newspaper\/?p=135752","title":{"rendered":"Un joven talento que inspira: Aar\u00f3n Miguel y su amor por el piano"},"content":{"rendered":"\n<p>Con enorme orgullo y alegr\u00eda, compartimos el logro de Aar\u00f3n Miguel Gonz\u00e1lez L\u00f3pez, estudiante de 3\u00ba \u201cC\u201d, quien represent\u00f3 con gran distinci\u00f3n a nuestra comunidad escolar en el Recital de Piano de la Escuela de Iniciaci\u00f3n Musical N\u00famero 3, del Instituto Nacional de Bellas Artes y Literatura, celebrado el pasado 16 de junio.<\/p>\n\n\n\n<p>Aar\u00f3n Miguel tuvo el honor de abrir el recital, interpretando dos piezas \u2014una del compositor K. Daxbock y otra de E. Hass\u2014 ambas ejecutadas de memoria, con gran fluidez, precisi\u00f3n y sensibilidad musical. Su impecable presentaci\u00f3n fue el resultado de d\u00edas de ensayo, esfuerzo constante, disciplina y, sobre todo, de un profundo amor por el piano.<\/p>\n\n\n\n<p>Este joven talento no solo nos llena de orgullo, sino que tambi\u00e9n nos inspira. Aar\u00f3n sue\u00f1a con convertirse en un gran pianista y, como \u00e9l mismo dice con una sonrisa en el rostro y un brillo especial en los ojos, \u201cAmo tocar el piano.\u201d<\/p>\n\n\n\n<p>\u00a1Felicidades, Aar\u00f3n Miguel! Que nunca dejes de so\u00f1ar con la m\u00fasica y sigas tocando con el coraz\u00f3n.<\/p>\n\n\n\n<div class=\"wp-block-columns\">\n<div class=\"wp-block-column\" style=\"flex-basis:25%\"><\/div>\n\n\n\n<div class=\"wp-block-column\" style=\"flex-basis:50%\">\n<figure class=\"wp-block-video\"><video controls src=\"http:\/\/www.villaeducativa.edu.mx\/videos\/aaronpiano.mp4\"><\/video><\/figure>\n\n\n\n<p><\/p>\n<\/div>\n\n\n\n<div class=\"wp-block-column\" style=\"flex-basis:25%\"><\/div>\n<\/div>\n\n\n\n<p><strong><span class=\"has-inline-color has-vivid-cyan-blue-color\"><em>Coordinaci\u00f3n de Primaria<\/em><\/span><\/strong><\/p>\n","protected":false},"excerpt":{"rendered":"<p>Con enorme orgullo y alegr\u00eda, compartimos el logro de Aar\u00f3n Miguel Gonz\u00e1lez L\u00f3pez, estudiante de 3\u00ba \u201cC\u201d, quien represent\u00f3 con gran distinci\u00f3n a nuestra comunidad escolar en el Recital de Piano de la Escuela de Iniciaci\u00f3n Musical N\u00famero 3, del Instituto Nacional de Bellas Artes y Literatura, celebrado el pasado&hellip; <\/p>\n","protected":false},"author":2,"featured_media":135862,"comment_status":"closed","ping_status":"closed","sticky":false,"template":"","format":"standard","meta":{"ngg_post_thumbnail":0},"categories":[3],"tags":[],"_links":{"self":[{"href":"https:\/\/www.villaeducativa.edu.mx\/newspaper\/index.php?rest_route=\/wp\/v2\/posts\/135752"}],"collection":[{"href":"https:\/\/www.villaeducativa.edu.mx\/newspaper\/index.php?rest_route=\/wp\/v2\/posts"}],"about":[{"href":"https:\/\/www.villaeducativa.edu.mx\/newspaper\/index.php?rest_route=\/wp\/v2\/types\/post"}],"author":[{"embeddable":true,"href":"https:\/\/www.villaeducativa.edu.mx\/newspaper\/index.php?rest_route=\/wp\/v2\/users\/2"}],"replies":[{"embeddable":true,"href":"https:\/\/www.villaeducativa.edu.mx\/newspaper\/index.php?rest_route=%2Fwp%2Fv2%2Fcomments&post=135752"}],"version-history":[{"count":2,"href":"https:\/\/www.villaeducativa.edu.mx\/newspaper\/index.php?rest_route=\/wp\/v2\/posts\/135752\/revisions"}],"predecessor-version":[{"id":135861,"href":"https:\/\/www.villaeducativa.edu.mx\/newspaper\/index.php?rest_route=\/wp\/v2\/posts\/135752\/revisions\/135861"}],"wp:featuredmedia":[{"embeddable":true,"href":"https:\/\/www.villaeducativa.edu.mx\/newspaper\/index.php?rest_route=\/wp\/v2\/media\/135862"}],"wp:attachment":[{"href":"https:\/\/www.villaeducativa.edu.mx\/newspaper\/index.php?rest_route=%2Fwp%2Fv2%2Fmedia&parent=135752"}],"wp:term":[{"taxonomy":"category","embeddable":true,"href":"https:\/\/www.villaeducativa.edu.mx\/newspaper\/index.php?rest_route=%2Fwp%2Fv2%2Fcategories&post=135752"},{"taxonomy":"post_tag","embeddable":true,"href":"https:\/\/www.villaeducativa.edu.mx\/newspaper\/index.php?rest_route=%2Fwp%2Fv2%2Ftags&post=135752"}],"curies":[{"name":"wp","href":"https:\/\/api.w.org\/{rel}","templated":true}]}}