{"id":135193,"date":"2025-07-01T09:00:00","date_gmt":"2025-07-01T14:00:00","guid":{"rendered":"https:\/\/www.villaeducativa.edu.mx\/newspaper\/?p=135193"},"modified":"2025-07-01T17:54:18","modified_gmt":"2025-07-01T22:54:18","slug":"k3-graduation-ceremony-2","status":"publish","type":"post","link":"https:\/\/www.villaeducativa.edu.mx\/newspaper\/?p=135193","title":{"rendered":"K3: Graduation Ceremony"},"content":{"rendered":"\n<p>As we approach the end of this school year, we are so excited about all the accomplishments of our K3 students. Our students&#8217; graduation ceremony will take place on Tuesday, July 15th, at 10:30 a.m.<\/p>\n\n\n\n<p>We have some amazing surprises for you.&nbsp; You will receive your invitations later, and each student will receive four tickets.&nbsp; We look forward to seeing you!<\/p>\n\n\n\n<hr class=\"wp-block-separator\"\/>\n\n\n\n<p><em><strong>Ceremonia de Graduaci\u00f3n de Prepri<\/strong><br>Llegamos al final de este ciclo escolar y estamos muy emocionados por todos los logros de nuestros peque\u00f1os de Prepri. La ceremonia de graduaci\u00f3n ser\u00e1 el martes 15 de julio a las 10:30 a.m.<\/em> en las instalaciones de Villa High, entrada por Misterios. <\/p>\n\n\n\n<p><em>Tendremos grandes sorpresas para ustedes. M\u00e1s adelante recibir\u00e1n sus invitaciones; cada alumno contar\u00e1 con 4 boletos que podr\u00e1n recoger en Servicios Escolares a partir del 11 de julio.  \u00a1Los esperamos!<\/em><\/p>\n\n\n\n<p><em>Vestimenta alumnos: Jeans azul oscuro, tenis y playera blanca.<\/em><\/p>\n\n\n\n<p><span class=\"has-inline-color has-vivid-cyan-blue-color\"><strong>Carlie Garc\u00eda<\/strong><br><em>Preschool Coordinator<\/em><\/span><\/p>\n","protected":false},"excerpt":{"rendered":"<p>As we approach the end of this school year, we are so excited about all the accomplishments of our K3 students. Our students&#8217; graduation ceremony will take place on Tuesday, July 15th, at 10:30 a.m. We have some amazing surprises for you.&nbsp; You will receive your invitations later, and each&hellip; <\/p>\n","protected":false},"author":2,"featured_media":135195,"comment_status":"closed","ping_status":"closed","sticky":false,"template":"","format":"standard","meta":{"ngg_post_thumbnail":0},"categories":[2],"tags":[],"_links":{"self":[{"href":"https:\/\/www.villaeducativa.edu.mx\/newspaper\/index.php?rest_route=\/wp\/v2\/posts\/135193"}],"collection":[{"href":"https:\/\/www.villaeducativa.edu.mx\/newspaper\/index.php?rest_route=\/wp\/v2\/posts"}],"about":[{"href":"https:\/\/www.villaeducativa.edu.mx\/newspaper\/index.php?rest_route=\/wp\/v2\/types\/post"}],"author":[{"embeddable":true,"href":"https:\/\/www.villaeducativa.edu.mx\/newspaper\/index.php?rest_route=\/wp\/v2\/users\/2"}],"replies":[{"embeddable":true,"href":"https:\/\/www.villaeducativa.edu.mx\/newspaper\/index.php?rest_route=%2Fwp%2Fv2%2Fcomments&post=135193"}],"version-history":[{"count":3,"href":"https:\/\/www.villaeducativa.edu.mx\/newspaper\/index.php?rest_route=\/wp\/v2\/posts\/135193\/revisions"}],"predecessor-version":[{"id":135409,"href":"https:\/\/www.villaeducativa.edu.mx\/newspaper\/index.php?rest_route=\/wp\/v2\/posts\/135193\/revisions\/135409"}],"wp:featuredmedia":[{"embeddable":true,"href":"https:\/\/www.villaeducativa.edu.mx\/newspaper\/index.php?rest_route=\/wp\/v2\/media\/135195"}],"wp:attachment":[{"href":"https:\/\/www.villaeducativa.edu.mx\/newspaper\/index.php?rest_route=%2Fwp%2Fv2%2Fmedia&parent=135193"}],"wp:term":[{"taxonomy":"category","embeddable":true,"href":"https:\/\/www.villaeducativa.edu.mx\/newspaper\/index.php?rest_route=%2Fwp%2Fv2%2Fcategories&post=135193"},{"taxonomy":"post_tag","embeddable":true,"href":"https:\/\/www.villaeducativa.edu.mx\/newspaper\/index.php?rest_route=%2Fwp%2Fv2%2Ftags&post=135193"}],"curies":[{"name":"wp","href":"https:\/\/api.w.org\/{rel}","templated":true}]}}