{"id":134894,"date":"2025-07-01T09:10:00","date_gmt":"2025-07-01T14:10:00","guid":{"rendered":"https:\/\/www.villaeducativa.edu.mx\/newspaper\/?p=134894"},"modified":"2025-07-01T18:48:18","modified_gmt":"2025-07-01T23:48:18","slug":"uniformes-escolares-para-ciclo-escolar-2025-2026","status":"publish","type":"post","link":"https:\/\/www.villaeducativa.edu.mx\/newspaper\/?p=134894","title":{"rendered":"Uniformes escolares para ciclo escolar 2025\u20132026"},"content":{"rendered":"\n<p>Estimadas familias:<\/p>\n\n\n\n<p>Les compartimos la lista de precios actualizada de los uniformes escolares que estar\u00e1n disponibles para el pr\u00f3ximo ciclo escolar <strong>2025\u20132026<\/strong>..<\/p>\n\n\n\n<ul><li><em><strong><span class=\"has-inline-color has-vivid-cyan-blue-color\"><a href=\"https:\/\/docs.google.com\/spreadsheets\/d\/13q2E6DHGGVD9Zo97YUY56MofK1jRakiQmgEwX6REEk8\/edit?usp=sharingUniformes%20escolares%20%7C%20Ciclo%20Escolar%202025%E2%80%932026%20Estimadas%20familias,%20%20Les%20compartimos%20la%20lista%20de%20precios%20actualizada%20de%20los%20uniformes%20escolares%20que%20estar%C3%A1n%20disponibles%20para%20el%20pr%C3%B3ximo%20ciclo%20escolar%202025%E2%80%932026.%20Estos%20art%C3%ADculos%20estar%C3%ADculos%20estar%C3%A1n%20a%20la%20venta%20en%20el%20%C3%A1rea%20de%20Servicios%20Escolares,%20en%20los%20horarios%20habituales%20de%20atenci%C3%B3n.\">Lista de precios uniformes escolares 2025-2026<\/a><\/span><\/strong><\/em><\/li><\/ul>\n\n\n\n<p>Estar\u00e1n a la venta en el \u00e1rea de <strong>Villa High<\/strong> los d\u00edas 22, 23, 25, 26 y 27 de agosto, de 8:00 a.m. a 3:00 p.m.<\/p>\n\n\n\n<p><strong>El s\u00e1bado 23 de agosto el horario ser\u00e1 de 8:00 a.m. a 1:00 p.m.<\/strong><\/p>\n\n\n\n<p>Les recordamos que las playeras y sudaderas de uso diario para primaria y secundaria se pagan en efectivo en el \u00e1rea de caja, con un costo de:<\/p>\n\n\n\n<ul><li>Sudadera: $260<\/li><li>Playera: $130<\/li><\/ul>\n\n\n\n<p><span class=\"has-inline-color has-vivid-cyan-blue-color\"><strong>Jacive Monroy<\/strong><br><em>Coordinadora Operativa<\/em><\/span><\/p>\n","protected":false},"excerpt":{"rendered":"<p>Estimadas familias: Les compartimos la lista de precios actualizada de los uniformes escolares que estar\u00e1n disponibles para el pr\u00f3ximo ciclo escolar 2025\u20132026.. Lista de precios uniformes escolares 2025-2026 Estar\u00e1n a la venta en el \u00e1rea de Villa High los d\u00edas 22, 23, 25, 26 y 27 de agosto, de 8:00&hellip; <\/p>\n","protected":false},"author":2,"featured_media":134895,"comment_status":"closed","ping_status":"closed","sticky":false,"template":"","format":"standard","meta":{"ngg_post_thumbnail":0},"categories":[17],"tags":[],"_links":{"self":[{"href":"https:\/\/www.villaeducativa.edu.mx\/newspaper\/index.php?rest_route=\/wp\/v2\/posts\/134894"}],"collection":[{"href":"https:\/\/www.villaeducativa.edu.mx\/newspaper\/index.php?rest_route=\/wp\/v2\/posts"}],"about":[{"href":"https:\/\/www.villaeducativa.edu.mx\/newspaper\/index.php?rest_route=\/wp\/v2\/types\/post"}],"author":[{"embeddable":true,"href":"https:\/\/www.villaeducativa.edu.mx\/newspaper\/index.php?rest_route=\/wp\/v2\/users\/2"}],"replies":[{"embeddable":true,"href":"https:\/\/www.villaeducativa.edu.mx\/newspaper\/index.php?rest_route=%2Fwp%2Fv2%2Fcomments&post=134894"}],"version-history":[{"count":4,"href":"https:\/\/www.villaeducativa.edu.mx\/newspaper\/index.php?rest_route=\/wp\/v2\/posts\/134894\/revisions"}],"predecessor-version":[{"id":135716,"href":"https:\/\/www.villaeducativa.edu.mx\/newspaper\/index.php?rest_route=\/wp\/v2\/posts\/134894\/revisions\/135716"}],"wp:featuredmedia":[{"embeddable":true,"href":"https:\/\/www.villaeducativa.edu.mx\/newspaper\/index.php?rest_route=\/wp\/v2\/media\/134895"}],"wp:attachment":[{"href":"https:\/\/www.villaeducativa.edu.mx\/newspaper\/index.php?rest_route=%2Fwp%2Fv2%2Fmedia&parent=134894"}],"wp:term":[{"taxonomy":"category","embeddable":true,"href":"https:\/\/www.villaeducativa.edu.mx\/newspaper\/index.php?rest_route=%2Fwp%2Fv2%2Fcategories&post=134894"},{"taxonomy":"post_tag","embeddable":true,"href":"https:\/\/www.villaeducativa.edu.mx\/newspaper\/index.php?rest_route=%2Fwp%2Fv2%2Ftags&post=134894"}],"curies":[{"name":"wp","href":"https:\/\/api.w.org\/{rel}","templated":true}]}}