{"id":134662,"date":"2025-06-24T09:15:09","date_gmt":"2025-06-24T14:15:09","guid":{"rendered":"https:\/\/www.villaeducativa.edu.mx\/newspaper\/?p=134662"},"modified":"2025-07-09T12:07:03","modified_gmt":"2025-07-09T17:07:03","slug":"fechas-importantes-21","status":"publish","type":"post","link":"https:\/\/www.villaeducativa.edu.mx\/newspaper\/?p=134662","title":{"rendered":"Fechas importantes"},"content":{"rendered":"\n<h5 id=\"block-423c0b76-341e-4b08-bb62-c50b2902a12b\"><strong>Junio<\/strong><\/h5>\n\n\n\n<figure class=\"wp-block-table\"><table><tbody><tr><td><strong><span class=\"has-inline-color has-luminous-vivid-orange-color\">25-27<\/span><\/strong><\/td><td><strong>\u2022 D\u00eda de la Familia<\/strong><\/td><\/tr><tr><td><strong><span class=\"has-inline-color has-luminous-vivid-orange-color\">27<\/span><\/strong><\/td><td><strong>\u2022 No hay clases por Consejo T\u00e9cnico y capacitaci\u00f3n<\/strong><br><strong>\u2022 Se presentan los alumnos de Happy Kinder a sus eventos y los grupos AB de&nbsp;primaria&nbsp;baja<\/strong><\/td><\/tr><\/tbody><\/table><\/figure>\n\n\n\n<h5 id=\"block-8c355102-062c-4826-8378-e5b5b73c3d73\"><strong>Julio<\/strong><\/h5>\n\n\n\n<figure class=\"wp-block-table\"><table><tbody><tr><td><strong><span class=\"has-inline-color has-luminous-vivid-orange-color\">1<\/span><\/strong><\/td><td><strong>\u2022 Morning Coffee VH 8:30 a.m. y HK 10:00 a.m.<\/strong><\/td><\/tr><tr><td><strong><span class=\"has-inline-color has-luminous-vivid-orange-color\">2<\/span><\/strong><\/td><td><strong>\u2022 Morning Coffee PA 9:00 a.m. y PB 10:30 a.m.<\/strong><\/td><\/tr><tr><td><span class=\"has-inline-color has-luminous-vivid-orange-color\"><strong>2<\/strong> <strong>y 3<\/strong><\/span><\/td><td><strong>\u2022 HighMUN<\/strong><\/td><\/tr><tr><td><strong><span class=\"has-inline-color has-luminous-vivid-orange-color\">4<\/span><\/strong><\/td><td><strong>\u2022<\/strong> <strong>\u00daltimo d\u00eda de clases en VH<\/strong><br><strong>\u2022 \u00daltimo d\u00eda para responder encuesta de satisfacci\u00f3n<\/strong><\/td><\/tr><tr><td><strong><span class=\"has-inline-color has-luminous-vivid-orange-color\">7 al 9<\/span><\/strong><\/td><td><strong>\u2022 Curso proped\u00e9utico para alumnos de 6\u00b0 en Villa High<\/strong><\/td><\/tr><tr><td><strong><span class=\"has-inline-color has-luminous-vivid-orange-color\">7 al 11<\/span><\/strong><\/td><td><strong>\u2022 Semana loca en Happy y Villa<\/strong><br><strong>\u2022 Ex\u00e1menes finales Villa High<\/strong><br><strong>\u2022 Capacitaci\u00f3n vial en Happy y Villa<\/strong><\/td><\/tr><tr><td><strong><span class=\"has-inline-color has-luminous-vivid-orange-color\">9<\/span><\/strong><\/td><td><strong>\u2022 Desayuno Room Mothers<\/strong><\/td><\/tr><tr><td><strong><span class=\"has-inline-color has-luminous-vivid-orange-color\">10<\/span><\/strong><\/td><td><strong>\u2022<\/strong> <strong>D\u00eda 1095 para alumnos de 3\u00b0 VH<\/strong><\/td><\/tr><tr><td><strong><span class=\"has-inline-color has-luminous-vivid-orange-color\">11<\/span><\/strong><\/td><td><strong>\u2022 No hay clases por descarga administrativa (s\u00f3lo se presentan alumnos de K3 y 6\u00b0 a ensayos generales de graduaciones<\/strong>).<\/td><\/tr><tr><td><strong><span class=\"has-inline-color has-luminous-vivid-orange-color\">14<\/span><\/strong><\/td><td><strong>\u2022<\/strong> <strong>Rock Fest<\/strong> <strong>VH<\/strong><br><strong>\u2022<\/strong> <strong>Music Fest Club <\/strong><\/td><\/tr><tr><td><strong><span class=\"has-inline-color has-luminous-vivid-orange-color\">15<\/span><\/strong><\/td><td><strong>\u2022<\/strong> <strong>Graduaciones<\/strong> <strong>K3, 6\u00b0 y 3\u00b0 VH<\/strong><br><strong>\u2022 No hay clases<\/strong><\/td><\/tr><tr><td><strong><span class=\"has-inline-color has-luminous-vivid-orange-color\">16<\/span><\/strong><\/td><td><strong>\u2022<\/strong> <strong>Cambio de escolta y entrega de documentaci\u00f3n<\/strong><br><strong>\u2022<\/strong> <strong>Fin de ciclo escolar<\/strong><\/td><\/tr><\/tbody><\/table><\/figure>\n","protected":false},"excerpt":{"rendered":"<p>Junio 25-27 \u2022 D\u00eda de la Familia 27 \u2022 No hay clases por Consejo T\u00e9cnico y capacitaci\u00f3n\u2022 Se presentan los alumnos de Happy Kinder a sus eventos y los grupos AB de&nbsp;primaria&nbsp;baja Julio 1 \u2022 Morning Coffee VH 8:30 a.m. y HK 10:00 a.m. 2 \u2022 Morning Coffee PA 9:00&hellip; <\/p>\n","protected":false},"author":2,"featured_media":134667,"comment_status":"closed","ping_status":"closed","sticky":false,"template":"","format":"standard","meta":{"ngg_post_thumbnail":0},"categories":[17],"tags":[],"_links":{"self":[{"href":"https:\/\/www.villaeducativa.edu.mx\/newspaper\/index.php?rest_route=\/wp\/v2\/posts\/134662"}],"collection":[{"href":"https:\/\/www.villaeducativa.edu.mx\/newspaper\/index.php?rest_route=\/wp\/v2\/posts"}],"about":[{"href":"https:\/\/www.villaeducativa.edu.mx\/newspaper\/index.php?rest_route=\/wp\/v2\/types\/post"}],"author":[{"embeddable":true,"href":"https:\/\/www.villaeducativa.edu.mx\/newspaper\/index.php?rest_route=\/wp\/v2\/users\/2"}],"replies":[{"embeddable":true,"href":"https:\/\/www.villaeducativa.edu.mx\/newspaper\/index.php?rest_route=%2Fwp%2Fv2%2Fcomments&post=134662"}],"version-history":[{"count":12,"href":"https:\/\/www.villaeducativa.edu.mx\/newspaper\/index.php?rest_route=\/wp\/v2\/posts\/134662\/revisions"}],"predecessor-version":[{"id":136468,"href":"https:\/\/www.villaeducativa.edu.mx\/newspaper\/index.php?rest_route=\/wp\/v2\/posts\/134662\/revisions\/136468"}],"wp:featuredmedia":[{"embeddable":true,"href":"https:\/\/www.villaeducativa.edu.mx\/newspaper\/index.php?rest_route=\/wp\/v2\/media\/134667"}],"wp:attachment":[{"href":"https:\/\/www.villaeducativa.edu.mx\/newspaper\/index.php?rest_route=%2Fwp%2Fv2%2Fmedia&parent=134662"}],"wp:term":[{"taxonomy":"category","embeddable":true,"href":"https:\/\/www.villaeducativa.edu.mx\/newspaper\/index.php?rest_route=%2Fwp%2Fv2%2Fcategories&post=134662"},{"taxonomy":"post_tag","embeddable":true,"href":"https:\/\/www.villaeducativa.edu.mx\/newspaper\/index.php?rest_route=%2Fwp%2Fv2%2Ftags&post=134662"}],"curies":[{"name":"wp","href":"https:\/\/api.w.org\/{rel}","templated":true}]}}