{"id":134585,"date":"2025-06-24T09:10:35","date_gmt":"2025-06-24T14:10:35","guid":{"rendered":"https:\/\/www.villaeducativa.edu.mx\/newspaper\/?p=134585"},"modified":"2025-06-24T16:44:03","modified_gmt":"2025-06-24T21:44:03","slug":"dia-de-la-familia-calendario-de-presentaciones","status":"publish","type":"post","link":"https:\/\/www.villaeducativa.edu.mx\/newspaper\/?p=134585","title":{"rendered":"D\u00eda de la Familia: Calendario de presentaciones"},"content":{"rendered":"\n<p id=\"block-67b79dec-f2a2-44a8-8500-3b99c7cc444c\"><em>Queridas familias:<\/em><\/p>\n\n\n\n<p id=\"block-2e93c1c7-0528-4dee-9f63-0c19c63c2485\"><em>Les recordamos el <\/em><strong><em>c<\/em><\/strong><strong><em>alendario de presentaciones:<\/em><\/strong><\/p>\n\n\n\n<p id=\"block-dfba88e8-5417-4216-b283-3309bee3e80b\"><strong><em>Mi\u00e9rcoles 25 de junio \u2013 Villa High<\/em><\/strong><\/p>\n\n\n\n<ul id=\"block-b68e3977-1d4b-4389-9aaf-acdc53122433\"><li><em>8:00 hrs. \u2013 1A, 2A, 3A<\/em><\/li><li><em>9:30 hrs. \u2013 1B, 2B, 3B<\/em><\/li><li><em>11:00 hrs. \u2013 1C, 2C, 3C<\/em><\/li><li><em>12:30 hrs. \u2013 1D, 2D, 3D<\/em><\/li><\/ul>\n\n\n\n<p id=\"block-da0376a8-e075-49a9-b3ef-caba2b4efa5e\"><strong><em>Jueves 26 de junio \u2013 Villa Educativa<\/em><\/strong><\/p>\n\n\n\n<ul id=\"block-102c9db9-6a09-4824-ae0f-5146f66ea849\"><li><em>8:00 hrs. \u2013 1C, 2C, 3C<\/em><\/li><li><em>9:15 hrs. \u2013 1D, 2D, 3D<\/em><\/li><li><em>10:30 hrs. \u2013 4A, 5A, 6A<\/em><\/li><li><em>11:45 hrs. \u2013 4B, 5B, 6B<\/em><\/li><li><em>13:00 hrs. \u2013 4C (13 alumnos), 5C, 6C<\/em><\/li><li><em>14:15 hrs. \u2013 4C (13 alumnos), 5D, 6D<\/em><\/li><\/ul>\n\n\n\n<p id=\"block-ad21f8bd-8ee7-4d96-a632-cf6f2388af0e\"><strong><em>Viernes 27 de junio \u2013 Villa Educativa<\/em><\/strong><\/p>\n\n\n\n<ul id=\"block-08a7a12b-a408-4142-a400-40ace9897372\"><li><em>8:00 hrs. \u2013 1A, 2A, 3A<\/em><\/li><li><em>9:15 hrs. \u2013 1B, 2B, 3B<\/em><\/li><\/ul>\n\n\n\n<p id=\"block-44ecbe1b-0bef-4b08-a91f-b8f4796c2c59\"><strong><em>Viernes 27 de junio \u2013 Happy Kinder<\/em><\/strong><\/p>\n\n\n\n<ul id=\"block-1f7d99a1-3447-4511-963d-07f31a8d3c1b\"><li><em>11:00 hrs. \u2013 K1 A-B (14 alumnos), K2A, K3A<\/em><\/li><li><em>12:30 hrs. \u2013 K1 A-B (13 alumnos), K2B, K3B<\/em><\/li><li><em>14:00 hrs. \u2013 K1 A-B (13 alumnos), K2C, K3C<\/em><\/li><\/ul>\n\n\n\n<p id=\"block-8b30bbba-1fe6-45c6-9cd8-957cfea127e8\"><em>\u00a1Nos encantar\u00e1 compartir este d\u00eda tan especial con cada una de nuestras familias!<br><br>Agradecemos su participaci\u00f3n y entusiasmo.<\/em><\/p>\n\n\n\n<p id=\"block-3a31a9be-3604-470c-9e2d-d43d71e7b208\"><span class=\"has-inline-color has-vivid-cyan-blue-color\"><strong>Diego Campuzano<\/strong><br><em>Coordinador Servicios Escolares<\/em><\/span><\/p>\n","protected":false},"excerpt":{"rendered":"<p>Queridas familias: Les recordamos el calendario de presentaciones: Mi\u00e9rcoles 25 de junio \u2013 Villa High 8:00 hrs. \u2013 1A, 2A, 3A 9:30 hrs. \u2013 1B, 2B, 3B 11:00 hrs. \u2013 1C, 2C, 3C 12:30 hrs. \u2013 1D, 2D, 3D Jueves 26 de junio \u2013 Villa Educativa 8:00 hrs. \u2013 1C,&hellip; <\/p>\n","protected":false},"author":2,"featured_media":134586,"comment_status":"closed","ping_status":"closed","sticky":false,"template":"","format":"standard","meta":{"ngg_post_thumbnail":0},"categories":[17],"tags":[],"_links":{"self":[{"href":"https:\/\/www.villaeducativa.edu.mx\/newspaper\/index.php?rest_route=\/wp\/v2\/posts\/134585"}],"collection":[{"href":"https:\/\/www.villaeducativa.edu.mx\/newspaper\/index.php?rest_route=\/wp\/v2\/posts"}],"about":[{"href":"https:\/\/www.villaeducativa.edu.mx\/newspaper\/index.php?rest_route=\/wp\/v2\/types\/post"}],"author":[{"embeddable":true,"href":"https:\/\/www.villaeducativa.edu.mx\/newspaper\/index.php?rest_route=\/wp\/v2\/users\/2"}],"replies":[{"embeddable":true,"href":"https:\/\/www.villaeducativa.edu.mx\/newspaper\/index.php?rest_route=%2Fwp%2Fv2%2Fcomments&post=134585"}],"version-history":[{"count":2,"href":"https:\/\/www.villaeducativa.edu.mx\/newspaper\/index.php?rest_route=\/wp\/v2\/posts\/134585\/revisions"}],"predecessor-version":[{"id":134726,"href":"https:\/\/www.villaeducativa.edu.mx\/newspaper\/index.php?rest_route=\/wp\/v2\/posts\/134585\/revisions\/134726"}],"wp:featuredmedia":[{"embeddable":true,"href":"https:\/\/www.villaeducativa.edu.mx\/newspaper\/index.php?rest_route=\/wp\/v2\/media\/134586"}],"wp:attachment":[{"href":"https:\/\/www.villaeducativa.edu.mx\/newspaper\/index.php?rest_route=%2Fwp%2Fv2%2Fmedia&parent=134585"}],"wp:term":[{"taxonomy":"category","embeddable":true,"href":"https:\/\/www.villaeducativa.edu.mx\/newspaper\/index.php?rest_route=%2Fwp%2Fv2%2Fcategories&post=134585"},{"taxonomy":"post_tag","embeddable":true,"href":"https:\/\/www.villaeducativa.edu.mx\/newspaper\/index.php?rest_route=%2Fwp%2Fv2%2Ftags&post=134585"}],"curies":[{"name":"wp","href":"https:\/\/api.w.org\/{rel}","templated":true}]}}