{"id":134574,"date":"2025-06-24T07:40:00","date_gmt":"2025-06-24T12:40:00","guid":{"rendered":"https:\/\/www.villaeducativa.edu.mx\/newspaper\/?p=134574"},"modified":"2025-06-24T15:26:17","modified_gmt":"2025-06-24T20:26:17","slug":"horario-club-25-y-26-de-junio","status":"publish","type":"post","link":"https:\/\/www.villaeducativa.edu.mx\/newspaper\/?p=134574","title":{"rendered":"Horario Club 25 y 26 de junio"},"content":{"rendered":"\n<p>Los d\u00edas 25 y 26 de junio tendremos Club en horario normal despu\u00e9s del D\u00eda de la Familia. Los pap\u00e1s que gusten traer a sus hijos, se recibir\u00e1n por la puerta de salida de Club.<\/p>\n\n\n\n<p><strong><span class=\"has-inline-color has-vivid-cyan-blue-color\">Berenice \u00c1ngeles<br><\/span><\/strong><span class=\"has-inline-color has-vivid-cyan-blue-color\"><em>Coordinadora d Club AfterSchool<\/em><\/span><\/p>\n","protected":false},"excerpt":{"rendered":"<p>Los d\u00edas 25 y 26 de junio tendremos Club en horario normal despu\u00e9s del D\u00eda de la Familia. Los pap\u00e1s que gusten traer a sus hijos, se recibir\u00e1n por la puerta de salida de Club. Berenice \u00c1ngelesCoordinadora d Club AfterSchool<\/p>\n","protected":false},"author":2,"featured_media":111962,"comment_status":"closed","ping_status":"closed","sticky":false,"template":"","format":"standard","meta":{"ngg_post_thumbnail":0},"categories":[5],"tags":[],"_links":{"self":[{"href":"https:\/\/www.villaeducativa.edu.mx\/newspaper\/index.php?rest_route=\/wp\/v2\/posts\/134574"}],"collection":[{"href":"https:\/\/www.villaeducativa.edu.mx\/newspaper\/index.php?rest_route=\/wp\/v2\/posts"}],"about":[{"href":"https:\/\/www.villaeducativa.edu.mx\/newspaper\/index.php?rest_route=\/wp\/v2\/types\/post"}],"author":[{"embeddable":true,"href":"https:\/\/www.villaeducativa.edu.mx\/newspaper\/index.php?rest_route=\/wp\/v2\/users\/2"}],"replies":[{"embeddable":true,"href":"https:\/\/www.villaeducativa.edu.mx\/newspaper\/index.php?rest_route=%2Fwp%2Fv2%2Fcomments&post=134574"}],"version-history":[{"count":3,"href":"https:\/\/www.villaeducativa.edu.mx\/newspaper\/index.php?rest_route=\/wp\/v2\/posts\/134574\/revisions"}],"predecessor-version":[{"id":134712,"href":"https:\/\/www.villaeducativa.edu.mx\/newspaper\/index.php?rest_route=\/wp\/v2\/posts\/134574\/revisions\/134712"}],"wp:featuredmedia":[{"embeddable":true,"href":"https:\/\/www.villaeducativa.edu.mx\/newspaper\/index.php?rest_route=\/wp\/v2\/media\/111962"}],"wp:attachment":[{"href":"https:\/\/www.villaeducativa.edu.mx\/newspaper\/index.php?rest_route=%2Fwp%2Fv2%2Fmedia&parent=134574"}],"wp:term":[{"taxonomy":"category","embeddable":true,"href":"https:\/\/www.villaeducativa.edu.mx\/newspaper\/index.php?rest_route=%2Fwp%2Fv2%2Fcategories&post=134574"},{"taxonomy":"post_tag","embeddable":true,"href":"https:\/\/www.villaeducativa.edu.mx\/newspaper\/index.php?rest_route=%2Fwp%2Fv2%2Ftags&post=134574"}],"curies":[{"name":"wp","href":"https:\/\/api.w.org\/{rel}","templated":true}]}}