{"id":134571,"date":"2025-06-24T07:35:00","date_gmt":"2025-06-24T12:35:00","guid":{"rendered":"https:\/\/www.villaeducativa.edu.mx\/newspaper\/?p=134571"},"modified":"2025-06-24T14:49:04","modified_gmt":"2025-06-24T19:49:04","slug":"cheer-dance-y-futbol","status":"publish","type":"post","link":"https:\/\/www.villaeducativa.edu.mx\/newspaper\/?p=134571","title":{"rendered":"Cheer &#038; Dance y F\u00fatbol"},"content":{"rendered":"\n<p>Invitamos a los pap\u00e1s de nuestros equipos representativos para hacerles un reconocimiento a nuestros ni\u00f1os por su esfuerzo y entrega, defendiendo siempre los colores de nuestra querida escuela.<\/p>\n\n\n\n<p>La ceremonia se llevar\u00e1 a cabo el lunes 30 a las 8:20 a.m. Nos encantar\u00eda contar con su presencia para aplaudir a nuestros ni\u00f1os.<\/p>\n\n\n\n<p>Los alumnos deben asistir con su uniforme normal. Terminando la ceremonia, seguir\u00e1n con sus actividades habituales.<\/p>\n\n\n\n<p><strong><span class=\"has-inline-color has-vivid-cyan-blue-color\">Berenice \u00c1ngeles <br><\/span><\/strong><span class=\"has-inline-color has-vivid-cyan-blue-color\"><em>Coordinadora de Club AfterShool<\/em><\/span><\/p>\n","protected":false},"excerpt":{"rendered":"<p>Invitamos a los pap\u00e1s de nuestros equipos representativos para hacerles un reconocimiento a nuestros ni\u00f1os por su esfuerzo y entrega, defendiendo siempre los colores de nuestra querida escuela. La ceremonia se llevar\u00e1 a cabo el lunes 30 a las 8:20 a.m. Nos encantar\u00eda contar con su presencia para aplaudir a&hellip; <\/p>\n","protected":false},"author":2,"featured_media":134576,"comment_status":"closed","ping_status":"closed","sticky":false,"template":"","format":"standard","meta":{"ngg_post_thumbnail":0},"categories":[5],"tags":[],"_links":{"self":[{"href":"https:\/\/www.villaeducativa.edu.mx\/newspaper\/index.php?rest_route=\/wp\/v2\/posts\/134571"}],"collection":[{"href":"https:\/\/www.villaeducativa.edu.mx\/newspaper\/index.php?rest_route=\/wp\/v2\/posts"}],"about":[{"href":"https:\/\/www.villaeducativa.edu.mx\/newspaper\/index.php?rest_route=\/wp\/v2\/types\/post"}],"author":[{"embeddable":true,"href":"https:\/\/www.villaeducativa.edu.mx\/newspaper\/index.php?rest_route=\/wp\/v2\/users\/2"}],"replies":[{"embeddable":true,"href":"https:\/\/www.villaeducativa.edu.mx\/newspaper\/index.php?rest_route=%2Fwp%2Fv2%2Fcomments&post=134571"}],"version-history":[{"count":1,"href":"https:\/\/www.villaeducativa.edu.mx\/newspaper\/index.php?rest_route=\/wp\/v2\/posts\/134571\/revisions"}],"predecessor-version":[{"id":134573,"href":"https:\/\/www.villaeducativa.edu.mx\/newspaper\/index.php?rest_route=\/wp\/v2\/posts\/134571\/revisions\/134573"}],"wp:featuredmedia":[{"embeddable":true,"href":"https:\/\/www.villaeducativa.edu.mx\/newspaper\/index.php?rest_route=\/wp\/v2\/media\/134576"}],"wp:attachment":[{"href":"https:\/\/www.villaeducativa.edu.mx\/newspaper\/index.php?rest_route=%2Fwp%2Fv2%2Fmedia&parent=134571"}],"wp:term":[{"taxonomy":"category","embeddable":true,"href":"https:\/\/www.villaeducativa.edu.mx\/newspaper\/index.php?rest_route=%2Fwp%2Fv2%2Fcategories&post=134571"},{"taxonomy":"post_tag","embeddable":true,"href":"https:\/\/www.villaeducativa.edu.mx\/newspaper\/index.php?rest_route=%2Fwp%2Fv2%2Ftags&post=134571"}],"curies":[{"name":"wp","href":"https:\/\/api.w.org\/{rel}","templated":true}]}}