{"id":134338,"date":"2025-06-24T09:05:00","date_gmt":"2025-06-24T14:05:00","guid":{"rendered":"https:\/\/www.villaeducativa.edu.mx\/newspaper\/?p=134338"},"modified":"2025-06-24T15:17:46","modified_gmt":"2025-06-24T20:17:46","slug":"crazy-week","status":"publish","type":"post","link":"https:\/\/www.villaeducativa.edu.mx\/newspaper\/?p=134338","title":{"rendered":"Crazy Week!"},"content":{"rendered":"\n<p>Our last week of classes is coming!&nbsp; From July 7th to 10th!&nbsp;&nbsp;<\/p>\n\n\n\n<p><strong><span class=\"has-inline-color has-luminous-vivid-orange-color\">Monday, July 7<\/span><\/strong><span class=\"has-inline-color has-luminous-vivid-orange-color\"><strong>th<\/strong><\/span><br><strong><em>Pyjamas Day<\/em><\/strong><br>Make your dream come true and wear your favorite pyjamas.&nbsp;&nbsp;<\/p>\n\n\n\n<p><strong><span class=\"has-inline-color has-luminous-vivid-orange-color\">Tuesday, July&nbsp; 8<\/span><\/strong><span class=\"has-inline-color has-luminous-vivid-orange-color\"><strong>th<\/strong><\/span><br><em><strong>Crazy Hair Day!&nbsp;<\/strong>&nbsp;<\/em><br>Come in with the wackiest and most creative hair design they can imagine \u2013 hair gel, unique hair colours, and even toys incorporated into the kids\u2019 hairstyles are all accepted.<\/p>\n\n\n\n<p><strong><span class=\"has-inline-color has-luminous-vivid-orange-color\">Wednesday, July <\/span><\/strong><span class=\"has-inline-color has-luminous-vivid-orange-color\"><strong>9th<\/strong><\/span><br><strong><em>Crazy Socks Day!<\/em><\/strong><br>Crazy socks make you feel joyful and help you express yourself! They might have fun designs featuring animals, food, drinks, funny sayings, bold patterns, and colors.&nbsp;<\/p>\n\n\n\n<p><strong><em><span class=\"has-inline-color has-luminous-vivid-orange-color\">Thursday, July 10<\/span><\/em><\/strong><span class=\"has-inline-color has-luminous-vivid-orange-color\"><strong>th<\/strong><\/span><br><em><strong>Crazy Mask Day!<\/strong><\/em><br>We know our kids are very artistic. Create the craziest and most colorful masks. You can use recycled material.<\/p>\n\n\n\n<p><strong><em><span class=\"has-inline-color has-luminous-vivid-orange-color\">Friday, July 11<\/span><\/em><\/strong><span class=\"has-inline-color has-luminous-vivid-orange-color\"><strong>th<\/strong><\/span><br>No classes!<\/p>\n\n\n\n<hr class=\"wp-block-separator\"\/>\n\n\n\n<p><em><strong>Semana loca<\/strong><br>Se acerca la \u00faltima semana de clases, del 7 al 10 de julio. El horario de esa semana es regular, de 7:30 a.m. a 1:40 p.m. con servicio de Club.<\/em><\/p>\n\n\n\n<p><em><strong><span class=\"has-inline-color has-luminous-vivid-orange-color\">Lunes 7 de julio<\/span><br>D\u00eda de pijama<\/strong><br>Haz realidad tu sue\u00f1o y ven con tu pijama favorita<\/em>.<\/p>\n\n\n\n<p><em><strong><span class=\"has-inline-color has-luminous-vivid-orange-color\">Martes 8 de julio<\/span><br>Peinado loco<\/strong><br>Ven con el peinado m\u00e1s creativo que te puedas imaginar (gel de colores, cabello pintado, incluso, puedes incorporar juguetes a tu peinado).<\/em><\/p>\n\n\n\n<p><em><strong><span class=\"has-inline-color has-luminous-vivid-orange-color\">Mi\u00e9rcoles 9 de julio<\/span><br>Calcetines locos<\/strong><br>Pueden tener dise\u00f1os divertidos como de animales o comida, palabras y muchos colores.<\/em><\/p>\n\n\n\n<p><em><strong><span class=\"has-inline-color has-luminous-vivid-orange-color\">Jueves 10 de julio<\/span><br>Antifaz loco<\/strong><br>Sabemos que todos nuestros ni\u00f1os son unos artistas. Sean creativos y traigan su antifaz con el dise\u00f1o m\u00e1s loco, colorido, incluso, hacerlo de material reciclado.<\/em><\/p>\n\n\n\n<p><em><strong><span class=\"has-inline-color has-luminous-vivid-orange-color\">Viernes 11 de julio<\/span><\/strong><br>No hay clases.<\/em><\/p>\n\n\n\n<p><span class=\"has-inline-color has-vivid-cyan-blue-color\"><strong>Carlie Garc\u00eda<br><\/strong><em>Preschool Coordinator<\/em><\/span><\/p>\n","protected":false},"excerpt":{"rendered":"<p>Our last week of classes is coming!&nbsp; From July 7th to 10th!&nbsp;&nbsp; Monday, July 7thPyjamas DayMake your dream come true and wear your favorite pyjamas.&nbsp;&nbsp; Tuesday, July&nbsp; 8thCrazy Hair Day!&nbsp;&nbsp;Come in with the wackiest and most creative hair design they can imagine \u2013 hair gel, unique hair colours, and even&hellip; <\/p>\n","protected":false},"author":2,"featured_media":134590,"comment_status":"closed","ping_status":"closed","sticky":false,"template":"","format":"standard","meta":{"ngg_post_thumbnail":0},"categories":[2],"tags":[],"_links":{"self":[{"href":"https:\/\/www.villaeducativa.edu.mx\/newspaper\/index.php?rest_route=\/wp\/v2\/posts\/134338"}],"collection":[{"href":"https:\/\/www.villaeducativa.edu.mx\/newspaper\/index.php?rest_route=\/wp\/v2\/posts"}],"about":[{"href":"https:\/\/www.villaeducativa.edu.mx\/newspaper\/index.php?rest_route=\/wp\/v2\/types\/post"}],"author":[{"embeddable":true,"href":"https:\/\/www.villaeducativa.edu.mx\/newspaper\/index.php?rest_route=\/wp\/v2\/users\/2"}],"replies":[{"embeddable":true,"href":"https:\/\/www.villaeducativa.edu.mx\/newspaper\/index.php?rest_route=%2Fwp%2Fv2%2Fcomments&post=134338"}],"version-history":[{"count":4,"href":"https:\/\/www.villaeducativa.edu.mx\/newspaper\/index.php?rest_route=\/wp\/v2\/posts\/134338\/revisions"}],"predecessor-version":[{"id":134709,"href":"https:\/\/www.villaeducativa.edu.mx\/newspaper\/index.php?rest_route=\/wp\/v2\/posts\/134338\/revisions\/134709"}],"wp:featuredmedia":[{"embeddable":true,"href":"https:\/\/www.villaeducativa.edu.mx\/newspaper\/index.php?rest_route=\/wp\/v2\/media\/134590"}],"wp:attachment":[{"href":"https:\/\/www.villaeducativa.edu.mx\/newspaper\/index.php?rest_route=%2Fwp%2Fv2%2Fmedia&parent=134338"}],"wp:term":[{"taxonomy":"category","embeddable":true,"href":"https:\/\/www.villaeducativa.edu.mx\/newspaper\/index.php?rest_route=%2Fwp%2Fv2%2Fcategories&post=134338"},{"taxonomy":"post_tag","embeddable":true,"href":"https:\/\/www.villaeducativa.edu.mx\/newspaper\/index.php?rest_route=%2Fwp%2Fv2%2Ftags&post=134338"}],"curies":[{"name":"wp","href":"https:\/\/api.w.org\/{rel}","templated":true}]}}