{"id":134109,"date":"2025-06-17T09:05:00","date_gmt":"2025-06-17T14:05:00","guid":{"rendered":"https:\/\/www.villaeducativa.edu.mx\/newspaper\/?p=134109"},"modified":"2025-06-17T13:37:32","modified_gmt":"2025-06-17T18:37:32","slug":"escuela-promesa-2","status":"publish","type":"post","link":"https:\/\/www.villaeducativa.edu.mx\/newspaper\/?p=134109","title":{"rendered":"Escuela Promesa: \u00daltima recolecci\u00f3n del ciclo escolar"},"content":{"rendered":"\n<p>Estimadas familias,<\/p>\n\n\n\n<p>Les recordamos que el <strong>martes 24 de junio<\/strong> es la \u00faltima recolecci\u00f3n del ciclo escolar. Hagamos un esfuerzo para traer la mayor cantidad de residuos posibles y cerrar el a\u00f1o con broche de oro.<\/p>\n\n\n\n<p>Adem\u00e1s de los residuos que traemos cada mes, esta recolecci\u00f3n es especialmente de papel: blanco, de color, peri\u00f3dico y cart\u00f3n, pueden ser libros, cuadernos, revistas, etc. Anexamos la infograf\u00eda.<\/p>\n\n\n\n<figure class=\"wp-block-image size-large\"><img src=\"http:\/\/www.villaeducativa.edu.mx\/newspaper\/wp-content\/uploads\/2024\/09\/Imagen-de-WhatsApp-2024-09-17-a-las-12.45.41_235c0b91-1024x575.jpg\" alt=\"\" class=\"wp-image-111964\"\/><\/figure>\n\n\n\n<p>Queremos agradecerles a todas las familias que durante el ciclo escolar se comprometieron con el reciclaje, y hacemos la invitaci\u00f3n a que las familias que a\u00fan no lo hacen, se animen a traer un kilo de residuos al mes, es muy sencillo y pueden elegir entre toda la gama de residuos que presentamos mes a mes en la infograf\u00eda.<\/p>\n\n\n\n<p>El horario de recepci\u00f3n de material es:<\/p>\n\n\n\n<ul><li>Happy Kinder y Villa Educativa de 7:30 a 9:10 a.m. por puerta 6<\/li><li>Villa High de 7:00 a 7:30 a.m. por puerta de\u00a0Misterios<\/li><\/ul>\n\n\n\n<p>El material s\u00f3lo lo recibiremos caminando para no ocasionar retrasos en la vialidad, tanto en Villa High, como en Villa Educativa y Happy Kinder.<\/p>\n\n\n\n<div class=\"wp-block-image\"><figure class=\"aligncenter size-large is-resized\"><img loading=\"lazy\" src=\"https:\/\/www.villaeducativa.edu.mx\/newspaper\/wp-content\/uploads\/2025\/06\/Imagen-de-WhatsApp-2025-06-16-a-las-11.51.42_8a5131a8-1024x1024.jpg\" alt=\"\" class=\"wp-image-134110\" width=\"660\" height=\"660\" srcset=\"https:\/\/www.villaeducativa.edu.mx\/newspaper\/wp-content\/uploads\/2025\/06\/Imagen-de-WhatsApp-2025-06-16-a-las-11.51.42_8a5131a8-1024x1024.jpg 1024w, https:\/\/www.villaeducativa.edu.mx\/newspaper\/wp-content\/uploads\/2025\/06\/Imagen-de-WhatsApp-2025-06-16-a-las-11.51.42_8a5131a8-300x300.jpg 300w, https:\/\/www.villaeducativa.edu.mx\/newspaper\/wp-content\/uploads\/2025\/06\/Imagen-de-WhatsApp-2025-06-16-a-las-11.51.42_8a5131a8-150x150.jpg 150w, https:\/\/www.villaeducativa.edu.mx\/newspaper\/wp-content\/uploads\/2025\/06\/Imagen-de-WhatsApp-2025-06-16-a-las-11.51.42_8a5131a8-768x768.jpg 768w, https:\/\/www.villaeducativa.edu.mx\/newspaper\/wp-content\/uploads\/2025\/06\/Imagen-de-WhatsApp-2025-06-16-a-las-11.51.42_8a5131a8-600x600.jpg 600w, https:\/\/www.villaeducativa.edu.mx\/newspaper\/wp-content\/uploads\/2025\/06\/Imagen-de-WhatsApp-2025-06-16-a-las-11.51.42_8a5131a8-100x100.jpg 100w, https:\/\/www.villaeducativa.edu.mx\/newspaper\/wp-content\/uploads\/2025\/06\/Imagen-de-WhatsApp-2025-06-16-a-las-11.51.42_8a5131a8.jpg 1080w\" sizes=\"(max-width: 660px) 100vw, 660px\" \/><\/figure><\/div>\n\n\n\n<blockquote class=\"wp-block-quote\"><p><em><strong>\u201c<\/strong>Somos la primera generaci\u00f3n que siente los efectos del cambio clim\u00e1tico y la \u00faltima que puede hacer algo al respecto.<strong>\u201d<\/strong> <\/em><\/p><cite><em>\u2013 Al Gore<\/em><\/cite><\/blockquote>\n\n\n\n<p><strong><span class=\"has-inline-color has-vivid-cyan-blue-color\">Adriana Esparza<br><\/span><\/strong><span class=\"has-inline-color has-vivid-cyan-blue-color\"><em>Servicios Escolares<\/em><\/span><\/p>\n","protected":false},"excerpt":{"rendered":"<p>Estimadas familias, Les recordamos que el martes 24 de junio es la \u00faltima recolecci\u00f3n del ciclo escolar. Hagamos un esfuerzo para traer la mayor cantidad de residuos posibles y cerrar el a\u00f1o con broche de oro. Adem\u00e1s de los residuos que traemos cada mes, esta recolecci\u00f3n es especialmente de papel:&hellip; <\/p>\n","protected":false},"author":2,"featured_media":134111,"comment_status":"closed","ping_status":"closed","sticky":false,"template":"","format":"standard","meta":{"ngg_post_thumbnail":0},"categories":[17],"tags":[],"_links":{"self":[{"href":"https:\/\/www.villaeducativa.edu.mx\/newspaper\/index.php?rest_route=\/wp\/v2\/posts\/134109"}],"collection":[{"href":"https:\/\/www.villaeducativa.edu.mx\/newspaper\/index.php?rest_route=\/wp\/v2\/posts"}],"about":[{"href":"https:\/\/www.villaeducativa.edu.mx\/newspaper\/index.php?rest_route=\/wp\/v2\/types\/post"}],"author":[{"embeddable":true,"href":"https:\/\/www.villaeducativa.edu.mx\/newspaper\/index.php?rest_route=\/wp\/v2\/users\/2"}],"replies":[{"embeddable":true,"href":"https:\/\/www.villaeducativa.edu.mx\/newspaper\/index.php?rest_route=%2Fwp%2Fv2%2Fcomments&post=134109"}],"version-history":[{"count":3,"href":"https:\/\/www.villaeducativa.edu.mx\/newspaper\/index.php?rest_route=\/wp\/v2\/posts\/134109\/revisions"}],"predecessor-version":[{"id":134169,"href":"https:\/\/www.villaeducativa.edu.mx\/newspaper\/index.php?rest_route=\/wp\/v2\/posts\/134109\/revisions\/134169"}],"wp:featuredmedia":[{"embeddable":true,"href":"https:\/\/www.villaeducativa.edu.mx\/newspaper\/index.php?rest_route=\/wp\/v2\/media\/134111"}],"wp:attachment":[{"href":"https:\/\/www.villaeducativa.edu.mx\/newspaper\/index.php?rest_route=%2Fwp%2Fv2%2Fmedia&parent=134109"}],"wp:term":[{"taxonomy":"category","embeddable":true,"href":"https:\/\/www.villaeducativa.edu.mx\/newspaper\/index.php?rest_route=%2Fwp%2Fv2%2Fcategories&post=134109"},{"taxonomy":"post_tag","embeddable":true,"href":"https:\/\/www.villaeducativa.edu.mx\/newspaper\/index.php?rest_route=%2Fwp%2Fv2%2Ftags&post=134109"}],"curies":[{"name":"wp","href":"https:\/\/api.w.org\/{rel}","templated":true}]}}