{"id":134074,"date":"2025-06-17T07:15:00","date_gmt":"2025-06-17T12:15:00","guid":{"rendered":"https:\/\/www.villaeducativa.edu.mx\/newspaper\/?p=134074"},"modified":"2025-06-17T15:12:42","modified_gmt":"2025-06-17T20:12:42","slug":"cheer-and-dance-participacion-en-dia-de-la-familia","status":"publish","type":"post","link":"https:\/\/www.villaeducativa.edu.mx\/newspaper\/?p=134074","title":{"rendered":"Cheer and Dance: Participaci\u00f3n en el D\u00eda de la Familia"},"content":{"rendered":"\n<p>Nuestros equipos de Cheer participan dependiendo del d\u00eda de su categor\u00eda.<\/p>\n\n\n\n<p><strong>Primaria Baja:<\/strong> Participa el <strong>jueves 26<\/strong> y <strong>viernes 27<\/strong> en un horario de 8:00 a 10:00 a.m. Ustedes podr\u00e1n ver a sus hijas en el d\u00eda y horario que corresponde a sus grados y grupos.<\/p>\n\n\n\n<p><strong>Primaria Alta: <\/strong>Participan el <strong>jueves 26<\/strong> en un horario de 10:30 a.m. a 13:00 p.m. Ustedes podr\u00e1n ver a sus hijas en el d\u00eda y horario que corresponde a sus grados y grupos.<\/p>\n\n\n\n<p>*Es importante que los alumnos participen en estos horarios, ya que se necesitan a todos los chicos para poder realizar la rutina.<\/p>\n\n\n\n<p><span class=\"has-inline-color has-vivid-cyan-blue-color\"><strong>Berenice \u00c1ngeles<\/strong><br><em>Coordinadora de Club AfterSchool<\/em><br><br><strong>Paola S\u00e1nchez&nbsp;<br><\/strong><em>Cheer Coach&nbsp;<\/em><\/span><\/p>\n","protected":false},"excerpt":{"rendered":"<p>Nuestros equipos de Cheer participan dependiendo del d\u00eda de su categor\u00eda. Primaria Baja: Participa el jueves 26 y viernes 27 en un horario de 8:00 a 10:00 a.m. Ustedes podr\u00e1n ver a sus hijas en el d\u00eda y horario que corresponde a sus grados y grupos. Primaria Alta: Participan el&hellip; <\/p>\n","protected":false},"author":2,"featured_media":134075,"comment_status":"closed","ping_status":"closed","sticky":false,"template":"","format":"standard","meta":{"ngg_post_thumbnail":0},"categories":[5],"tags":[],"_links":{"self":[{"href":"https:\/\/www.villaeducativa.edu.mx\/newspaper\/index.php?rest_route=\/wp\/v2\/posts\/134074"}],"collection":[{"href":"https:\/\/www.villaeducativa.edu.mx\/newspaper\/index.php?rest_route=\/wp\/v2\/posts"}],"about":[{"href":"https:\/\/www.villaeducativa.edu.mx\/newspaper\/index.php?rest_route=\/wp\/v2\/types\/post"}],"author":[{"embeddable":true,"href":"https:\/\/www.villaeducativa.edu.mx\/newspaper\/index.php?rest_route=\/wp\/v2\/users\/2"}],"replies":[{"embeddable":true,"href":"https:\/\/www.villaeducativa.edu.mx\/newspaper\/index.php?rest_route=%2Fwp%2Fv2%2Fcomments&post=134074"}],"version-history":[{"count":4,"href":"https:\/\/www.villaeducativa.edu.mx\/newspaper\/index.php?rest_route=\/wp\/v2\/posts\/134074\/revisions"}],"predecessor-version":[{"id":134195,"href":"https:\/\/www.villaeducativa.edu.mx\/newspaper\/index.php?rest_route=\/wp\/v2\/posts\/134074\/revisions\/134195"}],"wp:featuredmedia":[{"embeddable":true,"href":"https:\/\/www.villaeducativa.edu.mx\/newspaper\/index.php?rest_route=\/wp\/v2\/media\/134075"}],"wp:attachment":[{"href":"https:\/\/www.villaeducativa.edu.mx\/newspaper\/index.php?rest_route=%2Fwp%2Fv2%2Fmedia&parent=134074"}],"wp:term":[{"taxonomy":"category","embeddable":true,"href":"https:\/\/www.villaeducativa.edu.mx\/newspaper\/index.php?rest_route=%2Fwp%2Fv2%2Fcategories&post=134074"},{"taxonomy":"post_tag","embeddable":true,"href":"https:\/\/www.villaeducativa.edu.mx\/newspaper\/index.php?rest_route=%2Fwp%2Fv2%2Ftags&post=134074"}],"curies":[{"name":"wp","href":"https:\/\/api.w.org\/{rel}","templated":true}]}}