{"id":134071,"date":"2025-06-17T07:20:00","date_gmt":"2025-06-17T12:20:00","guid":{"rendered":"https:\/\/www.villaeducativa.edu.mx\/newspaper\/?p=134071"},"modified":"2025-06-17T15:10:09","modified_gmt":"2025-06-17T20:10:09","slug":"entrega-de-diplomas-de-karate","status":"publish","type":"post","link":"https:\/\/www.villaeducativa.edu.mx\/newspaper\/?p=134071","title":{"rendered":"Entrega de diplomas de Karate"},"content":{"rendered":"\n<p>Queremos compartirles a los pap\u00e1s de Karate de Primaria Baja, Alta y High que s\u00ed tendremos entrega de diplomas y cambios de cintas para todos nuestros alumnos que presentar\u00e1n el examen en la semana del 16 al 20 de junio.<\/p>\n\n\n\n<p>La entrega se har\u00e1 el viernes 11 de julio en el Gym a las 3:00 p.m. para primaria baja y a las 4:00 p.m. para primaria alta y Villa High, cerrando con esto las clases de este ciclo escolar y listos para comenzar un nuevo reto.<\/p>\n\n\n\n<p><strong><span class=\"has-inline-color has-vivid-cyan-blue-color\">Berenice \u00c1ngeles<br><\/span><\/strong><span class=\"has-inline-color has-vivid-cyan-blue-color\"><em>Coordinadora de Club AfterSchool<\/em><\/span><\/p>\n","protected":false},"excerpt":{"rendered":"<p>Queremos compartirles a los pap\u00e1s de Karate de Primaria Baja, Alta y High que s\u00ed tendremos entrega de diplomas y cambios de cintas para todos nuestros alumnos que presentar\u00e1n el examen en la semana del 16 al 20 de junio. La entrega se har\u00e1 el viernes 11 de julio en&hellip; <\/p>\n","protected":false},"author":2,"featured_media":134073,"comment_status":"closed","ping_status":"closed","sticky":false,"template":"","format":"standard","meta":{"ngg_post_thumbnail":0},"categories":[5],"tags":[],"_links":{"self":[{"href":"https:\/\/www.villaeducativa.edu.mx\/newspaper\/index.php?rest_route=\/wp\/v2\/posts\/134071"}],"collection":[{"href":"https:\/\/www.villaeducativa.edu.mx\/newspaper\/index.php?rest_route=\/wp\/v2\/posts"}],"about":[{"href":"https:\/\/www.villaeducativa.edu.mx\/newspaper\/index.php?rest_route=\/wp\/v2\/types\/post"}],"author":[{"embeddable":true,"href":"https:\/\/www.villaeducativa.edu.mx\/newspaper\/index.php?rest_route=\/wp\/v2\/users\/2"}],"replies":[{"embeddable":true,"href":"https:\/\/www.villaeducativa.edu.mx\/newspaper\/index.php?rest_route=%2Fwp%2Fv2%2Fcomments&post=134071"}],"version-history":[{"count":3,"href":"https:\/\/www.villaeducativa.edu.mx\/newspaper\/index.php?rest_route=\/wp\/v2\/posts\/134071\/revisions"}],"predecessor-version":[{"id":134191,"href":"https:\/\/www.villaeducativa.edu.mx\/newspaper\/index.php?rest_route=\/wp\/v2\/posts\/134071\/revisions\/134191"}],"wp:featuredmedia":[{"embeddable":true,"href":"https:\/\/www.villaeducativa.edu.mx\/newspaper\/index.php?rest_route=\/wp\/v2\/media\/134073"}],"wp:attachment":[{"href":"https:\/\/www.villaeducativa.edu.mx\/newspaper\/index.php?rest_route=%2Fwp%2Fv2%2Fmedia&parent=134071"}],"wp:term":[{"taxonomy":"category","embeddable":true,"href":"https:\/\/www.villaeducativa.edu.mx\/newspaper\/index.php?rest_route=%2Fwp%2Fv2%2Fcategories&post=134071"},{"taxonomy":"post_tag","embeddable":true,"href":"https:\/\/www.villaeducativa.edu.mx\/newspaper\/index.php?rest_route=%2Fwp%2Fv2%2Ftags&post=134071"}],"curies":[{"name":"wp","href":"https:\/\/api.w.org\/{rel}","templated":true}]}}