{"id":134039,"date":"2025-06-17T09:15:00","date_gmt":"2025-06-17T14:15:00","guid":{"rendered":"https:\/\/www.villaeducativa.edu.mx\/newspaper\/?p=134039"},"modified":"2025-06-17T13:33:35","modified_gmt":"2025-06-17T18:33:35","slug":"summit-digital-moders-la-adolescencia-un-reto-posible-de-vivir-en-armonia-con-nuestros-hijos","status":"publish","type":"post","link":"https:\/\/www.villaeducativa.edu.mx\/newspaper\/?p=134039","title":{"rendered":"\u201cSummit Digital Moders\u201d: La adolescencia, un reto posible de vivir en armon\u00eda con nuestros hijos."},"content":{"rendered":"\n<p>Sabemos que la adolescencia es una etapa llena de cambios tanto para nuestros hijos como para nosotras, las madres. Ahora tenemos una poderosa herramienta que nos ayudar\u00e1 a comprender los cambios tanto f\u00edsicos como mentales de nuestros hijos, y lograr una relaci\u00f3n arm\u00f3nica basada en el amor.\u00a0\u00a0\u00a0\u00a0\u00a0\u00a0\u00a0\u00a0\u00a0\u00a0\u00a0\u00a0\u00a0\u00a0\u00a0\u00a0\u00a0\u00a0\u00a0\u00a0\u00a0\u00a0\u00a0\u00a0\u00a0\u00a0\u00a0\u00a0\u00a0\u00a0<\/p>\n\n\n\n<p>\u00bfQU\u00c9 ES <strong>MODERS<\/strong>?<\/p>\n\n\n\n<p>Es un foro en donde diversos especialistas nos ense\u00f1an a guiar, comprender y establecer relaciones sanas con nuestros hijos en la etapa adolescente. Invitamos a todas las mam\u00e1s de primaria alta y secundaria a revivir este gran evento, ahora en formato virtual <strong>\u201cSummit Digital Moders\u201d,<\/strong> con 12 interesantes conferencias que podr\u00e1n ver las veces quieran.<\/p>\n\n\n\n<p>Les enviamos el enlace con toda la informaci\u00f3n necesaria para que vivan esta maravillosa experiencia. \u00a1No se lo pierdan!<\/p>\n\n\n\n<p>\u00danete a MODERS por $650 pesos, obt\u00e9n el 15% de descuento con el c\u00f3digo: Pili15<\/p>\n\n\n\n<p>#VenAModers<\/p>\n\n\n\n<p><a href=\"http:\/\/www.moders.com.mx\/\">http:\/\/www.moders.com.mx\/<\/a><\/p>\n\n\n\n<p><strong><span class=\"has-inline-color has-vivid-cyan-blue-color\">Adriana Esparza<br><\/span><\/strong><span class=\"has-inline-color has-vivid-cyan-blue-color\"><em>Servicios Escolares<\/em><\/span><\/p>\n","protected":false},"excerpt":{"rendered":"<p>Sabemos que la adolescencia es una etapa llena de cambios tanto para nuestros hijos como para nosotras, las madres. Ahora tenemos una poderosa herramienta que nos ayudar\u00e1 a comprender los cambios tanto f\u00edsicos como mentales de nuestros hijos, y lograr una relaci\u00f3n arm\u00f3nica basada en el amor.\u00a0\u00a0\u00a0\u00a0\u00a0\u00a0\u00a0\u00a0\u00a0\u00a0\u00a0\u00a0\u00a0\u00a0\u00a0\u00a0\u00a0\u00a0\u00a0\u00a0\u00a0\u00a0\u00a0\u00a0\u00a0\u00a0\u00a0\u00a0\u00a0\u00a0 \u00bfQU\u00c9 ES MODERS?&hellip; <\/p>\n","protected":false},"author":2,"featured_media":134058,"comment_status":"closed","ping_status":"closed","sticky":false,"template":"","format":"standard","meta":{"ngg_post_thumbnail":0},"categories":[17],"tags":[],"_links":{"self":[{"href":"https:\/\/www.villaeducativa.edu.mx\/newspaper\/index.php?rest_route=\/wp\/v2\/posts\/134039"}],"collection":[{"href":"https:\/\/www.villaeducativa.edu.mx\/newspaper\/index.php?rest_route=\/wp\/v2\/posts"}],"about":[{"href":"https:\/\/www.villaeducativa.edu.mx\/newspaper\/index.php?rest_route=\/wp\/v2\/types\/post"}],"author":[{"embeddable":true,"href":"https:\/\/www.villaeducativa.edu.mx\/newspaper\/index.php?rest_route=\/wp\/v2\/users\/2"}],"replies":[{"embeddable":true,"href":"https:\/\/www.villaeducativa.edu.mx\/newspaper\/index.php?rest_route=%2Fwp%2Fv2%2Fcomments&post=134039"}],"version-history":[{"count":2,"href":"https:\/\/www.villaeducativa.edu.mx\/newspaper\/index.php?rest_route=\/wp\/v2\/posts\/134039\/revisions"}],"predecessor-version":[{"id":134167,"href":"https:\/\/www.villaeducativa.edu.mx\/newspaper\/index.php?rest_route=\/wp\/v2\/posts\/134039\/revisions\/134167"}],"wp:featuredmedia":[{"embeddable":true,"href":"https:\/\/www.villaeducativa.edu.mx\/newspaper\/index.php?rest_route=\/wp\/v2\/media\/134058"}],"wp:attachment":[{"href":"https:\/\/www.villaeducativa.edu.mx\/newspaper\/index.php?rest_route=%2Fwp%2Fv2%2Fmedia&parent=134039"}],"wp:term":[{"taxonomy":"category","embeddable":true,"href":"https:\/\/www.villaeducativa.edu.mx\/newspaper\/index.php?rest_route=%2Fwp%2Fv2%2Fcategories&post=134039"},{"taxonomy":"post_tag","embeddable":true,"href":"https:\/\/www.villaeducativa.edu.mx\/newspaper\/index.php?rest_route=%2Fwp%2Fv2%2Ftags&post=134039"}],"curies":[{"name":"wp","href":"https:\/\/api.w.org\/{rel}","templated":true}]}}