{"id":133807,"date":"2025-06-10T07:28:00","date_gmt":"2025-06-10T12:28:00","guid":{"rendered":"https:\/\/www.villaeducativa.edu.mx\/newspaper\/?p=133807"},"modified":"2025-06-10T15:59:29","modified_gmt":"2025-06-10T20:59:29","slug":"informacion-del-examen-de-karate","status":"publish","type":"post","link":"https:\/\/www.villaeducativa.edu.mx\/newspaper\/?p=133807","title":{"rendered":"Informaci\u00f3n del examen de Karate"},"content":{"rendered":"\n<p>Les recordamos el pago del examen de Karate, que deber\u00e1 ser cubierto en Servicios Escolares en un horario de 8:00 a.m. a 15:00 p.m. antes del 13 de junio (\u00fanicamente pago en efectivo). El pago incluye la aplicaci\u00f3n del examen, registro, expedici\u00f3n del diploma, grado y\/o cinta correspondiente, ante la organizaci\u00f3n a la cual pertenecen nuestros alumnos.\u00a0\u00a0\u00a0\u00a0<\/p>\n\n\n\n<p><span class=\"has-inline-color has-vivid-cyan-blue-color\"><strong>Berenice \u00c1ngeles<\/strong><br><em>Coordinadora de Club AfterSchool<\/em><\/span><\/p>\n","protected":false},"excerpt":{"rendered":"<p>Les recordamos el pago del examen de Karate, que deber\u00e1 ser cubierto en Servicios Escolares en un horario de 8:00 a.m. a 15:00 p.m. antes del 13 de junio (\u00fanicamente pago en efectivo). El pago incluye la aplicaci\u00f3n del examen, registro, expedici\u00f3n del diploma, grado y\/o cinta correspondiente, ante la&hellip; <\/p>\n","protected":false},"author":2,"featured_media":133808,"comment_status":"closed","ping_status":"closed","sticky":false,"template":"","format":"standard","meta":{"ngg_post_thumbnail":0},"categories":[5],"tags":[],"_links":{"self":[{"href":"https:\/\/www.villaeducativa.edu.mx\/newspaper\/index.php?rest_route=\/wp\/v2\/posts\/133807"}],"collection":[{"href":"https:\/\/www.villaeducativa.edu.mx\/newspaper\/index.php?rest_route=\/wp\/v2\/posts"}],"about":[{"href":"https:\/\/www.villaeducativa.edu.mx\/newspaper\/index.php?rest_route=\/wp\/v2\/types\/post"}],"author":[{"embeddable":true,"href":"https:\/\/www.villaeducativa.edu.mx\/newspaper\/index.php?rest_route=\/wp\/v2\/users\/2"}],"replies":[{"embeddable":true,"href":"https:\/\/www.villaeducativa.edu.mx\/newspaper\/index.php?rest_route=%2Fwp%2Fv2%2Fcomments&post=133807"}],"version-history":[{"count":2,"href":"https:\/\/www.villaeducativa.edu.mx\/newspaper\/index.php?rest_route=\/wp\/v2\/posts\/133807\/revisions"}],"predecessor-version":[{"id":133871,"href":"https:\/\/www.villaeducativa.edu.mx\/newspaper\/index.php?rest_route=\/wp\/v2\/posts\/133807\/revisions\/133871"}],"wp:featuredmedia":[{"embeddable":true,"href":"https:\/\/www.villaeducativa.edu.mx\/newspaper\/index.php?rest_route=\/wp\/v2\/media\/133808"}],"wp:attachment":[{"href":"https:\/\/www.villaeducativa.edu.mx\/newspaper\/index.php?rest_route=%2Fwp%2Fv2%2Fmedia&parent=133807"}],"wp:term":[{"taxonomy":"category","embeddable":true,"href":"https:\/\/www.villaeducativa.edu.mx\/newspaper\/index.php?rest_route=%2Fwp%2Fv2%2Fcategories&post=133807"},{"taxonomy":"post_tag","embeddable":true,"href":"https:\/\/www.villaeducativa.edu.mx\/newspaper\/index.php?rest_route=%2Fwp%2Fv2%2Ftags&post=133807"}],"curies":[{"name":"wp","href":"https:\/\/api.w.org\/{rel}","templated":true}]}}