{"id":133180,"date":"2025-06-10T09:10:00","date_gmt":"2025-06-10T14:10:00","guid":{"rendered":"https:\/\/www.villaeducativa.edu.mx\/newspaper\/?p=133180"},"modified":"2025-06-10T14:40:19","modified_gmt":"2025-06-10T19:40:19","slug":"se-abre-tienda-de-estante-magico","status":"publish","type":"post","link":"https:\/\/www.villaeducativa.edu.mx\/newspaper\/?p=133180","title":{"rendered":"\u00a1Se abre tienda de Estante M\u00e1gico!"},"content":{"rendered":"\n<p>Si desean adquirir alg\u00fan ejemplar del libro de Estante M\u00e1gico de sus hijos, la tienda estar\u00e1 abierta hasta el 14 de junio a las 9:00 p.m.<\/p>\n\n\n\n<div class=\"wp-block-image\"><figure class=\"aligncenter size-large is-resized\"><a href=\"https:\/\/tienda.estantemagico.com\/\" target=\"_blank\" rel=\"noopener\"><img loading=\"lazy\" src=\"https:\/\/www.villaeducativa.edu.mx\/newspaper\/wp-content\/uploads\/2025\/06\/estantetienda.jpg\" alt=\"\" class=\"wp-image-133181\" width=\"680\" height=\"382\" srcset=\"https:\/\/www.villaeducativa.edu.mx\/newspaper\/wp-content\/uploads\/2025\/06\/estantetienda.jpg 960w, https:\/\/www.villaeducativa.edu.mx\/newspaper\/wp-content\/uploads\/2025\/06\/estantetienda-300x169.jpg 300w, https:\/\/www.villaeducativa.edu.mx\/newspaper\/wp-content\/uploads\/2025\/06\/estantetienda-768x432.jpg 768w, https:\/\/www.villaeducativa.edu.mx\/newspaper\/wp-content\/uploads\/2025\/06\/estantetienda-600x338.jpg 600w\" sizes=\"(max-width: 680px) 100vw, 680px\" \/><\/a><\/figure><\/div>\n\n\n\n<p>El proceso de compra es a trav\u00e9s de la tienda virtual <a href=\"https:\/\/tienda.estantemagico.com\/\"><em><span class=\"has-inline-color has-vivid-cyan-blue-color\">https:\/\/tienda.estantemagico.com\/<\/span><\/em><\/a><\/p>\n\n\n\n<p>Al igual que la primera vez, deben ingresar el c\u00f3digo m\u00e1gico de su hijo y elegir cu\u00e1ntas unidades quieren comprar.<\/p>\n\n\n\n<p>Todos los libros llegar\u00e1n a la escuela antes de que salgamos de vacaciones.<\/p>\n\n\n\n<p><strong><span class=\"has-inline-color has-vivid-cyan-blue-color\">Karla Renter\u00eda<br><\/span><\/strong><span class=\"has-inline-color has-vivid-cyan-blue-color\"><em>Direcci\u00f3n Acad\u00e9mica<\/em><\/span><\/p>\n","protected":false},"excerpt":{"rendered":"<p>Si desean adquirir alg\u00fan ejemplar del libro de Estante M\u00e1gico de sus hijos, la tienda estar\u00e1 abierta hasta el 14 de junio a las 9:00 p.m. El proceso de compra es a trav\u00e9s de la tienda virtual https:\/\/tienda.estantemagico.com\/ Al igual que la primera vez, deben ingresar el c\u00f3digo m\u00e1gico de&hellip; <\/p>\n","protected":false},"author":2,"featured_media":133182,"comment_status":"closed","ping_status":"closed","sticky":false,"template":"","format":"standard","meta":{"ngg_post_thumbnail":0},"categories":[17],"tags":[],"_links":{"self":[{"href":"https:\/\/www.villaeducativa.edu.mx\/newspaper\/index.php?rest_route=\/wp\/v2\/posts\/133180"}],"collection":[{"href":"https:\/\/www.villaeducativa.edu.mx\/newspaper\/index.php?rest_route=\/wp\/v2\/posts"}],"about":[{"href":"https:\/\/www.villaeducativa.edu.mx\/newspaper\/index.php?rest_route=\/wp\/v2\/types\/post"}],"author":[{"embeddable":true,"href":"https:\/\/www.villaeducativa.edu.mx\/newspaper\/index.php?rest_route=\/wp\/v2\/users\/2"}],"replies":[{"embeddable":true,"href":"https:\/\/www.villaeducativa.edu.mx\/newspaper\/index.php?rest_route=%2Fwp%2Fv2%2Fcomments&post=133180"}],"version-history":[{"count":2,"href":"https:\/\/www.villaeducativa.edu.mx\/newspaper\/index.php?rest_route=\/wp\/v2\/posts\/133180\/revisions"}],"predecessor-version":[{"id":133832,"href":"https:\/\/www.villaeducativa.edu.mx\/newspaper\/index.php?rest_route=\/wp\/v2\/posts\/133180\/revisions\/133832"}],"wp:featuredmedia":[{"embeddable":true,"href":"https:\/\/www.villaeducativa.edu.mx\/newspaper\/index.php?rest_route=\/wp\/v2\/media\/133182"}],"wp:attachment":[{"href":"https:\/\/www.villaeducativa.edu.mx\/newspaper\/index.php?rest_route=%2Fwp%2Fv2%2Fmedia&parent=133180"}],"wp:term":[{"taxonomy":"category","embeddable":true,"href":"https:\/\/www.villaeducativa.edu.mx\/newspaper\/index.php?rest_route=%2Fwp%2Fv2%2Fcategories&post=133180"},{"taxonomy":"post_tag","embeddable":true,"href":"https:\/\/www.villaeducativa.edu.mx\/newspaper\/index.php?rest_route=%2Fwp%2Fv2%2Ftags&post=133180"}],"curies":[{"name":"wp","href":"https:\/\/api.w.org\/{rel}","templated":true}]}}