{"id":132833,"date":"2025-06-03T09:10:44","date_gmt":"2025-06-03T14:10:44","guid":{"rendered":"https:\/\/www.villaeducativa.edu.mx\/newspaper\/?p=132833"},"modified":"2025-06-03T12:45:36","modified_gmt":"2025-06-03T17:45:36","slug":"armado-de-grupos-formato-de-amigos-2025","status":"publish","type":"post","link":"https:\/\/www.villaeducativa.edu.mx\/newspaper\/?p=132833","title":{"rendered":"Armado de grupos: Formato de amigos 2025"},"content":{"rendered":"\n<p id=\"block-af8dbff4-f53d-43ca-8e89-7beb019f70a4\">Les recordamos enviar sus tres opciones de amigos con los que les gustar\u00eda que estuviera su hijo el pr\u00f3ximo ciclo escolar. De esas tres opciones nosotros les aseguramos que estar\u00e1 por lo menos con uno (<em>siempre y cuando esto sea ben\u00e9fico para el aprendizaje de los alumnos<\/em>), independientemente del orden en el que los hayan escrito.<\/p>\n\n\n\n<p id=\"block-9d4c6f8b-c287-423d-a813-80388b58206a\">Por favor completen el siguiente formulario, dependiendo del nivel educativo que <strong>actualmente<\/strong> cursan sus hijos:<\/p>\n\n\n\n<ul id=\"block-2db25ff3-8dd0-4b11-9d06-fe308d59e9cd\"><li><strong><a href=\"https:\/\/forms.gle\/x2HLkPDtBMk7pcEa9\">Happy Kinder<\/a><\/strong><\/li><li><strong><a href=\"https:\/\/forms.gle\/AdSsr9GJ1K3rnn919\">Villa Educativa Primaria Baja<\/a><\/strong><\/li><li><strong><a href=\"https:\/\/forms.gle\/vMztb1gzzJBUxS7R8\">Villa Educativa Primaria Alta<\/a><\/strong><\/li><\/ul>\n\n\n\n<p id=\"block-34c8c133-52e0-48d6-9b1e-c2317a26a953\">En el caso de secundaria, queremos fomentar la autonom\u00eda e independencia en nuestros alumnos, por lo que a partir de este a\u00f1o, ellos llenar\u00e1n sus opciones de amigos en la escuela.<\/p>\n\n\n\n<p id=\"block-2c4d726b-44ac-41bc-a204-e55ae1dcf79d\">El \u00faltimo d\u00eda para recibir respuestas del formulario para los 3 niveles, ser\u00e1 el martes 10 de junio. Si no recibimos respuesta, entenderemos que no tienen ninguna preferencia sobre los compa\u00f1eros de su hijo para el pr\u00f3ximo ciclo.<\/p>\n\n\n\n<p id=\"block-6a266175-aef7-4998-aa74-dd83d6bec9c6\"><strong><span class=\"has-inline-color has-vivid-cyan-blue-color\">Karla Renter\u00eda<br><\/span><\/strong><em><span class=\"has-inline-color has-vivid-cyan-blue-color\">Directora Acad\u00e9mica<\/span><\/em><\/p>\n","protected":false},"excerpt":{"rendered":"<p>Les recordamos enviar sus tres opciones de amigos con los que les gustar\u00eda que estuviera su hijo el pr\u00f3ximo ciclo escolar. De esas tres opciones nosotros les aseguramos que estar\u00e1 por lo menos con uno (siempre y cuando esto sea ben\u00e9fico para el aprendizaje de los alumnos), independientemente del orden en el que los hayan escrito&#8230;<\/p>\n","protected":false},"author":2,"featured_media":132834,"comment_status":"closed","ping_status":"closed","sticky":false,"template":"","format":"standard","meta":{"ngg_post_thumbnail":0},"categories":[17],"tags":[],"_links":{"self":[{"href":"https:\/\/www.villaeducativa.edu.mx\/newspaper\/index.php?rest_route=\/wp\/v2\/posts\/132833"}],"collection":[{"href":"https:\/\/www.villaeducativa.edu.mx\/newspaper\/index.php?rest_route=\/wp\/v2\/posts"}],"about":[{"href":"https:\/\/www.villaeducativa.edu.mx\/newspaper\/index.php?rest_route=\/wp\/v2\/types\/post"}],"author":[{"embeddable":true,"href":"https:\/\/www.villaeducativa.edu.mx\/newspaper\/index.php?rest_route=\/wp\/v2\/users\/2"}],"replies":[{"embeddable":true,"href":"https:\/\/www.villaeducativa.edu.mx\/newspaper\/index.php?rest_route=%2Fwp%2Fv2%2Fcomments&post=132833"}],"version-history":[{"count":2,"href":"https:\/\/www.villaeducativa.edu.mx\/newspaper\/index.php?rest_route=\/wp\/v2\/posts\/132833\/revisions"}],"predecessor-version":[{"id":132880,"href":"https:\/\/www.villaeducativa.edu.mx\/newspaper\/index.php?rest_route=\/wp\/v2\/posts\/132833\/revisions\/132880"}],"wp:featuredmedia":[{"embeddable":true,"href":"https:\/\/www.villaeducativa.edu.mx\/newspaper\/index.php?rest_route=\/wp\/v2\/media\/132834"}],"wp:attachment":[{"href":"https:\/\/www.villaeducativa.edu.mx\/newspaper\/index.php?rest_route=%2Fwp%2Fv2%2Fmedia&parent=132833"}],"wp:term":[{"taxonomy":"category","embeddable":true,"href":"https:\/\/www.villaeducativa.edu.mx\/newspaper\/index.php?rest_route=%2Fwp%2Fv2%2Fcategories&post=132833"},{"taxonomy":"post_tag","embeddable":true,"href":"https:\/\/www.villaeducativa.edu.mx\/newspaper\/index.php?rest_route=%2Fwp%2Fv2%2Ftags&post=132833"}],"curies":[{"name":"wp","href":"https:\/\/api.w.org\/{rel}","templated":true}]}}