{"id":132785,"date":"2025-06-03T07:20:00","date_gmt":"2025-06-03T12:20:00","guid":{"rendered":"https:\/\/www.villaeducativa.edu.mx\/newspaper\/?p=132785"},"modified":"2025-06-03T15:03:39","modified_gmt":"2025-06-03T20:03:39","slug":"informacion-de-examen-de-karate","status":"publish","type":"post","link":"https:\/\/www.villaeducativa.edu.mx\/newspaper\/?p=132785","title":{"rendered":"Informaci\u00f3n del examen de Karate"},"content":{"rendered":"\n<p>El per\u00edodo escolar est\u00e1 llegando a su fin y la clase de karatedo est\u00e1 culminando un ciclo.&nbsp; Como se les inform\u00f3 al inicio del per\u00edodo escolar, la clase de karatedo impartida por el Sensei Mauricio Briffault Le\u00f3n est\u00e1 avalada por la International Okinawan Goju-Ryu Karatedo Federation (IOGKF), con reconocimiento a nivel mundial.<\/p>\n\n\n\n<p>Como parte del crecimiento de nuestros alumnos, tendr\u00e1n la oportunidad de presentar un examen que avalar\u00e1 el nivel aprendido, estando en posibilidades de obtener la certificaci\u00f3n en dicho grado (KYU). <\/p>\n\n\n\n<p>El examen solo se aplica una vez en el a\u00f1o y ser\u00e1 presentado a puerta cerrada dentro de su clase regular, en la semana del&nbsp;16 al 20 de junio de 2025. De manera personal se les har\u00e1 llegar informaci\u00f3n de los costos.<\/p>\n\n\n\n<p>El costo del examen deber\u00e1 ser cubierto en Servicios Escolares en un horario de 8:00 a.m. a 15:00 p.m. antes del 13 de junio (\u00fanicamente pago en efectivo). El pago incluye la aplicaci\u00f3n del examen, registro, expedici\u00f3n del diploma, grado y\/o cinta correspondiente, ante la organizaci\u00f3n a la cual pertenecen nuestros alumnos.&nbsp;&nbsp;&nbsp;&nbsp;<\/p>\n\n\n\n<p>La entrega de grados y diplomas para los alumnos que hayan acreditado el examen se realizar\u00e1 regresando de vacaciones (ciclo escolar 25-26).<\/p>\n\n\n\n<p>Agradecemos sus atenciones y la constancia demostrada a lo largo del ciclo escolar. Quedamos a sus \u00f3rdenes para cualquier duda<\/p>\n\n\n\n<p><span class=\"has-inline-color has-vivid-cyan-blue-color\"><strong>Sensei Mauricio Briffault Le\u00f3n<\/strong><br><em>IOGKF<\/em><\/span><\/p>\n\n\n\n<p><span class=\"has-inline-color has-vivid-cyan-blue-color\"><strong>Berenice \u00c1ngeles<\/strong><br><em>Coordinadora de Club<\/em><\/span><\/p>\n","protected":false},"excerpt":{"rendered":"<p>El per\u00edodo escolar est\u00e1 llegando a su fin y la clase de karatedo est\u00e1 culminando un ciclo.&nbsp; Como se les inform\u00f3 al inicio del per\u00edodo escolar, la clase de karatedo impartida por el Sensei Mauricio Briffault Le\u00f3n est\u00e1 avalada por la International Okinawan Goju-Ryu Karatedo Federation (IOGKF), con reconocimiento a&hellip; <\/p>\n","protected":false},"author":2,"featured_media":132879,"comment_status":"closed","ping_status":"closed","sticky":false,"template":"","format":"standard","meta":{"ngg_post_thumbnail":0},"categories":[5],"tags":[],"_links":{"self":[{"href":"https:\/\/www.villaeducativa.edu.mx\/newspaper\/index.php?rest_route=\/wp\/v2\/posts\/132785"}],"collection":[{"href":"https:\/\/www.villaeducativa.edu.mx\/newspaper\/index.php?rest_route=\/wp\/v2\/posts"}],"about":[{"href":"https:\/\/www.villaeducativa.edu.mx\/newspaper\/index.php?rest_route=\/wp\/v2\/types\/post"}],"author":[{"embeddable":true,"href":"https:\/\/www.villaeducativa.edu.mx\/newspaper\/index.php?rest_route=\/wp\/v2\/users\/2"}],"replies":[{"embeddable":true,"href":"https:\/\/www.villaeducativa.edu.mx\/newspaper\/index.php?rest_route=%2Fwp%2Fv2%2Fcomments&post=132785"}],"version-history":[{"count":3,"href":"https:\/\/www.villaeducativa.edu.mx\/newspaper\/index.php?rest_route=\/wp\/v2\/posts\/132785\/revisions"}],"predecessor-version":[{"id":132915,"href":"https:\/\/www.villaeducativa.edu.mx\/newspaper\/index.php?rest_route=\/wp\/v2\/posts\/132785\/revisions\/132915"}],"wp:featuredmedia":[{"embeddable":true,"href":"https:\/\/www.villaeducativa.edu.mx\/newspaper\/index.php?rest_route=\/wp\/v2\/media\/132879"}],"wp:attachment":[{"href":"https:\/\/www.villaeducativa.edu.mx\/newspaper\/index.php?rest_route=%2Fwp%2Fv2%2Fmedia&parent=132785"}],"wp:term":[{"taxonomy":"category","embeddable":true,"href":"https:\/\/www.villaeducativa.edu.mx\/newspaper\/index.php?rest_route=%2Fwp%2Fv2%2Fcategories&post=132785"},{"taxonomy":"post_tag","embeddable":true,"href":"https:\/\/www.villaeducativa.edu.mx\/newspaper\/index.php?rest_route=%2Fwp%2Fv2%2Ftags&post=132785"}],"curies":[{"name":"wp","href":"https:\/\/api.w.org\/{rel}","templated":true}]}}