{"id":132698,"date":"2025-06-03T08:07:50","date_gmt":"2025-06-03T13:07:50","guid":{"rendered":"https:\/\/www.villaeducativa.edu.mx\/newspaper\/?p=132698"},"modified":"2025-06-03T14:08:03","modified_gmt":"2025-06-03T19:08:03","slug":"celebramos-a-nuestros-finalistas-de-la-olimpiada-progrentis-2025","status":"publish","type":"post","link":"https:\/\/www.villaeducativa.edu.mx\/newspaper\/?p=132698","title":{"rendered":"5o y 6o: \u00a1Celebramos a nuestros finalistas de la Olimpiada Progrentis 2025!"},"content":{"rendered":"\n<p>\u00a1En Villa Educativa estamos de fiesta! Con gran orgullo, anunciamos que nuestros talentosos alumnos han clasificado a la <strong>segunda fase de la Olimpiada Nacional Progrentis 2025<\/strong>.<\/p>\n\n\n\n<p>Este a\u00f1o, la primera fase de la olimpiada cont\u00f3 con la impresionante participaci\u00f3n de <strong>m\u00e1s de 22,000 estudiantes a nivel nacional<\/strong>, \u00a1un logro verdaderamente incre\u00edble! Felicitamos de coraz\u00f3n a todos los estudiantes de Primaria Alta que participaron con tanto entusiasmo y compromiso en esta desafiante etapa.<\/p>\n\n\n\n<p>La clasificaci\u00f3n de nuestros alumnos a la segunda fase, que se llevar\u00e1 a cabo del <strong>2 al 6 de junio<\/strong>, es un enorme motivo de orgullo para todo nuestro colegio y un testimonio de su dedicaci\u00f3n y esfuerzo.<\/p>\n\n\n\n<p>\u00a1Es hora de aplaudir a nuestros campeones! Aqu\u00ed te compartimos a nuestros finalistas:<\/p>\n\n\n\n<p><strong>5\u00b0A<\/strong><br>&#8211; Cruz S\u00e1nchez Mateo Sebasti\u00e1n<br>&#8211; Cabrera Enr\u00edquez Leonel Armando<br>&#8211; L\u00f3pez Montes Camila<\/p>\n\n\n\n<p><strong>5\u00b0B&nbsp;<\/strong><br>&#8211; Gonz\u00e1lez Lara Julia Ixchel<br>&#8211; Infante Sierra Sof\u00eda<\/p>\n\n\n\n<p><strong>5\u00b0C&nbsp;<\/strong><br>&#8211; Paredes Torres Emiliano<\/p>\n\n\n\n<p><strong>5\u00b0D<\/strong><br>&#8211; Romero Z\u00fa\u00f1iga Alexia<\/p>\n\n\n\n<p><strong>6\u00b0C<\/strong><br>&#8211; P\u00e9rez Delassard Mar\u00eda Jos\u00e9<\/p>\n\n\n\n<p><strong>6\u00b0D<\/strong><br>&#8211; Rojas Lozano Tania Montserrat<br>&#8211; S\u00e1nchez Mart\u00ednez Pablo Emiliano<\/p>\n\n\n\n<p><em>\u00a1Felicidades a todos los finalistas y mucho \u00e9xito en la pr\u00f3xima fase!<\/em><\/p>\n\n\n\n<p><span class=\"has-inline-color has-vivid-cyan-blue-color\"><strong>Roc\u00edo V\u00e1zquez<\/strong><br><em>Equipo Progrentis &#8211; Primaria Alta<\/em><\/span><\/p>\n","protected":false},"excerpt":{"rendered":"<p>\u00a1En Villa Educativa estamos de fiesta! Con gran orgullo, anunciamos que nuestros talentosos alumnos han clasificado a la segunda fase de la Olimpiada Nacional Progrentis 2025. Este a\u00f1o, la primera fase de la olimpiada cont\u00f3 con la impresionante participaci\u00f3n de m\u00e1s de 22,000 estudiantes a nivel nacional, \u00a1un logro verdaderamente&hellip; <\/p>\n","protected":false},"author":2,"featured_media":132777,"comment_status":"closed","ping_status":"closed","sticky":false,"template":"","format":"standard","meta":{"ngg_post_thumbnail":0},"categories":[3],"tags":[],"_links":{"self":[{"href":"https:\/\/www.villaeducativa.edu.mx\/newspaper\/index.php?rest_route=\/wp\/v2\/posts\/132698"}],"collection":[{"href":"https:\/\/www.villaeducativa.edu.mx\/newspaper\/index.php?rest_route=\/wp\/v2\/posts"}],"about":[{"href":"https:\/\/www.villaeducativa.edu.mx\/newspaper\/index.php?rest_route=\/wp\/v2\/types\/post"}],"author":[{"embeddable":true,"href":"https:\/\/www.villaeducativa.edu.mx\/newspaper\/index.php?rest_route=\/wp\/v2\/users\/2"}],"replies":[{"embeddable":true,"href":"https:\/\/www.villaeducativa.edu.mx\/newspaper\/index.php?rest_route=%2Fwp%2Fv2%2Fcomments&post=132698"}],"version-history":[{"count":4,"href":"https:\/\/www.villaeducativa.edu.mx\/newspaper\/index.php?rest_route=\/wp\/v2\/posts\/132698\/revisions"}],"predecessor-version":[{"id":132901,"href":"https:\/\/www.villaeducativa.edu.mx\/newspaper\/index.php?rest_route=\/wp\/v2\/posts\/132698\/revisions\/132901"}],"wp:featuredmedia":[{"embeddable":true,"href":"https:\/\/www.villaeducativa.edu.mx\/newspaper\/index.php?rest_route=\/wp\/v2\/media\/132777"}],"wp:attachment":[{"href":"https:\/\/www.villaeducativa.edu.mx\/newspaper\/index.php?rest_route=%2Fwp%2Fv2%2Fmedia&parent=132698"}],"wp:term":[{"taxonomy":"category","embeddable":true,"href":"https:\/\/www.villaeducativa.edu.mx\/newspaper\/index.php?rest_route=%2Fwp%2Fv2%2Fcategories&post=132698"},{"taxonomy":"post_tag","embeddable":true,"href":"https:\/\/www.villaeducativa.edu.mx\/newspaper\/index.php?rest_route=%2Fwp%2Fv2%2Ftags&post=132698"}],"curies":[{"name":"wp","href":"https:\/\/api.w.org\/{rel}","templated":true}]}}