{"id":132634,"date":"2025-06-03T07:45:00","date_gmt":"2025-06-03T12:45:00","guid":{"rendered":"https:\/\/www.villaeducativa.edu.mx\/newspaper\/?p=132634"},"modified":"2025-06-03T14:15:08","modified_gmt":"2025-06-03T19:15:08","slug":"graduacion-2024-2025","status":"publish","type":"post","link":"https:\/\/www.villaeducativa.edu.mx\/newspaper\/?p=132634","title":{"rendered":"Graduaci\u00f3n 2025"},"content":{"rendered":"\n<p>Estamos prepar\u00e1ndonos para celebrar a nuestros graduados de 3ro de secundaria. La graduaci\u00f3n se realizar\u00e1 el martes 15 de julio a las 13:00 h. Para este evento los alumnos utilizar\u00e1n una toga y birrete.<\/p>\n\n\n\n<p>La renta de la toga tiene un costo de $280.00 y pueden pagarlos en Servicios Escolares a partir del mi\u00e9rcoles 4 de junio y hasta el viernes 20 de junio.<\/p>\n\n\n\n<p><strong><span class=\"has-inline-color has-vivid-cyan-blue-color\">James Abad<br><\/span><\/strong><span class=\"has-inline-color has-vivid-cyan-blue-color\"><em>Villa High Principal<\/em><\/span><\/p>\n","protected":false},"excerpt":{"rendered":"<p>Estamos prepar\u00e1ndonos para celebrar a nuestros graduados de 3ro de secundaria. La graduaci\u00f3n se realizar\u00e1 el martes 15 de julio a las 13:00 h. Para este evento los alumnos utilizar\u00e1n una toga y birrete. La renta de la toga tiene un costo de $280.00 y pueden pagarlos en Servicios Escolares&hellip; <\/p>\n","protected":false},"author":2,"featured_media":86877,"comment_status":"closed","ping_status":"closed","sticky":false,"template":"","format":"standard","meta":{"ngg_post_thumbnail":0},"categories":[4],"tags":[],"_links":{"self":[{"href":"https:\/\/www.villaeducativa.edu.mx\/newspaper\/index.php?rest_route=\/wp\/v2\/posts\/132634"}],"collection":[{"href":"https:\/\/www.villaeducativa.edu.mx\/newspaper\/index.php?rest_route=\/wp\/v2\/posts"}],"about":[{"href":"https:\/\/www.villaeducativa.edu.mx\/newspaper\/index.php?rest_route=\/wp\/v2\/types\/post"}],"author":[{"embeddable":true,"href":"https:\/\/www.villaeducativa.edu.mx\/newspaper\/index.php?rest_route=\/wp\/v2\/users\/2"}],"replies":[{"embeddable":true,"href":"https:\/\/www.villaeducativa.edu.mx\/newspaper\/index.php?rest_route=%2Fwp%2Fv2%2Fcomments&post=132634"}],"version-history":[{"count":3,"href":"https:\/\/www.villaeducativa.edu.mx\/newspaper\/index.php?rest_route=\/wp\/v2\/posts\/132634\/revisions"}],"predecessor-version":[{"id":132904,"href":"https:\/\/www.villaeducativa.edu.mx\/newspaper\/index.php?rest_route=\/wp\/v2\/posts\/132634\/revisions\/132904"}],"wp:featuredmedia":[{"embeddable":true,"href":"https:\/\/www.villaeducativa.edu.mx\/newspaper\/index.php?rest_route=\/wp\/v2\/media\/86877"}],"wp:attachment":[{"href":"https:\/\/www.villaeducativa.edu.mx\/newspaper\/index.php?rest_route=%2Fwp%2Fv2%2Fmedia&parent=132634"}],"wp:term":[{"taxonomy":"category","embeddable":true,"href":"https:\/\/www.villaeducativa.edu.mx\/newspaper\/index.php?rest_route=%2Fwp%2Fv2%2Fcategories&post=132634"},{"taxonomy":"post_tag","embeddable":true,"href":"https:\/\/www.villaeducativa.edu.mx\/newspaper\/index.php?rest_route=%2Fwp%2Fv2%2Ftags&post=132634"}],"curies":[{"name":"wp","href":"https:\/\/api.w.org\/{rel}","templated":true}]}}