{"id":132623,"date":"2025-06-03T08:10:00","date_gmt":"2025-06-03T13:10:00","guid":{"rendered":"https:\/\/www.villaeducativa.edu.mx\/newspaper\/?p=132623"},"modified":"2025-06-03T14:05:28","modified_gmt":"2025-06-03T19:05:28","slug":"5o-migracion","status":"publish","type":"post","link":"https:\/\/www.villaeducativa.edu.mx\/newspaper\/?p=132623","title":{"rendered":"5o: Migraci\u00f3n"},"content":{"rendered":"\n<p>Como parte del cierre de nuestro proyecto <strong><em>\u201cMigrar es un derecho\u201d <\/em><\/strong>en \u00c9tica, Naturaleza y Sociedades, los alumnos de quinto grado eligieron lo que m\u00e1s les llam\u00f3 la atenci\u00f3n y aprendieron acerca de este conocimiento, creando diversos carteles, infograf\u00edas y organizadores gr\u00e1ficos, los cuales expondremos en alg\u00fan espacio escolar para que la comunidad educativa se entere y se informe acerca de este tema.<\/p>\n\n\n\n<p>Fue un proyecto muy enriquecedor para los alumnos; se sintieron muy emp\u00e1ticos por las diferentes situaciones que pasan los migrantes, y vivieron de cerca la experiencia de escuchar en viva voz de un migrante, la experiencia completa de su traves\u00eda.<\/p>\n\n\n\n\n\n<div class=\"ngg-galleryoverview ngg-slideshow\"\n\t id=\"ngg-slideshow-231cb22b542a858cf0d79746aaf36e7e-17190296240\"\n     data-gallery-id=\"231cb22b542a858cf0d79746aaf36e7e\"\n     style=\"max-width: 600px; max-height: 600px;\">\n\n \t<div id=\"ngg-image-0\" class=\"ngg-gallery-slideshow-image\" style=\"height:600px\">\n\n        <a href=\"https:\/\/www.villaeducativa.edu.mx\/newspaper\/wp-content\/gallery\/39-migracion5\/IMG_0106_00.jpg\"\n           title=\"\"\n           data-src=\"https:\/\/www.villaeducativa.edu.mx\/newspaper\/wp-content\/gallery\/39-migracion5\/IMG_0106_00.jpg\"\n           data-thumbnail=\"https:\/\/www.villaeducativa.edu.mx\/newspaper\/wp-content\/gallery\/39-migracion5\/thumbs\/thumbs_IMG_0106_00.jpg\"\n           data-image-id=\"64432\"\n           data-title=\"IMG_0106_00\"\n           data-description=\"\"\n           class=\"ngg-fancybox\" rel=\"231cb22b542a858cf0d79746aaf36e7e\">\n\n            <img data-image-id='64432'\n                 title=\"\"\n                 alt=\"IMG_0106_00\"\n                 src=\"https:\/\/www.villaeducativa.edu.mx\/newspaper\/wp-content\/gallery\/39-migracion5\/IMG_0106_00.jpg\"\n                 style=\"max-height: 580px;\"\/>\n        <\/a>\n\n        <\/div> \n<div id=\"ngg-image-1\" class=\"ngg-gallery-slideshow-image\" style=\"height:600px\">\n\n        <a href=\"https:\/\/www.villaeducativa.edu.mx\/newspaper\/wp-content\/gallery\/39-migracion5\/IMG_0107_00.jpg\"\n           title=\"\"\n           data-src=\"https:\/\/www.villaeducativa.edu.mx\/newspaper\/wp-content\/gallery\/39-migracion5\/IMG_0107_00.jpg\"\n           data-thumbnail=\"https:\/\/www.villaeducativa.edu.mx\/newspaper\/wp-content\/gallery\/39-migracion5\/thumbs\/thumbs_IMG_0107_00.jpg\"\n           data-image-id=\"64435\"\n           data-title=\"IMG_0107_00\"\n           data-description=\"\"\n           class=\"ngg-fancybox\" rel=\"231cb22b542a858cf0d79746aaf36e7e\">\n\n            <img data-image-id='64435'\n                 title=\"\"\n                 alt=\"IMG_0107_00\"\n                 src=\"https:\/\/www.villaeducativa.edu.mx\/newspaper\/wp-content\/gallery\/39-migracion5\/IMG_0107_00.jpg\"\n                 style=\"max-height: 580px;\"\/>\n        <\/a>\n\n        <\/div> \n<div id=\"ngg-image-2\" class=\"ngg-gallery-slideshow-image\" style=\"height:600px\">\n\n        <a href=\"https:\/\/www.villaeducativa.edu.mx\/newspaper\/wp-content\/gallery\/39-migracion5\/IMG_0108_00.jpg\"\n           title=\"\"\n           data-src=\"https:\/\/www.villaeducativa.edu.mx\/newspaper\/wp-content\/gallery\/39-migracion5\/IMG_0108_00.jpg\"\n           data-thumbnail=\"https:\/\/www.villaeducativa.edu.mx\/newspaper\/wp-content\/gallery\/39-migracion5\/thumbs\/thumbs_IMG_0108_00.jpg\"\n           data-image-id=\"64436\"\n           data-title=\"IMG_0108_00\"\n           data-description=\"\"\n           class=\"ngg-fancybox\" rel=\"231cb22b542a858cf0d79746aaf36e7e\">\n\n            <img data-image-id='64436'\n                 title=\"\"\n                 alt=\"IMG_0108_00\"\n                 src=\"https:\/\/www.villaeducativa.edu.mx\/newspaper\/wp-content\/gallery\/39-migracion5\/IMG_0108_00.jpg\"\n                 style=\"max-height: 580px;\"\/>\n        <\/a>\n\n        <\/div> \n<div id=\"ngg-image-3\" class=\"ngg-gallery-slideshow-image\" style=\"height:600px\">\n\n        <a href=\"https:\/\/www.villaeducativa.edu.mx\/newspaper\/wp-content\/gallery\/39-migracion5\/IMG_0232.jpg\"\n           title=\"\"\n           data-src=\"https:\/\/www.villaeducativa.edu.mx\/newspaper\/wp-content\/gallery\/39-migracion5\/IMG_0232.jpg\"\n           data-thumbnail=\"https:\/\/www.villaeducativa.edu.mx\/newspaper\/wp-content\/gallery\/39-migracion5\/thumbs\/thumbs_IMG_0232.jpg\"\n           data-image-id=\"64433\"\n           data-title=\"IMG_0232\"\n           data-description=\"\"\n           class=\"ngg-fancybox\" rel=\"231cb22b542a858cf0d79746aaf36e7e\">\n\n            <img data-image-id='64433'\n                 title=\"\"\n                 alt=\"IMG_0232\"\n                 src=\"https:\/\/www.villaeducativa.edu.mx\/newspaper\/wp-content\/gallery\/39-migracion5\/IMG_0232.jpg\"\n                 style=\"max-height: 580px;\"\/>\n        <\/a>\n\n        <\/div> \n<div id=\"ngg-image-4\" class=\"ngg-gallery-slideshow-image\" style=\"height:600px\">\n\n        <a href=\"https:\/\/www.villaeducativa.edu.mx\/newspaper\/wp-content\/gallery\/39-migracion5\/IMG_0231.jpg\"\n           title=\"\"\n           data-src=\"https:\/\/www.villaeducativa.edu.mx\/newspaper\/wp-content\/gallery\/39-migracion5\/IMG_0231.jpg\"\n           data-thumbnail=\"https:\/\/www.villaeducativa.edu.mx\/newspaper\/wp-content\/gallery\/39-migracion5\/thumbs\/thumbs_IMG_0231.jpg\"\n           data-image-id=\"64434\"\n           data-title=\"IMG_0231\"\n           data-description=\"\"\n           class=\"ngg-fancybox\" rel=\"231cb22b542a858cf0d79746aaf36e7e\">\n\n            <img data-image-id='64434'\n                 title=\"\"\n                 alt=\"IMG_0231\"\n                 src=\"https:\/\/www.villaeducativa.edu.mx\/newspaper\/wp-content\/gallery\/39-migracion5\/IMG_0231.jpg\"\n                 style=\"max-height: 580px;\"\/>\n        <\/a>\n\n        <\/div> \n<div id=\"ngg-image-5\" class=\"ngg-gallery-slideshow-image\" style=\"height:600px\">\n\n        <a href=\"https:\/\/www.villaeducativa.edu.mx\/newspaper\/wp-content\/gallery\/39-migracion5\/IMG_0233.jpg\"\n           title=\"\"\n           data-src=\"https:\/\/www.villaeducativa.edu.mx\/newspaper\/wp-content\/gallery\/39-migracion5\/IMG_0233.jpg\"\n           data-thumbnail=\"https:\/\/www.villaeducativa.edu.mx\/newspaper\/wp-content\/gallery\/39-migracion5\/thumbs\/thumbs_IMG_0233.jpg\"\n           data-image-id=\"64437\"\n           data-title=\"IMG_0233\"\n           data-description=\"\"\n           class=\"ngg-fancybox\" rel=\"231cb22b542a858cf0d79746aaf36e7e\">\n\n            <img data-image-id='64437'\n                 title=\"\"\n                 alt=\"IMG_0233\"\n                 src=\"https:\/\/www.villaeducativa.edu.mx\/newspaper\/wp-content\/gallery\/39-migracion5\/IMG_0233.jpg\"\n                 style=\"max-height: 580px;\"\/>\n        <\/a>\n\n        <\/div> \n<div id=\"ngg-image-6\" class=\"ngg-gallery-slideshow-image\" style=\"height:600px\">\n\n        <a href=\"https:\/\/www.villaeducativa.edu.mx\/newspaper\/wp-content\/gallery\/39-migracion5\/IMG_0236.jpg\"\n           title=\"\"\n           data-src=\"https:\/\/www.villaeducativa.edu.mx\/newspaper\/wp-content\/gallery\/39-migracion5\/IMG_0236.jpg\"\n           data-thumbnail=\"https:\/\/www.villaeducativa.edu.mx\/newspaper\/wp-content\/gallery\/39-migracion5\/thumbs\/thumbs_IMG_0236.jpg\"\n           data-image-id=\"64438\"\n           data-title=\"IMG_0236\"\n           data-description=\"\"\n           class=\"ngg-fancybox\" rel=\"231cb22b542a858cf0d79746aaf36e7e\">\n\n            <img data-image-id='64438'\n                 title=\"\"\n                 alt=\"IMG_0236\"\n                 src=\"https:\/\/www.villaeducativa.edu.mx\/newspaper\/wp-content\/gallery\/39-migracion5\/IMG_0236.jpg\"\n                 style=\"max-height: 580px;\"\/>\n        <\/a>\n\n        <\/div> \n<div id=\"ngg-image-7\" class=\"ngg-gallery-slideshow-image\" style=\"height:600px\">\n\n        <a href=\"https:\/\/www.villaeducativa.edu.mx\/newspaper\/wp-content\/gallery\/39-migracion5\/IMG_0237.jpg\"\n           title=\"\"\n           data-src=\"https:\/\/www.villaeducativa.edu.mx\/newspaper\/wp-content\/gallery\/39-migracion5\/IMG_0237.jpg\"\n           data-thumbnail=\"https:\/\/www.villaeducativa.edu.mx\/newspaper\/wp-content\/gallery\/39-migracion5\/thumbs\/thumbs_IMG_0237.jpg\"\n           data-image-id=\"64439\"\n           data-title=\"IMG_0237\"\n           data-description=\"\"\n           class=\"ngg-fancybox\" rel=\"231cb22b542a858cf0d79746aaf36e7e\">\n\n            <img data-image-id='64439'\n                 title=\"\"\n                 alt=\"IMG_0237\"\n                 src=\"https:\/\/www.villaeducativa.edu.mx\/newspaper\/wp-content\/gallery\/39-migracion5\/IMG_0237.jpg\"\n                 style=\"max-height: 580px;\"\/>\n        <\/a>\n\n        <\/div> \n<div id=\"ngg-image-8\" class=\"ngg-gallery-slideshow-image\" style=\"height:600px\">\n\n        <a href=\"https:\/\/www.villaeducativa.edu.mx\/newspaper\/wp-content\/gallery\/39-migracion5\/IMG_0234.jpg\"\n           title=\"\"\n           data-src=\"https:\/\/www.villaeducativa.edu.mx\/newspaper\/wp-content\/gallery\/39-migracion5\/IMG_0234.jpg\"\n           data-thumbnail=\"https:\/\/www.villaeducativa.edu.mx\/newspaper\/wp-content\/gallery\/39-migracion5\/thumbs\/thumbs_IMG_0234.jpg\"\n           data-image-id=\"64440\"\n           data-title=\"IMG_0234\"\n           data-description=\"\"\n           class=\"ngg-fancybox\" rel=\"231cb22b542a858cf0d79746aaf36e7e\">\n\n            <img data-image-id='64440'\n                 title=\"\"\n                 alt=\"IMG_0234\"\n                 src=\"https:\/\/www.villaeducativa.edu.mx\/newspaper\/wp-content\/gallery\/39-migracion5\/IMG_0234.jpg\"\n                 style=\"max-height: 580px;\"\/>\n        <\/a>\n\n        <\/div> \n<\/div>\n\n\n\n\n\n\n\n<p><strong><span class=\"has-inline-color has-vivid-cyan-blue-color\">Jackeline Urbina<br><\/span><\/strong><span class=\"has-inline-color has-vivid-cyan-blue-color\"><em>Docente Espa\u00f1ol 5o grado<\/em><\/span><\/p>\n","protected":false},"excerpt":{"rendered":"<p>Como parte del cierre de nuestro proyecto \u201cMigrar es un derecho\u201d en \u00c9tica, Naturaleza y Sociedades, los alumnos de quinto grado eligieron lo que m\u00e1s les llam\u00f3 la atenci\u00f3n y aprendieron acerca de este conocimiento, creando diversos carteles, infograf\u00edas y organizadores gr\u00e1ficos, los cuales expondremos en alg\u00fan espacio escolar para&hellip; <\/p>\n","protected":false},"author":2,"featured_media":132636,"comment_status":"closed","ping_status":"closed","sticky":false,"template":"","format":"standard","meta":{"ngg_post_thumbnail":0},"categories":[3],"tags":[],"_links":{"self":[{"href":"https:\/\/www.villaeducativa.edu.mx\/newspaper\/index.php?rest_route=\/wp\/v2\/posts\/132623"}],"collection":[{"href":"https:\/\/www.villaeducativa.edu.mx\/newspaper\/index.php?rest_route=\/wp\/v2\/posts"}],"about":[{"href":"https:\/\/www.villaeducativa.edu.mx\/newspaper\/index.php?rest_route=\/wp\/v2\/types\/post"}],"author":[{"embeddable":true,"href":"https:\/\/www.villaeducativa.edu.mx\/newspaper\/index.php?rest_route=\/wp\/v2\/users\/2"}],"replies":[{"embeddable":true,"href":"https:\/\/www.villaeducativa.edu.mx\/newspaper\/index.php?rest_route=%2Fwp%2Fv2%2Fcomments&post=132623"}],"version-history":[{"count":2,"href":"https:\/\/www.villaeducativa.edu.mx\/newspaper\/index.php?rest_route=\/wp\/v2\/posts\/132623\/revisions"}],"predecessor-version":[{"id":132899,"href":"https:\/\/www.villaeducativa.edu.mx\/newspaper\/index.php?rest_route=\/wp\/v2\/posts\/132623\/revisions\/132899"}],"wp:featuredmedia":[{"embeddable":true,"href":"https:\/\/www.villaeducativa.edu.mx\/newspaper\/index.php?rest_route=\/wp\/v2\/media\/132636"}],"wp:attachment":[{"href":"https:\/\/www.villaeducativa.edu.mx\/newspaper\/index.php?rest_route=%2Fwp%2Fv2%2Fmedia&parent=132623"}],"wp:term":[{"taxonomy":"category","embeddable":true,"href":"https:\/\/www.villaeducativa.edu.mx\/newspaper\/index.php?rest_route=%2Fwp%2Fv2%2Fcategories&post=132623"},{"taxonomy":"post_tag","embeddable":true,"href":"https:\/\/www.villaeducativa.edu.mx\/newspaper\/index.php?rest_route=%2Fwp%2Fv2%2Ftags&post=132623"}],"curies":[{"name":"wp","href":"https:\/\/api.w.org\/{rel}","templated":true}]}}