{"id":132383,"date":"2025-05-27T13:34:20","date_gmt":"2025-05-27T18:34:20","guid":{"rendered":"https:\/\/www.villaeducativa.edu.mx\/newspaper\/?p=132383"},"modified":"2025-05-27T15:50:41","modified_gmt":"2025-05-27T20:50:41","slug":"dia-de-la-familia","status":"publish","type":"post","link":"https:\/\/www.villaeducativa.edu.mx\/newspaper\/?p=132383","title":{"rendered":"D\u00eda de la familia"},"content":{"rendered":"\n<p>Estamos muy emocionados preparando este gran evento para celebrar a las mam\u00e1s y a los pap\u00e1s, en donde nos inspiramos en algunos de los festivales m\u00e1s bonitos y recordados por exalumnos durante estos 50 a\u00f1os.<\/p>\n\n\n\n<p>Hemos asignado un tema a cada nivel educativo. Happy Kinder tendr\u00e1 una tem\u00e1tica de canciones y pel\u00edculas de <strong>Disney<\/strong>, con vestuarios y escenograf\u00edas acordes a cada uno.<\/p>\n\n\n\n<p>Los actos de Villa Educativa ser\u00e1n con el tema de <strong>viaje alrededor del mundo<\/strong>; cada uno representar\u00e1 un pa\u00eds diferente, con vestuario t\u00edpico y escenograf\u00eda acorde.<\/p>\n\n\n\n<p>En el caso de Villa High el tema ser\u00e1 <strong>pel\u00edculas famosas <\/strong>y cada acto tendr\u00e1 una vistosa escenograf\u00eda, coreograf\u00eda y vestuario.<\/p>\n\n\n\n<p>Ma\u00f1ana recibir\u00e1n por correo electr\u00f3nico la informaci\u00f3n sobre el acto y vestuario en el que le corresponde participar a su hijo(a).<\/p>\n\n\n\n<p>Cada familia tendr\u00e1 <strong>4 boletos asignados por alumno<\/strong> y los boletos no estar\u00e1n numerados.&nbsp;<\/p>\n\n\n\n<p>Agradecemos el apoyo de toda la comunidad educativa para que \u00e9ste sea un evento inolvidable para nuestros&nbsp; alumnos.<\/p>\n\n\n\n<div class=\"wp-block-image\"><figure class=\"aligncenter size-large is-resized\"><img loading=\"lazy\" src=\"http:\/\/www.villaeducativa.edu.mx\/newspaper\/wp-content\/uploads\/2025\/05\/50-familia-1024x876.png\" alt=\"\" class=\"wp-image-131454\" width=\"410\" height=\"350\" srcset=\"https:\/\/www.villaeducativa.edu.mx\/newspaper\/wp-content\/uploads\/2025\/05\/50-familia-1024x876.png 1024w, https:\/\/www.villaeducativa.edu.mx\/newspaper\/wp-content\/uploads\/2025\/05\/50-familia-300x257.png 300w, https:\/\/www.villaeducativa.edu.mx\/newspaper\/wp-content\/uploads\/2025\/05\/50-familia-768x657.png 768w, https:\/\/www.villaeducativa.edu.mx\/newspaper\/wp-content\/uploads\/2025\/05\/50-familia-600x513.png 600w, https:\/\/www.villaeducativa.edu.mx\/newspaper\/wp-content\/uploads\/2025\/05\/50-familia.png 1165w\" sizes=\"(max-width: 410px) 100vw, 410px\" \/><\/figure><\/div>\n\n\n\n<p><strong><span class=\"has-inline-color has-vivid-cyan-blue-color\">Lorena Esparza<br><\/span><\/strong><em><span class=\"has-inline-color has-vivid-cyan-blue-color\">Directora General<\/span><\/em><\/p>\n","protected":false},"excerpt":{"rendered":"<p>Estamos muy emocionados preparando este gran evento para celebrar a las mam\u00e1s y a los pap\u00e1s, en donde nos inspiramos en algunos de los festivales m\u00e1s bonitos y recordados por exalumnos durante estos 50 a\u00f1os. Hemos asignado un tema a cada nivel educativo, Happy Kinder tendr\u00e1 una tem\u00e1tica de&#8230;<\/p>\n","protected":false},"author":2,"featured_media":132394,"comment_status":"closed","ping_status":"closed","sticky":false,"template":"","format":"standard","meta":{"ngg_post_thumbnail":0},"categories":[17],"tags":[],"_links":{"self":[{"href":"https:\/\/www.villaeducativa.edu.mx\/newspaper\/index.php?rest_route=\/wp\/v2\/posts\/132383"}],"collection":[{"href":"https:\/\/www.villaeducativa.edu.mx\/newspaper\/index.php?rest_route=\/wp\/v2\/posts"}],"about":[{"href":"https:\/\/www.villaeducativa.edu.mx\/newspaper\/index.php?rest_route=\/wp\/v2\/types\/post"}],"author":[{"embeddable":true,"href":"https:\/\/www.villaeducativa.edu.mx\/newspaper\/index.php?rest_route=\/wp\/v2\/users\/2"}],"replies":[{"embeddable":true,"href":"https:\/\/www.villaeducativa.edu.mx\/newspaper\/index.php?rest_route=%2Fwp%2Fv2%2Fcomments&post=132383"}],"version-history":[{"count":6,"href":"https:\/\/www.villaeducativa.edu.mx\/newspaper\/index.php?rest_route=\/wp\/v2\/posts\/132383\/revisions"}],"predecessor-version":[{"id":132425,"href":"https:\/\/www.villaeducativa.edu.mx\/newspaper\/index.php?rest_route=\/wp\/v2\/posts\/132383\/revisions\/132425"}],"wp:featuredmedia":[{"embeddable":true,"href":"https:\/\/www.villaeducativa.edu.mx\/newspaper\/index.php?rest_route=\/wp\/v2\/media\/132394"}],"wp:attachment":[{"href":"https:\/\/www.villaeducativa.edu.mx\/newspaper\/index.php?rest_route=%2Fwp%2Fv2%2Fmedia&parent=132383"}],"wp:term":[{"taxonomy":"category","embeddable":true,"href":"https:\/\/www.villaeducativa.edu.mx\/newspaper\/index.php?rest_route=%2Fwp%2Fv2%2Fcategories&post=132383"},{"taxonomy":"post_tag","embeddable":true,"href":"https:\/\/www.villaeducativa.edu.mx\/newspaper\/index.php?rest_route=%2Fwp%2Fv2%2Ftags&post=132383"}],"curies":[{"name":"wp","href":"https:\/\/api.w.org\/{rel}","templated":true}]}}