{"id":132022,"date":"2025-05-27T09:10:00","date_gmt":"2025-05-27T14:10:00","guid":{"rendered":"https:\/\/www.villaeducativa.edu.mx\/newspaper\/?p=132022"},"modified":"2025-05-27T15:55:50","modified_gmt":"2025-05-27T20:55:50","slug":"escuela-para-padres-la-autoestima-como-factor-para-prevencion-para-prevenir-el-bullying","status":"publish","type":"post","link":"https:\/\/www.villaeducativa.edu.mx\/newspaper\/?p=132022","title":{"rendered":"Escuela para Padres: \u201cLa autoestima como factor para prevenir el bullying\u201d"},"content":{"rendered":"\n<p>El pasado jueves, nuestras familias participaron en un taller muy valioso que abord\u00f3 c\u00f3mo una autoestima fuerte puede ser una herramienta clave para prevenir el bullying.<\/p>\n\n\n\n<p>La psicoterapeuta Aitana Farr\u00e9 explic\u00f3 que la autoestima no es solo sentirse bien con uno mismo, sino saberse valioso, capaz y digno de respeto. <strong>Un ni\u00f1o con buena autoestima es m\u00e1s seguro, m\u00e1s emp\u00e1tico y menos vulnerable ante situaciones de acoso<\/strong>, ya sea como v\u00edctima o como agresor.<\/p>\n\n\n\n<p><strong><em>Puntos clave del taller:<\/em><\/strong><\/p>\n\n\n\n<ul><li><strong>La autoestima se construye en casa y en la escuela<\/strong>, a trav\u00e9s del lenguaje que usamos con nuestros hijos, c\u00f3mo los tratamos cuando se equivocan y cu\u00e1nto reconocemos su esfuerzo.<br><\/li><li><strong>Los ni\u00f1os con buena autoestima<\/strong> saben pedir ayuda, poner l\u00edmites y expresarse sin miedo.<br><\/li><li><strong>El rol de la familia es fundamental<\/strong>: escuchar sin juzgar, validar emociones, evitar etiquetas y dar ejemplo con nuestras acciones.<br><\/li><li><strong>Prevenir el bullying no empieza con castigos, sino formando ni\u00f1os emocionalmente fuertes y seguros.<\/strong><\/li><\/ul>\n\n\n\n<p>Durante la sesi\u00f3n, se realiz\u00f3 un ejercicio vivencial entre padres e hijos que permiti\u00f3 reforzar el v\u00ednculo emocional y reconocer cualidades personales, record\u00e1ndonos que los peque\u00f1os gestos cotidianos fortalecen la autoestima.<\/p>\n\n\n\n<p>Agradecemos a todas las familias que participaron y los invitamos a seguir sum\u00e1ndose a estos espacios, donde juntos construimos una comunidad educativa m\u00e1s emp\u00e1tica, segura y consciente.<\/p>\n\n\n\n<div class=\"wp-block-image\"><figure class=\"aligncenter size-large is-resized\"><a href=\"https:\/\/drive.google.com\/file\/d\/1xnWgGK2knt27LxmgnOtB6MhrM_PdqJ80\/view?usp=drivesdk\" target=\"_blank\" rel=\"noopener\"><img loading=\"lazy\" src=\"https:\/\/www.villaeducativa.edu.mx\/newspaper\/wp-content\/uploads\/2025\/05\/autoestima-video.jpg\" alt=\"\" class=\"wp-image-132414\" width=\"566\" height=\"298\" srcset=\"https:\/\/www.villaeducativa.edu.mx\/newspaper\/wp-content\/uploads\/2025\/05\/autoestima-video.jpg 800w, https:\/\/www.villaeducativa.edu.mx\/newspaper\/wp-content\/uploads\/2025\/05\/autoestima-video-300x158.jpg 300w, https:\/\/www.villaeducativa.edu.mx\/newspaper\/wp-content\/uploads\/2025\/05\/autoestima-video-768x404.jpg 768w, https:\/\/www.villaeducativa.edu.mx\/newspaper\/wp-content\/uploads\/2025\/05\/autoestima-video-600x316.jpg 600w\" sizes=\"(max-width: 566px) 100vw, 566px\" \/><\/a><\/figure><\/div>\n\n\n\n<p><span class=\"has-inline-color has-vivid-cyan-blue-color\"><strong>Jacive Monroy<\/strong><br><em>Coordinadora Operativa<\/em><\/span><\/p>\n","protected":false},"excerpt":{"rendered":"<p>El pasado jueves, nuestras familias participaron en un taller muy valioso que abord\u00f3 c\u00f3mo una autoestima fuerte puede ser una herramienta clave para prevenir el bullying. La psicoterapeuta Aitana Farr\u00e9 explic\u00f3 que la autoestima no es solo sentirse bien con uno mismo, sino saberse valioso, capaz y digno de respeto.&hellip; <\/p>\n","protected":false},"author":2,"featured_media":132023,"comment_status":"closed","ping_status":"closed","sticky":false,"template":"","format":"standard","meta":{"ngg_post_thumbnail":0},"categories":[17],"tags":[15],"_links":{"self":[{"href":"https:\/\/www.villaeducativa.edu.mx\/newspaper\/index.php?rest_route=\/wp\/v2\/posts\/132022"}],"collection":[{"href":"https:\/\/www.villaeducativa.edu.mx\/newspaper\/index.php?rest_route=\/wp\/v2\/posts"}],"about":[{"href":"https:\/\/www.villaeducativa.edu.mx\/newspaper\/index.php?rest_route=\/wp\/v2\/types\/post"}],"author":[{"embeddable":true,"href":"https:\/\/www.villaeducativa.edu.mx\/newspaper\/index.php?rest_route=\/wp\/v2\/users\/2"}],"replies":[{"embeddable":true,"href":"https:\/\/www.villaeducativa.edu.mx\/newspaper\/index.php?rest_route=%2Fwp%2Fv2%2Fcomments&post=132022"}],"version-history":[{"count":5,"href":"https:\/\/www.villaeducativa.edu.mx\/newspaper\/index.php?rest_route=\/wp\/v2\/posts\/132022\/revisions"}],"predecessor-version":[{"id":132429,"href":"https:\/\/www.villaeducativa.edu.mx\/newspaper\/index.php?rest_route=\/wp\/v2\/posts\/132022\/revisions\/132429"}],"wp:featuredmedia":[{"embeddable":true,"href":"https:\/\/www.villaeducativa.edu.mx\/newspaper\/index.php?rest_route=\/wp\/v2\/media\/132023"}],"wp:attachment":[{"href":"https:\/\/www.villaeducativa.edu.mx\/newspaper\/index.php?rest_route=%2Fwp%2Fv2%2Fmedia&parent=132022"}],"wp:term":[{"taxonomy":"category","embeddable":true,"href":"https:\/\/www.villaeducativa.edu.mx\/newspaper\/index.php?rest_route=%2Fwp%2Fv2%2Fcategories&post=132022"},{"taxonomy":"post_tag","embeddable":true,"href":"https:\/\/www.villaeducativa.edu.mx\/newspaper\/index.php?rest_route=%2Fwp%2Fv2%2Ftags&post=132022"}],"curies":[{"name":"wp","href":"https:\/\/api.w.org\/{rel}","templated":true}]}}