{"id":131920,"date":"2025-05-27T07:45:00","date_gmt":"2025-05-27T12:45:00","guid":{"rendered":"https:\/\/www.villaeducativa.edu.mx\/newspaper\/?p=131920"},"modified":"2025-05-27T15:11:25","modified_gmt":"2025-05-27T20:11:25","slug":"la-olimpiada-progrentis","status":"publish","type":"post","link":"https:\/\/www.villaeducativa.edu.mx\/newspaper\/?p=131920","title":{"rendered":"La Olimpiada Progrentis"},"content":{"rendered":"\n<p>Los alumnos de secundaria destacados en la resoluci\u00f3n de Progrentis durante este ciclo escolar, participar\u00e1n en la Olimpiada Nacional organizada por Progrentis, en donde pondr\u00e1n a prueba el desarrollo de las habilidades y competencias que han entrenado en esta plataforma.<\/p>\n\n\n\n<p>28 alumnos fueron seleccionados&nbsp;y los mejores 10 van a representar a Villa High contra otros colegios del mundo.<br>\u00a1Estamos orgullosos de ellos y les deseamos mucha suerte!<\/p>\n\n\n\n\n\n<div class=\"ngg-galleryoverview ngg-slideshow\"\n\t id=\"ngg-slideshow-7dd2fa0b8925653ded428efa3cf4729a-12853545260\"\n     data-gallery-id=\"7dd2fa0b8925653ded428efa3cf4729a\"\n     style=\"max-width: 600px; max-height: 600px;\">\n\n \t<div id=\"ngg-image-0\" class=\"ngg-gallery-slideshow-image\" style=\"height:600px\">\n\n        <a href=\"https:\/\/www.villaeducativa.edu.mx\/newspaper\/wp-content\/gallery\/38-progrentishigh\/WhatsApp-Image-2025-05-21-at-07.54.11.jpg\"\n           title=\"\"\n           data-src=\"https:\/\/www.villaeducativa.edu.mx\/newspaper\/wp-content\/gallery\/38-progrentishigh\/WhatsApp-Image-2025-05-21-at-07.54.11.jpg\"\n           data-thumbnail=\"https:\/\/www.villaeducativa.edu.mx\/newspaper\/wp-content\/gallery\/38-progrentishigh\/thumbs\/thumbs_WhatsApp-Image-2025-05-21-at-07.54.11.jpg\"\n           data-image-id=\"63928\"\n           data-title=\"WhatsApp-Image-2025-05-21-at-07.54.11\"\n           data-description=\"\"\n           class=\"ngg-fancybox\" rel=\"7dd2fa0b8925653ded428efa3cf4729a\">\n\n            <img data-image-id='63928'\n                 title=\"\"\n                 alt=\"WhatsApp-Image-2025-05-21-at-07.54.11\"\n                 src=\"https:\/\/www.villaeducativa.edu.mx\/newspaper\/wp-content\/gallery\/38-progrentishigh\/WhatsApp-Image-2025-05-21-at-07.54.11.jpg\"\n                 style=\"max-height: 580px;\"\/>\n        <\/a>\n\n        <\/div> \n<div id=\"ngg-image-1\" class=\"ngg-gallery-slideshow-image\" style=\"height:600px\">\n\n        <a href=\"https:\/\/www.villaeducativa.edu.mx\/newspaper\/wp-content\/gallery\/38-progrentishigh\/WhatsApp-Image-2025-05-21-at-07.54.20.jpg\"\n           title=\"\"\n           data-src=\"https:\/\/www.villaeducativa.edu.mx\/newspaper\/wp-content\/gallery\/38-progrentishigh\/WhatsApp-Image-2025-05-21-at-07.54.20.jpg\"\n           data-thumbnail=\"https:\/\/www.villaeducativa.edu.mx\/newspaper\/wp-content\/gallery\/38-progrentishigh\/thumbs\/thumbs_WhatsApp-Image-2025-05-21-at-07.54.20.jpg\"\n           data-image-id=\"63929\"\n           data-title=\"WhatsApp-Image-2025-05-21-at-07.54.20\"\n           data-description=\"\"\n           class=\"ngg-fancybox\" rel=\"7dd2fa0b8925653ded428efa3cf4729a\">\n\n            <img data-image-id='63929'\n                 title=\"\"\n                 alt=\"WhatsApp-Image-2025-05-21-at-07.54.20\"\n                 src=\"https:\/\/www.villaeducativa.edu.mx\/newspaper\/wp-content\/gallery\/38-progrentishigh\/WhatsApp-Image-2025-05-21-at-07.54.20.jpg\"\n                 style=\"max-height: 580px;\"\/>\n        <\/a>\n\n        <\/div> \n<div id=\"ngg-image-2\" class=\"ngg-gallery-slideshow-image\" style=\"height:600px\">\n\n        <a href=\"https:\/\/www.villaeducativa.edu.mx\/newspaper\/wp-content\/gallery\/38-progrentishigh\/WhatsApp-Image-2025-05-21-at-07.54.32.jpg\"\n           title=\"\"\n           data-src=\"https:\/\/www.villaeducativa.edu.mx\/newspaper\/wp-content\/gallery\/38-progrentishigh\/WhatsApp-Image-2025-05-21-at-07.54.32.jpg\"\n           data-thumbnail=\"https:\/\/www.villaeducativa.edu.mx\/newspaper\/wp-content\/gallery\/38-progrentishigh\/thumbs\/thumbs_WhatsApp-Image-2025-05-21-at-07.54.32.jpg\"\n           data-image-id=\"63930\"\n           data-title=\"WhatsApp-Image-2025-05-21-at-07.54.32\"\n           data-description=\"\"\n           class=\"ngg-fancybox\" rel=\"7dd2fa0b8925653ded428efa3cf4729a\">\n\n            <img data-image-id='63930'\n                 title=\"\"\n                 alt=\"WhatsApp-Image-2025-05-21-at-07.54.32\"\n                 src=\"https:\/\/www.villaeducativa.edu.mx\/newspaper\/wp-content\/gallery\/38-progrentishigh\/WhatsApp-Image-2025-05-21-at-07.54.32.jpg\"\n                 style=\"max-height: 580px;\"\/>\n        <\/a>\n\n        <\/div> \n<div id=\"ngg-image-3\" class=\"ngg-gallery-slideshow-image\" style=\"height:600px\">\n\n        <a href=\"https:\/\/www.villaeducativa.edu.mx\/newspaper\/wp-content\/gallery\/38-progrentishigh\/WhatsApp-Image-2025-05-21-at-07.54.40.jpg\"\n           title=\"\"\n           data-src=\"https:\/\/www.villaeducativa.edu.mx\/newspaper\/wp-content\/gallery\/38-progrentishigh\/WhatsApp-Image-2025-05-21-at-07.54.40.jpg\"\n           data-thumbnail=\"https:\/\/www.villaeducativa.edu.mx\/newspaper\/wp-content\/gallery\/38-progrentishigh\/thumbs\/thumbs_WhatsApp-Image-2025-05-21-at-07.54.40.jpg\"\n           data-image-id=\"63931\"\n           data-title=\"WhatsApp-Image-2025-05-21-at-07.54.40\"\n           data-description=\"\"\n           class=\"ngg-fancybox\" rel=\"7dd2fa0b8925653ded428efa3cf4729a\">\n\n            <img data-image-id='63931'\n                 title=\"\"\n                 alt=\"WhatsApp-Image-2025-05-21-at-07.54.40\"\n                 src=\"https:\/\/www.villaeducativa.edu.mx\/newspaper\/wp-content\/gallery\/38-progrentishigh\/WhatsApp-Image-2025-05-21-at-07.54.40.jpg\"\n                 style=\"max-height: 580px;\"\/>\n        <\/a>\n\n        <\/div> \n<div id=\"ngg-image-4\" class=\"ngg-gallery-slideshow-image\" style=\"height:600px\">\n\n        <a href=\"https:\/\/www.villaeducativa.edu.mx\/newspaper\/wp-content\/gallery\/38-progrentishigh\/WhatsApp-Image-2025-05-21-at-07.54.47.jpg\"\n           title=\"\"\n           data-src=\"https:\/\/www.villaeducativa.edu.mx\/newspaper\/wp-content\/gallery\/38-progrentishigh\/WhatsApp-Image-2025-05-21-at-07.54.47.jpg\"\n           data-thumbnail=\"https:\/\/www.villaeducativa.edu.mx\/newspaper\/wp-content\/gallery\/38-progrentishigh\/thumbs\/thumbs_WhatsApp-Image-2025-05-21-at-07.54.47.jpg\"\n           data-image-id=\"63932\"\n           data-title=\"WhatsApp-Image-2025-05-21-at-07.54.47\"\n           data-description=\"\"\n           class=\"ngg-fancybox\" rel=\"7dd2fa0b8925653ded428efa3cf4729a\">\n\n            <img data-image-id='63932'\n                 title=\"\"\n                 alt=\"WhatsApp-Image-2025-05-21-at-07.54.47\"\n                 src=\"https:\/\/www.villaeducativa.edu.mx\/newspaper\/wp-content\/gallery\/38-progrentishigh\/WhatsApp-Image-2025-05-21-at-07.54.47.jpg\"\n                 style=\"max-height: 580px;\"\/>\n        <\/a>\n\n        <\/div> \n<div id=\"ngg-image-5\" class=\"ngg-gallery-slideshow-image\" style=\"height:600px\">\n\n        <a href=\"https:\/\/www.villaeducativa.edu.mx\/newspaper\/wp-content\/gallery\/38-progrentishigh\/WhatsApp-Image-2025-05-21-at-08.05.29-1.jpg\"\n           title=\"\"\n           data-src=\"https:\/\/www.villaeducativa.edu.mx\/newspaper\/wp-content\/gallery\/38-progrentishigh\/WhatsApp-Image-2025-05-21-at-08.05.29-1.jpg\"\n           data-thumbnail=\"https:\/\/www.villaeducativa.edu.mx\/newspaper\/wp-content\/gallery\/38-progrentishigh\/thumbs\/thumbs_WhatsApp-Image-2025-05-21-at-08.05.29-1.jpg\"\n           data-image-id=\"63933\"\n           data-title=\"WhatsApp-Image-2025-05-21-at-08.05.29-1\"\n           data-description=\"\"\n           class=\"ngg-fancybox\" rel=\"7dd2fa0b8925653ded428efa3cf4729a\">\n\n            <img data-image-id='63933'\n                 title=\"\"\n                 alt=\"WhatsApp-Image-2025-05-21-at-08.05.29-1\"\n                 src=\"https:\/\/www.villaeducativa.edu.mx\/newspaper\/wp-content\/gallery\/38-progrentishigh\/WhatsApp-Image-2025-05-21-at-08.05.29-1.jpg\"\n                 style=\"max-height: 580px;\"\/>\n        <\/a>\n\n        <\/div> \n<div id=\"ngg-image-6\" class=\"ngg-gallery-slideshow-image\" style=\"height:600px\">\n\n        <a href=\"https:\/\/www.villaeducativa.edu.mx\/newspaper\/wp-content\/gallery\/38-progrentishigh\/WhatsApp-Image-2025-05-21-at-08.05.28.jpg\"\n           title=\"\"\n           data-src=\"https:\/\/www.villaeducativa.edu.mx\/newspaper\/wp-content\/gallery\/38-progrentishigh\/WhatsApp-Image-2025-05-21-at-08.05.28.jpg\"\n           data-thumbnail=\"https:\/\/www.villaeducativa.edu.mx\/newspaper\/wp-content\/gallery\/38-progrentishigh\/thumbs\/thumbs_WhatsApp-Image-2025-05-21-at-08.05.28.jpg\"\n           data-image-id=\"63934\"\n           data-title=\"WhatsApp-Image-2025-05-21-at-08.05.28\"\n           data-description=\"\"\n           class=\"ngg-fancybox\" rel=\"7dd2fa0b8925653ded428efa3cf4729a\">\n\n            <img data-image-id='63934'\n                 title=\"\"\n                 alt=\"WhatsApp-Image-2025-05-21-at-08.05.28\"\n                 src=\"https:\/\/www.villaeducativa.edu.mx\/newspaper\/wp-content\/gallery\/38-progrentishigh\/WhatsApp-Image-2025-05-21-at-08.05.28.jpg\"\n                 style=\"max-height: 580px;\"\/>\n        <\/a>\n\n        <\/div> \n<div id=\"ngg-image-7\" class=\"ngg-gallery-slideshow-image\" style=\"height:600px\">\n\n        <a href=\"https:\/\/www.villaeducativa.edu.mx\/newspaper\/wp-content\/gallery\/38-progrentishigh\/WhatsApp-Image-2025-05-21-at-08.05.29-2.jpg\"\n           title=\"\"\n           data-src=\"https:\/\/www.villaeducativa.edu.mx\/newspaper\/wp-content\/gallery\/38-progrentishigh\/WhatsApp-Image-2025-05-21-at-08.05.29-2.jpg\"\n           data-thumbnail=\"https:\/\/www.villaeducativa.edu.mx\/newspaper\/wp-content\/gallery\/38-progrentishigh\/thumbs\/thumbs_WhatsApp-Image-2025-05-21-at-08.05.29-2.jpg\"\n           data-image-id=\"63935\"\n           data-title=\"WhatsApp-Image-2025-05-21-at-08.05.29-2\"\n           data-description=\"\"\n           class=\"ngg-fancybox\" rel=\"7dd2fa0b8925653ded428efa3cf4729a\">\n\n            <img data-image-id='63935'\n                 title=\"\"\n                 alt=\"WhatsApp-Image-2025-05-21-at-08.05.29-2\"\n                 src=\"https:\/\/www.villaeducativa.edu.mx\/newspaper\/wp-content\/gallery\/38-progrentishigh\/WhatsApp-Image-2025-05-21-at-08.05.29-2.jpg\"\n                 style=\"max-height: 580px;\"\/>\n        <\/a>\n\n        <\/div> \n<div id=\"ngg-image-8\" class=\"ngg-gallery-slideshow-image\" style=\"height:600px\">\n\n        <a href=\"https:\/\/www.villaeducativa.edu.mx\/newspaper\/wp-content\/gallery\/38-progrentishigh\/WhatsApp-Image-2025-05-21-at-08.05.29-3.jpg\"\n           title=\"\"\n           data-src=\"https:\/\/www.villaeducativa.edu.mx\/newspaper\/wp-content\/gallery\/38-progrentishigh\/WhatsApp-Image-2025-05-21-at-08.05.29-3.jpg\"\n           data-thumbnail=\"https:\/\/www.villaeducativa.edu.mx\/newspaper\/wp-content\/gallery\/38-progrentishigh\/thumbs\/thumbs_WhatsApp-Image-2025-05-21-at-08.05.29-3.jpg\"\n           data-image-id=\"63936\"\n           data-title=\"WhatsApp-Image-2025-05-21-at-08.05.29-3\"\n           data-description=\"\"\n           class=\"ngg-fancybox\" rel=\"7dd2fa0b8925653ded428efa3cf4729a\">\n\n            <img data-image-id='63936'\n                 title=\"\"\n                 alt=\"WhatsApp-Image-2025-05-21-at-08.05.29-3\"\n                 src=\"https:\/\/www.villaeducativa.edu.mx\/newspaper\/wp-content\/gallery\/38-progrentishigh\/WhatsApp-Image-2025-05-21-at-08.05.29-3.jpg\"\n                 style=\"max-height: 580px;\"\/>\n        <\/a>\n\n        <\/div> \n<div id=\"ngg-image-9\" class=\"ngg-gallery-slideshow-image\" style=\"height:600px\">\n\n        <a href=\"https:\/\/www.villaeducativa.edu.mx\/newspaper\/wp-content\/gallery\/38-progrentishigh\/WhatsApp-Image-2025-05-21-at-08.05.29.jpg\"\n           title=\"\"\n           data-src=\"https:\/\/www.villaeducativa.edu.mx\/newspaper\/wp-content\/gallery\/38-progrentishigh\/WhatsApp-Image-2025-05-21-at-08.05.29.jpg\"\n           data-thumbnail=\"https:\/\/www.villaeducativa.edu.mx\/newspaper\/wp-content\/gallery\/38-progrentishigh\/thumbs\/thumbs_WhatsApp-Image-2025-05-21-at-08.05.29.jpg\"\n           data-image-id=\"63927\"\n           data-title=\"WhatsApp-Image-2025-05-21-at-08.05.29\"\n           data-description=\"\"\n           class=\"ngg-fancybox\" rel=\"7dd2fa0b8925653ded428efa3cf4729a\">\n\n            <img data-image-id='63927'\n                 title=\"\"\n                 alt=\"WhatsApp-Image-2025-05-21-at-08.05.29\"\n                 src=\"https:\/\/www.villaeducativa.edu.mx\/newspaper\/wp-content\/gallery\/38-progrentishigh\/WhatsApp-Image-2025-05-21-at-08.05.29.jpg\"\n                 style=\"max-height: 580px;\"\/>\n        <\/a>\n\n        <\/div> \n<\/div>\n\n\n\n\n\n\n\n<p><br><strong><span class=\"has-inline-color has-vivid-cyan-blue-color\">Patricia Priego y Ver\u00f3nica P\u00e9rez<br><\/span><\/strong><span class=\"has-inline-color has-vivid-cyan-blue-color\"><em>Espa\u00f1ol<\/em><\/span><\/p>\n","protected":false},"excerpt":{"rendered":"<p>Los alumnos de secundaria destacados en la resoluci\u00f3n de Progrentis durante este ciclo escolar, participar\u00e1n en la Olimpiada Nacional organizada por Progrentis, en donde pondr\u00e1n a prueba el desarrollo de las habilidades y competencias que han entrenado en esta plataforma. 28 alumnos fueron seleccionados&nbsp;y los mejores 10 van a representar&hellip; <\/p>\n","protected":false},"author":2,"featured_media":131921,"comment_status":"closed","ping_status":"closed","sticky":false,"template":"","format":"standard","meta":{"ngg_post_thumbnail":0},"categories":[4],"tags":[],"_links":{"self":[{"href":"https:\/\/www.villaeducativa.edu.mx\/newspaper\/index.php?rest_route=\/wp\/v2\/posts\/131920"}],"collection":[{"href":"https:\/\/www.villaeducativa.edu.mx\/newspaper\/index.php?rest_route=\/wp\/v2\/posts"}],"about":[{"href":"https:\/\/www.villaeducativa.edu.mx\/newspaper\/index.php?rest_route=\/wp\/v2\/types\/post"}],"author":[{"embeddable":true,"href":"https:\/\/www.villaeducativa.edu.mx\/newspaper\/index.php?rest_route=\/wp\/v2\/users\/2"}],"replies":[{"embeddable":true,"href":"https:\/\/www.villaeducativa.edu.mx\/newspaper\/index.php?rest_route=%2Fwp%2Fv2%2Fcomments&post=131920"}],"version-history":[{"count":2,"href":"https:\/\/www.villaeducativa.edu.mx\/newspaper\/index.php?rest_route=\/wp\/v2\/posts\/131920\/revisions"}],"predecessor-version":[{"id":131934,"href":"https:\/\/www.villaeducativa.edu.mx\/newspaper\/index.php?rest_route=\/wp\/v2\/posts\/131920\/revisions\/131934"}],"wp:featuredmedia":[{"embeddable":true,"href":"https:\/\/www.villaeducativa.edu.mx\/newspaper\/index.php?rest_route=\/wp\/v2\/media\/131921"}],"wp:attachment":[{"href":"https:\/\/www.villaeducativa.edu.mx\/newspaper\/index.php?rest_route=%2Fwp%2Fv2%2Fmedia&parent=131920"}],"wp:term":[{"taxonomy":"category","embeddable":true,"href":"https:\/\/www.villaeducativa.edu.mx\/newspaper\/index.php?rest_route=%2Fwp%2Fv2%2Fcategories&post=131920"},{"taxonomy":"post_tag","embeddable":true,"href":"https:\/\/www.villaeducativa.edu.mx\/newspaper\/index.php?rest_route=%2Fwp%2Fv2%2Ftags&post=131920"}],"curies":[{"name":"wp","href":"https:\/\/api.w.org\/{rel}","templated":true}]}}