{"id":131842,"date":"2025-05-20T08:15:00","date_gmt":"2025-05-20T13:15:00","guid":{"rendered":"https:\/\/www.villaeducativa.edu.mx\/newspaper\/?p=131842"},"modified":"2025-05-20T14:55:19","modified_gmt":"2025-05-20T19:55:19","slug":"6o-gracias-por-encender-la-chispa-fortalecen-vinculos-a-traves-de-la-gratitud-a-sus-maestros","status":"publish","type":"post","link":"https:\/\/www.villaeducativa.edu.mx\/newspaper\/?p=131842","title":{"rendered":"6o: Gracias por encender la chispa: Fortalecen v\u00ednculos a trav\u00e9s de la gratitud a sus maestros"},"content":{"rendered":"\n<p>Las aulas de sexto a\u00f1o se convirtieron esta semana en un espacio de reconocimiento y afecto, gracias a una significativa actividad del \u00e1rea de socioemocional. Los alumnos dedicaron tiempo y palabras para expresar su profunda gratitud hacia los maestros que dejan una huella imborrable en su camino educativo.&nbsp;<\/p>\n\n\n\n<p>Miss Mary, con su habilidad para hacer que los n\u00fameros cobren vida y se vuelvan comprensibles; Teachers Alex y Dylan, quienes con su entusiasmo contagian a los alumnos la pasi\u00f3n por el idioma ingl\u00e9s y nuevas culturas; Miss Emma, guiando la creatividad y permitiendo que las ideas florezcan en el atelier; Miss Azucena, despertando la curiosidad por la historia y las humanidades, invitando a la reflexi\u00f3n sobre el mundo que nos rodea; y Miss Roc\u00edo, cultivando el amor por el lenguaje y abriendo las puertas a la expresi\u00f3n.\u00a0<\/p>\n\n\n\n<p>Cada nota redactada fue un sincero testimonio del impacto positivo que estos educadores tienen en la formaci\u00f3n integral de los estudiantes, fortaleciendo los lazos de respeto y admiraci\u00f3n entre alumnos y maestros. Esta actividad socioemocional demostr\u00f3 la importancia de reconocer y valorar el invaluable trabajo docente.<\/p>\n\n\n\n\n\n<div class=\"ngg-galleryoverview ngg-slideshow\"\n\t id=\"ngg-slideshow-a51d9feccfe2cd143c54d235bc7b9e56-12021980\"\n     data-gallery-id=\"a51d9feccfe2cd143c54d235bc7b9e56\"\n     style=\"max-width: 600px; max-height: 400px;\">\n\n \t<div id=\"ngg-image-0\" class=\"ngg-gallery-slideshow-image\" style=\"height:400px\">\n\n        <a href=\"https:\/\/www.villaeducativa.edu.mx\/newspaper\/wp-content\/gallery\/37-agradece-mate6\/Screenshot-2025-05-15-13.16.01.jpg\"\n           title=\"\"\n           data-src=\"https:\/\/www.villaeducativa.edu.mx\/newspaper\/wp-content\/gallery\/37-agradece-mate6\/Screenshot-2025-05-15-13.16.01.jpg\"\n           data-thumbnail=\"https:\/\/www.villaeducativa.edu.mx\/newspaper\/wp-content\/gallery\/37-agradece-mate6\/thumbs\/thumbs_Screenshot-2025-05-15-13.16.01.jpg\"\n           data-image-id=\"63918\"\n           data-title=\"Screenshot-2025-05-15-13.16.01\"\n           data-description=\"\"\n           class=\"ngg-fancybox\" rel=\"a51d9feccfe2cd143c54d235bc7b9e56\">\n\n            <img data-image-id='63918'\n                 title=\"\"\n                 alt=\"Screenshot-2025-05-15-13.16.01\"\n                 src=\"https:\/\/www.villaeducativa.edu.mx\/newspaper\/wp-content\/gallery\/37-agradece-mate6\/Screenshot-2025-05-15-13.16.01.jpg\"\n                 style=\"max-height: 380px;\"\/>\n        <\/a>\n\n        <\/div> \n<div id=\"ngg-image-1\" class=\"ngg-gallery-slideshow-image\" style=\"height:400px\">\n\n        <a href=\"https:\/\/www.villaeducativa.edu.mx\/newspaper\/wp-content\/gallery\/37-agradece-mate6\/Screenshot-2025-05-15-13.16.06.jpg\"\n           title=\"\"\n           data-src=\"https:\/\/www.villaeducativa.edu.mx\/newspaper\/wp-content\/gallery\/37-agradece-mate6\/Screenshot-2025-05-15-13.16.06.jpg\"\n           data-thumbnail=\"https:\/\/www.villaeducativa.edu.mx\/newspaper\/wp-content\/gallery\/37-agradece-mate6\/thumbs\/thumbs_Screenshot-2025-05-15-13.16.06.jpg\"\n           data-image-id=\"63919\"\n           data-title=\"Screenshot-2025-05-15-13.16.06\"\n           data-description=\"\"\n           class=\"ngg-fancybox\" rel=\"a51d9feccfe2cd143c54d235bc7b9e56\">\n\n            <img data-image-id='63919'\n                 title=\"\"\n                 alt=\"Screenshot-2025-05-15-13.16.06\"\n                 src=\"https:\/\/www.villaeducativa.edu.mx\/newspaper\/wp-content\/gallery\/37-agradece-mate6\/Screenshot-2025-05-15-13.16.06.jpg\"\n                 style=\"max-height: 380px;\"\/>\n        <\/a>\n\n        <\/div> \n<div id=\"ngg-image-2\" class=\"ngg-gallery-slideshow-image\" style=\"height:400px\">\n\n        <a href=\"https:\/\/www.villaeducativa.edu.mx\/newspaper\/wp-content\/gallery\/37-agradece-mate6\/Screenshot-2025-05-15-13.16.10.jpg\"\n           title=\"\"\n           data-src=\"https:\/\/www.villaeducativa.edu.mx\/newspaper\/wp-content\/gallery\/37-agradece-mate6\/Screenshot-2025-05-15-13.16.10.jpg\"\n           data-thumbnail=\"https:\/\/www.villaeducativa.edu.mx\/newspaper\/wp-content\/gallery\/37-agradece-mate6\/thumbs\/thumbs_Screenshot-2025-05-15-13.16.10.jpg\"\n           data-image-id=\"63920\"\n           data-title=\"Screenshot-2025-05-15-13.16.10\"\n           data-description=\"\"\n           class=\"ngg-fancybox\" rel=\"a51d9feccfe2cd143c54d235bc7b9e56\">\n\n            <img data-image-id='63920'\n                 title=\"\"\n                 alt=\"Screenshot-2025-05-15-13.16.10\"\n                 src=\"https:\/\/www.villaeducativa.edu.mx\/newspaper\/wp-content\/gallery\/37-agradece-mate6\/Screenshot-2025-05-15-13.16.10.jpg\"\n                 style=\"max-height: 380px;\"\/>\n        <\/a>\n\n        <\/div> \n<\/div>\n\n\n\n\n\n\n\n<p><strong><em>\u201cLa gratitud convierte los problemas en lecciones y los errores en oportunidades.\u00bb<\/em><\/strong><\/p>\n\n\n\n<p><span class=\"has-inline-color has-vivid-cyan-blue-color\"><strong>Roc\u00edo V\u00e1zquez&nbsp;<\/strong><br><em>Lenguajes 6o grado<\/em><\/span><\/p>\n","protected":false},"excerpt":{"rendered":"<p>Las aulas de sexto a\u00f1o se convirtieron esta semana en un espacio de reconocimiento y afecto, gracias a una significativa actividad del \u00e1rea de socioemocional. Los alumnos dedicaron tiempo y palabras para expresar su profunda gratitud hacia los maestros que dejan una huella imborrable en su camino educativo.&nbsp; Miss Mary,&hellip; <\/p>\n","protected":false},"author":2,"featured_media":131860,"comment_status":"closed","ping_status":"closed","sticky":false,"template":"","format":"standard","meta":{"ngg_post_thumbnail":0},"categories":[3],"tags":[],"_links":{"self":[{"href":"https:\/\/www.villaeducativa.edu.mx\/newspaper\/index.php?rest_route=\/wp\/v2\/posts\/131842"}],"collection":[{"href":"https:\/\/www.villaeducativa.edu.mx\/newspaper\/index.php?rest_route=\/wp\/v2\/posts"}],"about":[{"href":"https:\/\/www.villaeducativa.edu.mx\/newspaper\/index.php?rest_route=\/wp\/v2\/types\/post"}],"author":[{"embeddable":true,"href":"https:\/\/www.villaeducativa.edu.mx\/newspaper\/index.php?rest_route=\/wp\/v2\/users\/2"}],"replies":[{"embeddable":true,"href":"https:\/\/www.villaeducativa.edu.mx\/newspaper\/index.php?rest_route=%2Fwp%2Fv2%2Fcomments&post=131842"}],"version-history":[{"count":4,"href":"https:\/\/www.villaeducativa.edu.mx\/newspaper\/index.php?rest_route=\/wp\/v2\/posts\/131842\/revisions"}],"predecessor-version":[{"id":131890,"href":"https:\/\/www.villaeducativa.edu.mx\/newspaper\/index.php?rest_route=\/wp\/v2\/posts\/131842\/revisions\/131890"}],"wp:featuredmedia":[{"embeddable":true,"href":"https:\/\/www.villaeducativa.edu.mx\/newspaper\/index.php?rest_route=\/wp\/v2\/media\/131860"}],"wp:attachment":[{"href":"https:\/\/www.villaeducativa.edu.mx\/newspaper\/index.php?rest_route=%2Fwp%2Fv2%2Fmedia&parent=131842"}],"wp:term":[{"taxonomy":"category","embeddable":true,"href":"https:\/\/www.villaeducativa.edu.mx\/newspaper\/index.php?rest_route=%2Fwp%2Fv2%2Fcategories&post=131842"},{"taxonomy":"post_tag","embeddable":true,"href":"https:\/\/www.villaeducativa.edu.mx\/newspaper\/index.php?rest_route=%2Fwp%2Fv2%2Ftags&post=131842"}],"curies":[{"name":"wp","href":"https:\/\/api.w.org\/{rel}","templated":true}]}}