{"id":131791,"date":"2025-05-20T07:30:00","date_gmt":"2025-05-20T12:30:00","guid":{"rendered":"https:\/\/www.villaeducativa.edu.mx\/newspaper\/?p=131791"},"modified":"2025-05-20T15:43:33","modified_gmt":"2025-05-20T20:43:33","slug":"musica-kinder-2-y-3","status":"publish","type":"post","link":"https:\/\/www.villaeducativa.edu.mx\/newspaper\/?p=131791","title":{"rendered":"M\u00fasica Kinder 2 y 3"},"content":{"rendered":"\n<p>\u00a1Nuestro Club de m\u00fasica est\u00e1 lleno de energ\u00eda con los peque\u00f1os de Kinder II y III! Los alumnos aprenden nuevas canciones para cantar y otras para tocar en el teclado, adem\u00e1s de practicar algunas peque\u00f1as coreograf\u00edas sobre animales al tiempo que cantan. Todo esto durante la preparaci\u00f3n de su divertido \u201cSafari Music Villa\u201d que ser\u00e1 el 30 de mayo.<\/p>\n\n\n\n<p>Estas actividades musicales son importantes para su desarrollo. Aprender canciones y tocar instrumentos ayuda a su memoria y coordinaci\u00f3n. Las coreograf\u00edas mejoran su movimiento y expresi\u00f3n corporal. Participar juntos fomenta la socializaci\u00f3n y la confianza, mientras que la m\u00fasica enriquece su lenguaje y creatividad. \u00a1El Safari Music Villa mostrar\u00e1 mucho de lo que han aprendido!<\/p>\n\n\n\n<div class=\"wp-block-columns\">\n<div class=\"wp-block-column\">\n<figure class=\"wp-block-image size-large\"><img loading=\"lazy\" width=\"800\" height=\"534\" src=\"https:\/\/www.villaeducativa.edu.mx\/newspaper\/wp-content\/uploads\/2025\/05\/prep1.jpg\" alt=\"\" class=\"wp-image-131792\" srcset=\"https:\/\/www.villaeducativa.edu.mx\/newspaper\/wp-content\/uploads\/2025\/05\/prep1.jpg 800w, https:\/\/www.villaeducativa.edu.mx\/newspaper\/wp-content\/uploads\/2025\/05\/prep1-300x200.jpg 300w, https:\/\/www.villaeducativa.edu.mx\/newspaper\/wp-content\/uploads\/2025\/05\/prep1-768x513.jpg 768w, https:\/\/www.villaeducativa.edu.mx\/newspaper\/wp-content\/uploads\/2025\/05\/prep1-600x401.jpg 600w\" sizes=\"(max-width: 800px) 100vw, 800px\" \/><\/figure>\n<\/div>\n\n\n\n<div class=\"wp-block-column\">\n<figure class=\"wp-block-image size-large\"><img loading=\"lazy\" width=\"800\" height=\"534\" src=\"https:\/\/www.villaeducativa.edu.mx\/newspaper\/wp-content\/uploads\/2025\/05\/prep2.jpg\" alt=\"\" class=\"wp-image-131793\" srcset=\"https:\/\/www.villaeducativa.edu.mx\/newspaper\/wp-content\/uploads\/2025\/05\/prep2.jpg 800w, https:\/\/www.villaeducativa.edu.mx\/newspaper\/wp-content\/uploads\/2025\/05\/prep2-300x200.jpg 300w, https:\/\/www.villaeducativa.edu.mx\/newspaper\/wp-content\/uploads\/2025\/05\/prep2-768x513.jpg 768w, https:\/\/www.villaeducativa.edu.mx\/newspaper\/wp-content\/uploads\/2025\/05\/prep2-600x401.jpg 600w\" sizes=\"(max-width: 800px) 100vw, 800px\" \/><\/figure>\n<\/div>\n<\/div>\n\n\n\n<p><strong><span class=\"has-inline-color has-vivid-cyan-blue-color\">Axel Ordaz<br><\/span><\/strong><span class=\"has-inline-color has-vivid-cyan-blue-color\"><em>M\u00fasica<\/em><\/span><\/p>\n","protected":false},"excerpt":{"rendered":"<p>\u00a1Nuestro Club de m\u00fasica est\u00e1 lleno de energ\u00eda con los peque\u00f1os de Kinder II y III! Los alumnos aprenden nuevas canciones para cantar y otras para tocar en el teclado, adem\u00e1s de practicar algunas peque\u00f1as coreograf\u00edas sobre animales al tiempo que cantan. Todo esto durante la preparaci\u00f3n de su divertido&hellip; <\/p>\n","protected":false},"author":2,"featured_media":131794,"comment_status":"closed","ping_status":"closed","sticky":false,"template":"","format":"standard","meta":{"ngg_post_thumbnail":0},"categories":[5],"tags":[],"_links":{"self":[{"href":"https:\/\/www.villaeducativa.edu.mx\/newspaper\/index.php?rest_route=\/wp\/v2\/posts\/131791"}],"collection":[{"href":"https:\/\/www.villaeducativa.edu.mx\/newspaper\/index.php?rest_route=\/wp\/v2\/posts"}],"about":[{"href":"https:\/\/www.villaeducativa.edu.mx\/newspaper\/index.php?rest_route=\/wp\/v2\/types\/post"}],"author":[{"embeddable":true,"href":"https:\/\/www.villaeducativa.edu.mx\/newspaper\/index.php?rest_route=\/wp\/v2\/users\/2"}],"replies":[{"embeddable":true,"href":"https:\/\/www.villaeducativa.edu.mx\/newspaper\/index.php?rest_route=%2Fwp%2Fv2%2Fcomments&post=131791"}],"version-history":[{"count":2,"href":"https:\/\/www.villaeducativa.edu.mx\/newspaper\/index.php?rest_route=\/wp\/v2\/posts\/131791\/revisions"}],"predecessor-version":[{"id":131905,"href":"https:\/\/www.villaeducativa.edu.mx\/newspaper\/index.php?rest_route=\/wp\/v2\/posts\/131791\/revisions\/131905"}],"wp:featuredmedia":[{"embeddable":true,"href":"https:\/\/www.villaeducativa.edu.mx\/newspaper\/index.php?rest_route=\/wp\/v2\/media\/131794"}],"wp:attachment":[{"href":"https:\/\/www.villaeducativa.edu.mx\/newspaper\/index.php?rest_route=%2Fwp%2Fv2%2Fmedia&parent=131791"}],"wp:term":[{"taxonomy":"category","embeddable":true,"href":"https:\/\/www.villaeducativa.edu.mx\/newspaper\/index.php?rest_route=%2Fwp%2Fv2%2Fcategories&post=131791"},{"taxonomy":"post_tag","embeddable":true,"href":"https:\/\/www.villaeducativa.edu.mx\/newspaper\/index.php?rest_route=%2Fwp%2Fv2%2Ftags&post=131791"}],"curies":[{"name":"wp","href":"https:\/\/api.w.org\/{rel}","templated":true}]}}