{"id":131780,"date":"2025-05-20T09:05:00","date_gmt":"2025-05-20T14:05:00","guid":{"rendered":"https:\/\/www.villaeducativa.edu.mx\/newspaper\/?p=131780"},"modified":"2025-05-20T14:09:46","modified_gmt":"2025-05-20T19:09:46","slug":"reto-1-kilo-de-residuos-por-alumno","status":"publish","type":"post","link":"https:\/\/www.villaeducativa.edu.mx\/newspaper\/?p=131780","title":{"rendered":"Reto: 1 kilo de residuos por alumno"},"content":{"rendered":"\n<p>Les recordamos a todas las familias que junten por lo menos 1 kilo de residuos al mes, el que sea menos estorboso o m\u00e1s f\u00e1cil de conseguir. Con 1 kilo que traiga cada uno de nuestros alumnos, llegar\u00edamos casi a la tonelada de reciclaje al mes, una meta muy ambiciosa y a la vez sencilla de cubrir. Anexamos la gu\u00eda de reciclaje para que vean que sencillo es juntar 1 kilo de residuos. Les recordamos que la recolecci\u00f3n es el <strong>27 de mayo.<\/strong><\/p>\n\n\n\n<div class=\"wp-block-image\"><figure class=\"aligncenter size-large is-resized\"><img loading=\"lazy\" src=\"https:\/\/www.villaeducativa.edu.mx\/newspaper\/wp-content\/uploads\/2025\/05\/promesa-mayo27-1024x1024.jpg\" alt=\"\" class=\"wp-image-131781\" width=\"391\" height=\"391\" srcset=\"https:\/\/www.villaeducativa.edu.mx\/newspaper\/wp-content\/uploads\/2025\/05\/promesa-mayo27-1024x1024.jpg 1024w, https:\/\/www.villaeducativa.edu.mx\/newspaper\/wp-content\/uploads\/2025\/05\/promesa-mayo27-300x300.jpg 300w, https:\/\/www.villaeducativa.edu.mx\/newspaper\/wp-content\/uploads\/2025\/05\/promesa-mayo27-150x150.jpg 150w, https:\/\/www.villaeducativa.edu.mx\/newspaper\/wp-content\/uploads\/2025\/05\/promesa-mayo27-768x768.jpg 768w, https:\/\/www.villaeducativa.edu.mx\/newspaper\/wp-content\/uploads\/2025\/05\/promesa-mayo27-600x600.jpg 600w, https:\/\/www.villaeducativa.edu.mx\/newspaper\/wp-content\/uploads\/2025\/05\/promesa-mayo27-100x100.jpg 100w, https:\/\/www.villaeducativa.edu.mx\/newspaper\/wp-content\/uploads\/2025\/05\/promesa-mayo27.jpg 1080w\" sizes=\"(max-width: 391px) 100vw, 391px\" \/><\/figure><\/div>\n\n\n\n<p>Los residuos deben venir separados por categor\u00eda:<\/p>\n\n\n\n<figure class=\"wp-block-image size-large\"><img src=\"http:\/\/www.villaeducativa.edu.mx\/newspaper\/wp-content\/uploads\/2024\/09\/Imagen-de-WhatsApp-2024-09-17-a-las-12.45.41_235c0b91-1024x575.jpg\" alt=\"\" class=\"wp-image-111964\"\/><\/figure>\n\n\n\n<p><strong>\u00bfPor qu\u00e9 reciclar?<\/strong><br>Recordemos que al reciclar, conservamos recursos naturales de nuestro planeta, disminuyendo la deforestaci\u00f3n y el uso de agua y energ\u00eda para producir nuevos productos. Adem\u00e1s, se reduce el uso de tiraderos de basura, lo cual evita la contaminaci\u00f3n del suelo y del agua, disminuyendo la emisi\u00f3n de gases de efecto invernadero.<\/p>\n\n\n\n<p>El reciclaje cierra el ciclo de vida de los productos, creando empleos y una econom\u00eda m\u00e1s sostenible y eficiente.&nbsp;<\/p>\n\n\n\n<p><strong>Cart\u00f3n de huevo, \u00bfPor qu\u00e9 no lo reciclamos?<\/strong><br>Porque ya est\u00e1 en su \u00faltima fase de reciclaje y ha perdido todas sus propiedades.<\/p>\n\n\n\n<p><strong>\u00bfQu\u00e9 residuos no aceptamos?<\/strong><\/p>\n\n\n\n<p>Recordemos que lo que recibimos son <strong>residuos<\/strong>, <strong>no basura<\/strong>. Favor de NO enviar:<\/p>\n\n\n\n\n\n<div class=\"ngg-galleryoverview ngg-slideshow\"\n\t id=\"ngg-slideshow-cdf2887009c47119fe74a2db1f4ccd12-21291988120\"\n     data-gallery-id=\"cdf2887009c47119fe74a2db1f4ccd12\"\n     style=\"max-width: 600px; max-height: 500px;\">\n\n \t<div id=\"ngg-image-0\" class=\"ngg-gallery-slideshow-image\" style=\"height:500px\">\n\n        <a href=\"https:\/\/www.villaeducativa.edu.mx\/newspaper\/wp-content\/gallery\/32-recoleccionresiduosvh\/Residuos.jpg\"\n           title=\"\"\n           data-src=\"https:\/\/www.villaeducativa.edu.mx\/newspaper\/wp-content\/gallery\/32-recoleccionresiduosvh\/Residuos.jpg\"\n           data-thumbnail=\"https:\/\/www.villaeducativa.edu.mx\/newspaper\/wp-content\/gallery\/32-recoleccionresiduosvh\/thumbs\/thumbs_Residuos.jpg\"\n           data-image-id=\"61199\"\n           data-title=\"Residuos\"\n           data-description=\"\"\n           class=\"ngg-fancybox\" rel=\"cdf2887009c47119fe74a2db1f4ccd12\">\n\n            <img data-image-id='61199'\n                 title=\"\"\n                 alt=\"Residuos\"\n                 src=\"https:\/\/www.villaeducativa.edu.mx\/newspaper\/wp-content\/gallery\/32-recoleccionresiduosvh\/Residuos.jpg\"\n                 style=\"max-height: 480px;\"\/>\n        <\/a>\n\n        <\/div> \n<div id=\"ngg-image-1\" class=\"ngg-gallery-slideshow-image\" style=\"height:500px\">\n\n        <a href=\"https:\/\/www.villaeducativa.edu.mx\/newspaper\/wp-content\/gallery\/32-recoleccionresiduosvh\/IMG-20250331-WA0005.jpg\"\n           title=\"\"\n           data-src=\"https:\/\/www.villaeducativa.edu.mx\/newspaper\/wp-content\/gallery\/32-recoleccionresiduosvh\/IMG-20250331-WA0005.jpg\"\n           data-thumbnail=\"https:\/\/www.villaeducativa.edu.mx\/newspaper\/wp-content\/gallery\/32-recoleccionresiduosvh\/thumbs\/thumbs_IMG-20250331-WA0005.jpg\"\n           data-image-id=\"61198\"\n           data-title=\"IMG-20250331-WA0005\"\n           data-description=\"\"\n           class=\"ngg-fancybox\" rel=\"cdf2887009c47119fe74a2db1f4ccd12\">\n\n            <img data-image-id='61198'\n                 title=\"\"\n                 alt=\"IMG-20250331-WA0005\"\n                 src=\"https:\/\/www.villaeducativa.edu.mx\/newspaper\/wp-content\/gallery\/32-recoleccionresiduosvh\/IMG-20250331-WA0005.jpg\"\n                 style=\"max-height: 480px;\"\/>\n        <\/a>\n\n        <\/div> \n<div id=\"ngg-image-2\" class=\"ngg-gallery-slideshow-image\" style=\"height:500px\">\n\n        <a href=\"https:\/\/www.villaeducativa.edu.mx\/newspaper\/wp-content\/gallery\/32-recoleccionresiduosvh\/IMG-20250331-WA0004.jpg\"\n           title=\"\"\n           data-src=\"https:\/\/www.villaeducativa.edu.mx\/newspaper\/wp-content\/gallery\/32-recoleccionresiduosvh\/IMG-20250331-WA0004.jpg\"\n           data-thumbnail=\"https:\/\/www.villaeducativa.edu.mx\/newspaper\/wp-content\/gallery\/32-recoleccionresiduosvh\/thumbs\/thumbs_IMG-20250331-WA0004.jpg\"\n           data-image-id=\"61202\"\n           data-title=\"IMG-20250331-WA0004\"\n           data-description=\"\"\n           class=\"ngg-fancybox\" rel=\"cdf2887009c47119fe74a2db1f4ccd12\">\n\n            <img data-image-id='61202'\n                 title=\"\"\n                 alt=\"IMG-20250331-WA0004\"\n                 src=\"https:\/\/www.villaeducativa.edu.mx\/newspaper\/wp-content\/gallery\/32-recoleccionresiduosvh\/IMG-20250331-WA0004.jpg\"\n                 style=\"max-height: 480px;\"\/>\n        <\/a>\n\n        <\/div> \n<div id=\"ngg-image-3\" class=\"ngg-gallery-slideshow-image\" style=\"height:500px\">\n\n        <a href=\"https:\/\/www.villaeducativa.edu.mx\/newspaper\/wp-content\/gallery\/32-recoleccionresiduosvh\/IMG-20250331-WA0006.jpg\"\n           title=\"\"\n           data-src=\"https:\/\/www.villaeducativa.edu.mx\/newspaper\/wp-content\/gallery\/32-recoleccionresiduosvh\/IMG-20250331-WA0006.jpg\"\n           data-thumbnail=\"https:\/\/www.villaeducativa.edu.mx\/newspaper\/wp-content\/gallery\/32-recoleccionresiduosvh\/thumbs\/thumbs_IMG-20250331-WA0006.jpg\"\n           data-image-id=\"61201\"\n           data-title=\"IMG-20250331-WA0006\"\n           data-description=\"\"\n           class=\"ngg-fancybox\" rel=\"cdf2887009c47119fe74a2db1f4ccd12\">\n\n            <img data-image-id='61201'\n                 title=\"\"\n                 alt=\"IMG-20250331-WA0006\"\n                 src=\"https:\/\/www.villaeducativa.edu.mx\/newspaper\/wp-content\/gallery\/32-recoleccionresiduosvh\/IMG-20250331-WA0006.jpg\"\n                 style=\"max-height: 480px;\"\/>\n        <\/a>\n\n        <\/div> \n<div id=\"ngg-image-4\" class=\"ngg-gallery-slideshow-image\" style=\"height:500px\">\n\n        <a href=\"https:\/\/www.villaeducativa.edu.mx\/newspaper\/wp-content\/gallery\/32-recoleccionresiduosvh\/IMG-20250331-WA0003.jpg\"\n           title=\"\"\n           data-src=\"https:\/\/www.villaeducativa.edu.mx\/newspaper\/wp-content\/gallery\/32-recoleccionresiduosvh\/IMG-20250331-WA0003.jpg\"\n           data-thumbnail=\"https:\/\/www.villaeducativa.edu.mx\/newspaper\/wp-content\/gallery\/32-recoleccionresiduosvh\/thumbs\/thumbs_IMG-20250331-WA0003.jpg\"\n           data-image-id=\"61200\"\n           data-title=\"IMG-20250331-WA0003\"\n           data-description=\"\"\n           class=\"ngg-fancybox\" rel=\"cdf2887009c47119fe74a2db1f4ccd12\">\n\n            <img data-image-id='61200'\n                 title=\"\"\n                 alt=\"IMG-20250331-WA0003\"\n                 src=\"https:\/\/www.villaeducativa.edu.mx\/newspaper\/wp-content\/gallery\/32-recoleccionresiduosvh\/IMG-20250331-WA0003.jpg\"\n                 style=\"max-height: 480px;\"\/>\n        <\/a>\n\n        <\/div> \n<\/div>\n\n\n\n\n\n\n\n<p><strong><span class=\"has-inline-color has-vivid-cyan-blue-color\">Adriana Esparza<br><\/span><\/strong><span class=\"has-inline-color has-vivid-cyan-blue-color\"><em>Servicios Escolares<\/em><\/span><\/p>\n","protected":false},"excerpt":{"rendered":"<p>Les recordamos a todas las familias que junten por lo menos 1 kilo de residuos al mes, el que sea menos estorboso o m\u00e1s f\u00e1cil de conseguir. Con 1 kilo que traiga cada uno de nuestros alumnos, llegar\u00edamos casi a la tonelada de reciclaje al mes, una meta muy ambiciosa&hellip; <\/p>\n","protected":false},"author":2,"featured_media":131782,"comment_status":"closed","ping_status":"closed","sticky":false,"template":"","format":"standard","meta":{"ngg_post_thumbnail":0},"categories":[17],"tags":[],"_links":{"self":[{"href":"https:\/\/www.villaeducativa.edu.mx\/newspaper\/index.php?rest_route=\/wp\/v2\/posts\/131780"}],"collection":[{"href":"https:\/\/www.villaeducativa.edu.mx\/newspaper\/index.php?rest_route=\/wp\/v2\/posts"}],"about":[{"href":"https:\/\/www.villaeducativa.edu.mx\/newspaper\/index.php?rest_route=\/wp\/v2\/types\/post"}],"author":[{"embeddable":true,"href":"https:\/\/www.villaeducativa.edu.mx\/newspaper\/index.php?rest_route=\/wp\/v2\/users\/2"}],"replies":[{"embeddable":true,"href":"https:\/\/www.villaeducativa.edu.mx\/newspaper\/index.php?rest_route=%2Fwp%2Fv2%2Fcomments&post=131780"}],"version-history":[{"count":2,"href":"https:\/\/www.villaeducativa.edu.mx\/newspaper\/index.php?rest_route=\/wp\/v2\/posts\/131780\/revisions"}],"predecessor-version":[{"id":131882,"href":"https:\/\/www.villaeducativa.edu.mx\/newspaper\/index.php?rest_route=\/wp\/v2\/posts\/131780\/revisions\/131882"}],"wp:featuredmedia":[{"embeddable":true,"href":"https:\/\/www.villaeducativa.edu.mx\/newspaper\/index.php?rest_route=\/wp\/v2\/media\/131782"}],"wp:attachment":[{"href":"https:\/\/www.villaeducativa.edu.mx\/newspaper\/index.php?rest_route=%2Fwp%2Fv2%2Fmedia&parent=131780"}],"wp:term":[{"taxonomy":"category","embeddable":true,"href":"https:\/\/www.villaeducativa.edu.mx\/newspaper\/index.php?rest_route=%2Fwp%2Fv2%2Fcategories&post=131780"},{"taxonomy":"post_tag","embeddable":true,"href":"https:\/\/www.villaeducativa.edu.mx\/newspaper\/index.php?rest_route=%2Fwp%2Fv2%2Ftags&post=131780"}],"curies":[{"name":"wp","href":"https:\/\/api.w.org\/{rel}","templated":true}]}}