{"id":131617,"date":"2025-05-20T09:40:00","date_gmt":"2025-05-20T14:40:00","guid":{"rendered":"https:\/\/www.villaeducativa.edu.mx\/newspaper\/?p=131617"},"modified":"2025-05-20T14:07:43","modified_gmt":"2025-05-20T19:07:43","slug":"dia-de-la-familia-2025","status":"publish","type":"post","link":"https:\/\/www.villaeducativa.edu.mx\/newspaper\/?p=131617","title":{"rendered":"D\u00eda de la Familia 2025"},"content":{"rendered":"\n<p>Reciban un cordial saludo de la direcci\u00f3n y de todo el equipo de Happy Kinder, Villa Educativa y Villa High. Nos dirigimos a ustedes con gran entusiasmo para compartir los detalles de nuestro pr\u00f3ximo evento del <strong>D\u00eda de la Familia<\/strong>, un espacio que estamos preparando con mucho cari\u00f1o para fortalecer los lazos de nuestra comunidad escolar y disfrutar de momentos inolvidables.<\/p>\n\n\n\n<p>Este a\u00f1o, la celebraci\u00f3n tendr\u00e1 un toque art\u00edstico muy especial, donde recordaremos los festivales m\u00e1s emblem\u00e1ticos que hemos tenido en estos 50 a\u00f1os. Sus hijos e hijas estar\u00e1n trabajando arduamente bajo la gu\u00eda de una talentosa <strong>core\u00f3grafa profesional<\/strong> y un <strong>director musical<\/strong>, quienes est\u00e1n preparando presentaciones de baile y ensambles musicales que estamos seguros los sorprender\u00e1n y llenar\u00e1n de orgullo.<\/p>\n\n\n\n<p>Ser\u00e1 una oportunidad \u00fanica para apreciar el talento y la dedicaci\u00f3n de nuestros alumnos, quienes ponen su coraz\u00f3n en cada movimiento y cada nota musical.&nbsp;<\/p>\n\n\n\n<p>Despu\u00e9s de las presentaciones, contaremos con un espacio para que toda la familia pueda tomarse fotos y compartir un bocadillo.<\/p>\n\n\n\n<p>Los eventos se realizar\u00e1n en las instalaciones de <em>Villa High<\/em> de la siguiente manera:<\/p>\n\n\n\n<p><strong>Happy Kinder<\/strong>&nbsp;<br><em>Viernes 27 de junio<\/em><\/p>\n\n\n\n<ul><li>11:00 hrs. <strong>K1<\/strong> A-B (14 alumnos), <strong>K2A<\/strong>, <strong>K3A<\/strong><\/li><li>12:30 hrs. <strong>K1<\/strong> A-B (13), <strong>K2B<\/strong>, <strong>K3B<\/strong><\/li><li>14:00 hrs. <strong>K1<\/strong> A-B (13), <strong>K2C<\/strong>, <strong>K3C<\/strong><\/li><\/ul>\n\n\n\n<p><strong>Villa Educativa&nbsp;<\/strong><br><em>Jueves 26 de junio<\/em><\/p>\n\n\n\n<ul><li>8:00 hrs. <strong>1C, 2C, 3C<\/strong><\/li><li>9:15 hrs. <strong>1D, 2D, 3D<\/strong><\/li><li>10:30 hrs. <strong>4A, 5A, 6A<\/strong><\/li><li>11:45 hrs. <strong>4B, 5B, 6B<\/strong><\/li><li>13:00 hrs. <strong>4C <\/strong>(13 alumnos)<strong>, 5C, 6C<\/strong><\/li><li>14:15 hrs. <strong>4C <\/strong>(13 alumnos)<strong>, 5D, 6D<\/strong><\/li><\/ul>\n\n\n\n<p><em>Viernes 27 de junio<\/em><\/p>\n\n\n\n<ul><li>8:00 hrs. <strong>1A, 2A, 3A<\/strong><\/li><li>9:15 hrs. <strong>1B, 2B, 3B<\/strong><\/li><\/ul>\n\n\n\n<p><strong>Villa High<\/strong><br><em>Mi\u00e9rcoles 25 de junio<\/em><\/p>\n\n\n\n<ul><li>8:00 hrs. <strong>1A, 2A, 3A<\/strong><\/li><li>9:30 hrs. <strong>1B, 2B, 3B<\/strong><\/li><li>11:00 hrs. <strong>1C, 2C, 3C<\/strong><\/li><li>12:30 hrs. <strong>1D, 2D, 3D<\/strong><\/li><\/ul>\n\n\n\n<p>Cada alumno cuenta con <strong>4 boletos<\/strong>. Durante la semana les enviaremos por mail las especificaciones de los vestuarios que sus hijos utilizar\u00e1n. Los alumnos se presentar\u00e1n 15 minutos antes del evento y se retirar\u00e1n con ustedes al finalizar el mismo.<\/p>\n\n\n\n<p>Les extendemos una c\u00e1lida invitaci\u00f3n a ser parte de este hermoso evento. Su presencia es muy importante para nosotros y para sus hijos, quienes estar\u00e1n felices de compartir su esfuerzo y talento con sus seres queridos.<\/p>\n\n\n\n<p><strong><span class=\"has-inline-color has-vivid-cyan-blue-color\">Lorena Esparza<br>Directora General<\/span><\/strong><\/p>\n","protected":false},"excerpt":{"rendered":"<p>Reciban un cordial saludo de la direcci\u00f3n y de todo el equipo de Happy Kinder, Villa Educativa y Villa High. Nos dirigimos a ustedes con gran entusiasmo para compartir los detalles de nuestro pr\u00f3ximo evento del D\u00eda de la Familia, un espacio que estamos preparando con mucho cari\u00f1o para fortalecer&hellip; <\/p>\n","protected":false},"author":2,"featured_media":131618,"comment_status":"closed","ping_status":"closed","sticky":false,"template":"","format":"standard","meta":{"ngg_post_thumbnail":0},"categories":[17],"tags":[],"_links":{"self":[{"href":"https:\/\/www.villaeducativa.edu.mx\/newspaper\/index.php?rest_route=\/wp\/v2\/posts\/131617"}],"collection":[{"href":"https:\/\/www.villaeducativa.edu.mx\/newspaper\/index.php?rest_route=\/wp\/v2\/posts"}],"about":[{"href":"https:\/\/www.villaeducativa.edu.mx\/newspaper\/index.php?rest_route=\/wp\/v2\/types\/post"}],"author":[{"embeddable":true,"href":"https:\/\/www.villaeducativa.edu.mx\/newspaper\/index.php?rest_route=\/wp\/v2\/users\/2"}],"replies":[{"embeddable":true,"href":"https:\/\/www.villaeducativa.edu.mx\/newspaper\/index.php?rest_route=%2Fwp%2Fv2%2Fcomments&post=131617"}],"version-history":[{"count":2,"href":"https:\/\/www.villaeducativa.edu.mx\/newspaper\/index.php?rest_route=\/wp\/v2\/posts\/131617\/revisions"}],"predecessor-version":[{"id":131880,"href":"https:\/\/www.villaeducativa.edu.mx\/newspaper\/index.php?rest_route=\/wp\/v2\/posts\/131617\/revisions\/131880"}],"wp:featuredmedia":[{"embeddable":true,"href":"https:\/\/www.villaeducativa.edu.mx\/newspaper\/index.php?rest_route=\/wp\/v2\/media\/131618"}],"wp:attachment":[{"href":"https:\/\/www.villaeducativa.edu.mx\/newspaper\/index.php?rest_route=%2Fwp%2Fv2%2Fmedia&parent=131617"}],"wp:term":[{"taxonomy":"category","embeddable":true,"href":"https:\/\/www.villaeducativa.edu.mx\/newspaper\/index.php?rest_route=%2Fwp%2Fv2%2Fcategories&post=131617"},{"taxonomy":"post_tag","embeddable":true,"href":"https:\/\/www.villaeducativa.edu.mx\/newspaper\/index.php?rest_route=%2Fwp%2Fv2%2Ftags&post=131617"}],"curies":[{"name":"wp","href":"https:\/\/api.w.org\/{rel}","templated":true}]}}