{"id":131594,"date":"2025-05-20T08:00:40","date_gmt":"2025-05-20T13:00:40","guid":{"rendered":"https:\/\/www.villaeducativa.edu.mx\/newspaper\/?p=131594"},"modified":"2025-05-20T15:11:17","modified_gmt":"2025-05-20T20:11:17","slug":"convocatoria-rockfest-y-dance-off-2025","status":"publish","type":"post","link":"https:\/\/www.villaeducativa.edu.mx\/newspaper\/?p=131594","title":{"rendered":"Convocatoria RockFest y Dance Off 2025"},"content":{"rendered":"\n<p>Se abren las inscripciones para el RockFest y Dance Off 2025. El evento se llevar\u00e1 a cabo en las instalaciones de Villa High el lunes 14 de julio. Horario por confirmar.<\/p>\n\n\n\n<p>Si su hijo desea participar, es importante que lean el reglamento adjunto en PDF. Despu\u00e9s&nbsp;deber\u00e1 llenar el siguiente formulario&nbsp;a m\u00e1s&nbsp;tardar&nbsp;el mi\u00e9rcoles 28 de mayo.<\/p>\n\n\n\n<p><img loading=\"lazy\" width=\"30\" height=\"30\" class=\"wp-image-11947\" style=\"width: 30px;\" src=\"http:\/\/www.villaeducativa.edu.mx\/newspaper\/wp-content\/uploads\/2016\/08\/icopdf.jpg\" alt=\"\"> <a href=\"http:\/\/www.villaeducativa.edu.mx\/formatos\/RockFest-Dance-2025.pdf\" target=\"_blank\" rel=\"noreferrer noopener\"><strong><em><span class=\"has-inline-color has-vivid-cyan-blue-color\">Reglamento RockFest y Dance Off 2025<\/span><\/em><\/strong><\/a><\/p>\n\n\n\n<p><img loading=\"lazy\" width=\"300\" height=\"300\" class=\"wp-image-47677\" style=\"width: 30px;\" src=\"http:\/\/www.villaeducativa.edu.mx\/newspaper\/wp-content\/uploads\/2020\/09\/form-google-surveys-google-docs-opinion-poll-google.png\" alt=\"\" srcset=\"https:\/\/www.villaeducativa.edu.mx\/newspaper\/wp-content\/uploads\/2020\/09\/form-google-surveys-google-docs-opinion-poll-google.png 300w, https:\/\/www.villaeducativa.edu.mx\/newspaper\/wp-content\/uploads\/2020\/09\/form-google-surveys-google-docs-opinion-poll-google-150x150.png 150w, https:\/\/www.villaeducativa.edu.mx\/newspaper\/wp-content\/uploads\/2020\/09\/form-google-surveys-google-docs-opinion-poll-google-100x100.png 100w\" sizes=\"(max-width: 300px) 100vw, 300px\" \/><a rel=\"noreferrer noopener\" href=\"https:\/\/forms.gle\/QCp98b2VUDr75Jx28\" target=\"_blank\"><strong><em><span class=\"has-inline-color has-vivid-cyan-blue-color\">Formulario de registro<\/span><\/em><\/strong><\/a><\/p>\n\n\n\n<p>El RockFest y Dance Off son eventos muy bonitos para concluir el ciclo escolar, donde nuestros maravillosos alumnos muestran sus talentos art\u00edsticos. \u00a1Espero verlos ah\u00ed!<\/p>\n\n\n\n<p><strong><span class=\"has-inline-color has-vivid-cyan-blue-color\">James Abad<br><\/span><\/strong><span class=\"has-inline-color has-vivid-cyan-blue-color\"><em>Villa High Principal<\/em><\/span><\/p>\n","protected":false},"excerpt":{"rendered":"<p>Se abren las inscripciones para el RockFest y Dance Off 2025. El evento se llevar\u00e1 a cabo en las instalaciones de Villa High el lunes 14 de julio. Horario por confirmar. Si su hijo desea participar, es importante que lean el reglamento adjunto en PDF. Despu\u00e9s&nbsp;deber\u00e1 llenar el siguiente formulario&nbsp;a&hellip; <\/p>\n","protected":false},"author":2,"featured_media":131864,"comment_status":"closed","ping_status":"closed","sticky":false,"template":"","format":"standard","meta":{"ngg_post_thumbnail":0},"categories":[4],"tags":[],"_links":{"self":[{"href":"https:\/\/www.villaeducativa.edu.mx\/newspaper\/index.php?rest_route=\/wp\/v2\/posts\/131594"}],"collection":[{"href":"https:\/\/www.villaeducativa.edu.mx\/newspaper\/index.php?rest_route=\/wp\/v2\/posts"}],"about":[{"href":"https:\/\/www.villaeducativa.edu.mx\/newspaper\/index.php?rest_route=\/wp\/v2\/types\/post"}],"author":[{"embeddable":true,"href":"https:\/\/www.villaeducativa.edu.mx\/newspaper\/index.php?rest_route=\/wp\/v2\/users\/2"}],"replies":[{"embeddable":true,"href":"https:\/\/www.villaeducativa.edu.mx\/newspaper\/index.php?rest_route=%2Fwp%2Fv2%2Fcomments&post=131594"}],"version-history":[{"count":2,"href":"https:\/\/www.villaeducativa.edu.mx\/newspaper\/index.php?rest_route=\/wp\/v2\/posts\/131594\/revisions"}],"predecessor-version":[{"id":131865,"href":"https:\/\/www.villaeducativa.edu.mx\/newspaper\/index.php?rest_route=\/wp\/v2\/posts\/131594\/revisions\/131865"}],"wp:featuredmedia":[{"embeddable":true,"href":"https:\/\/www.villaeducativa.edu.mx\/newspaper\/index.php?rest_route=\/wp\/v2\/media\/131864"}],"wp:attachment":[{"href":"https:\/\/www.villaeducativa.edu.mx\/newspaper\/index.php?rest_route=%2Fwp%2Fv2%2Fmedia&parent=131594"}],"wp:term":[{"taxonomy":"category","embeddable":true,"href":"https:\/\/www.villaeducativa.edu.mx\/newspaper\/index.php?rest_route=%2Fwp%2Fv2%2Fcategories&post=131594"},{"taxonomy":"post_tag","embeddable":true,"href":"https:\/\/www.villaeducativa.edu.mx\/newspaper\/index.php?rest_route=%2Fwp%2Fv2%2Ftags&post=131594"}],"curies":[{"name":"wp","href":"https:\/\/api.w.org\/{rel}","templated":true}]}}